{"id":10056,"date":"2024-10-06T22:36:56","date_gmt":"2024-10-06T20:36:56","guid":{"rendered":"https:\/\/www.marvinchen.de\/olgas_welt\/blog\/?p=10056"},"modified":"2024-10-06T22:36:56","modified_gmt":"2024-10-06T20:36:56","slug":"carstens-gastbeitrag-es-war-ein-schoener-urlaub","status":"publish","type":"post","link":"https:\/\/www.marvinchen.de\/olgas_welt\/blog\/2024\/10\/carstens-gastbeitrag-es-war-ein-schoener-urlaub\/","title":{"rendered":"Carstens Gastbeitrag: Es war ein sch\u00f6ner Urlaub"},"content":{"rendered":"<p>Diesmal gibt es eine ganz einfache Erkl\u00e4rung f\u00fcr die lange Pause hier bei den Blogeintr\u00e4gen: wir waren fast die ganze Zeit nicht zuhause! Denn die letzten 1,5 Monate sind wir zu dritt insgesamt 7104 km nord-s\u00fcd durch Europa gefahren &#8230; naja, zumindest durch die L\u00e4nder Frankreich, Luxemburg, \u00d6sterreich und die Schweiz. Ich werde mit meinem Gastbeitrag allerdings nur einen ersten kleinen Ersteinblick in alle Urlaubsdestinationen geben, die n\u00e4chsten Eintr\u00e4ge beleuchten dann jedes (Haupt-)Ziel einzeln und bringen auch viel mehr Fotos und Eindr\u00fccke mit &#8211; nat\u00fcrlich immer mit Schwerpunkt auf Stephanie.<\/p>\n<p style=\"text-align: center;\"><img loading=\"lazy\" decoding=\"async\" class=\"aligncenter size-full wp-image-10067\" src=\"https:\/\/www.marvinchen.de\/olgas_welt\/blog\/wp-content\/uploads\/2024\/10\/IMG_20240913_1647001.jpg\" alt=\"\" width=\"560\" height=\"570\" srcset=\"https:\/\/www.marvinchen.de\/olgas_welt\/blog\/wp-content\/uploads\/2024\/10\/IMG_20240913_1647001.jpg 560w, https:\/\/www.marvinchen.de\/olgas_welt\/blog\/wp-content\/uploads\/2024\/10\/IMG_20240913_1647001-300x305.jpg 300w\" sizes=\"auto, (max-width: 560px) 100vw, 560px\" \/><\/p>\n<p>Wir starteten also schon Ende August mit Sack und Pack, mit dem Suzuki und Claudi Blue sowie der <a href=\"https:\/\/www.autohero.com\/de\/kaufberatung\/dachbox-kaufen-worauf-achten\/\" target=\"_blank\" rel=\"noopener\">Dachbox<\/a> (vom Kind immer wieder liebevoll als Miniauto tituliert) ab in den S\u00fcden von Frankreich. Ein befreundetes P\u00e4rchen aus Hamburg hatte uns n\u00e4mlich zu deren europ\u00e4isch-<a href=\"https:\/\/de.wikipedia.org\/wiki\/Komoren\" target=\"_blank\" rel=\"noopener\">komorischen<\/a> Hochzeit auf ein ehemaliges Weingut (diese hei\u00dfen dort Domaine) in die N\u00e4he von Avignon eingeladen. Wir sind die ca. 1.400 km jeweils an zwei Tagen gefahren, beide Male mit Zwischenstopp in Trier. Auf der Hinreise von rund 600 km noch inklusive Besuch der Porta Nigra &#8230;<\/p>\n<p style=\"text-align: center;\"><img loading=\"lazy\" decoding=\"async\" class=\"aligncenter size-full wp-image-10058\" src=\"https:\/\/www.marvinchen.de\/olgas_welt\/blog\/wp-content\/uploads\/2024\/10\/IMG_20240821_1713375.jpg\" alt=\"\" width=\"560\" height=\"420\" srcset=\"https:\/\/www.marvinchen.de\/olgas_welt\/blog\/wp-content\/uploads\/2024\/10\/IMG_20240821_1713375.jpg 560w, https:\/\/www.marvinchen.de\/olgas_welt\/blog\/wp-content\/uploads\/2024\/10\/IMG_20240821_1713375-300x225.jpg 300w\" sizes=\"auto, (max-width: 560px) 100vw, 560px\" \/><\/p>\n<p>&#8230; und des Geburtshauses von Karl Marx, &#8230;<\/p>\n<p style=\"text-align: center;\"><img loading=\"lazy\" decoding=\"async\" class=\"aligncenter size-full wp-image-10059\" src=\"https:\/\/www.marvinchen.de\/olgas_welt\/blog\/wp-content\/uploads\/2024\/10\/IMG_20240821_1830209.jpg\" alt=\"\" width=\"560\" height=\"560\" srcset=\"https:\/\/www.marvinchen.de\/olgas_welt\/blog\/wp-content\/uploads\/2024\/10\/IMG_20240821_1830209.jpg 560w, https:\/\/www.marvinchen.de\/olgas_welt\/blog\/wp-content\/uploads\/2024\/10\/IMG_20240821_1830209-300x300.jpg 300w\" sizes=\"auto, (max-width: 560px) 100vw, 560px\" \/><\/p>\n<p>&#8230; auf der R\u00fcckreise nach ungef\u00e4hr 800 km nur noch, um v\u00f6llig platt im Hotel ins Bett zu fallen. Aber die Hochzeitsfeierlichkeiten von Donnerstag bis Sonntag mitsamt ihren v\u00f6llig unterschiedlichen Traditionen waren total interessant: am Freitag europ\u00e4isch &#8222;bieder&#8220; mit Bestuhlung und Rede, &#8230;<\/p>\n<p style=\"text-align: center;\"><img loading=\"lazy\" decoding=\"async\" class=\"aligncenter size-full wp-image-10060\" src=\"https:\/\/www.marvinchen.de\/olgas_welt\/blog\/wp-content\/uploads\/2024\/10\/IMG_20240823_1902720.jpg\" alt=\"\" width=\"560\" height=\"420\" srcset=\"https:\/\/www.marvinchen.de\/olgas_welt\/blog\/wp-content\/uploads\/2024\/10\/IMG_20240823_1902720.jpg 560w, https:\/\/www.marvinchen.de\/olgas_welt\/blog\/wp-content\/uploads\/2024\/10\/IMG_20240823_1902720-300x225.jpg 300w\" sizes=\"auto, (max-width: 560px) 100vw, 560px\" \/><\/p>\n<p>&#8230; am Samstag komorisch &#8222;bunt&#8220; mit einer Art Parade und viel Tanz.<\/p>\n<p style=\"text-align: center;\"><img loading=\"lazy\" decoding=\"async\" class=\"aligncenter size-full wp-image-10061\" src=\"https:\/\/www.marvinchen.de\/olgas_welt\/blog\/wp-content\/uploads\/2024\/10\/IMG_20240824_1836001.jpg\" alt=\"\" width=\"560\" height=\"420\" srcset=\"https:\/\/www.marvinchen.de\/olgas_welt\/blog\/wp-content\/uploads\/2024\/10\/IMG_20240824_1836001.jpg 560w, https:\/\/www.marvinchen.de\/olgas_welt\/blog\/wp-content\/uploads\/2024\/10\/IMG_20240824_1836001-300x225.jpg 300w\" sizes=\"auto, (max-width: 560px) 100vw, 560px\" \/><\/p>\n<p>Nebenbei konnten wir nach dem Abschiedsbrunch am Sonntag sogar noch einen kleinen Abstecher ans Mittelmeer machen &#8211; Olgas Gesicht strahlte dabei fast mehr als die Sonne die ganze Zeit &nbsp; &nbsp;\ud83d\ude42<\/p>\n<p style=\"text-align: center;\"><img loading=\"lazy\" decoding=\"async\" class=\"aligncenter size-full wp-image-10062\" src=\"https:\/\/www.marvinchen.de\/olgas_welt\/blog\/wp-content\/uploads\/2024\/10\/IMG_20240825_1456947.jpg\" alt=\"\" width=\"560\" height=\"420\" srcset=\"https:\/\/www.marvinchen.de\/olgas_welt\/blog\/wp-content\/uploads\/2024\/10\/IMG_20240825_1456947.jpg 560w, https:\/\/www.marvinchen.de\/olgas_welt\/blog\/wp-content\/uploads\/2024\/10\/IMG_20240825_1456947-300x225.jpg 300w\" sizes=\"auto, (max-width: 560px) 100vw, 560px\" \/><\/p>\n<p>Und auf der R\u00fcckfahrt zum Hotel \u00fcber die mittelalterliche Festungsstadt <a href=\"https:\/\/de.wikipedia.org\/wiki\/Aigues-Mortes\" target=\"_blank\" rel=\"noopener\">Aigues Mortes<\/a> konnten wir sogar noch an einem entsprechenden Stadtfest teilnehmen:<\/p>\n<p style=\"text-align: center;\"><img loading=\"lazy\" decoding=\"async\" class=\"aligncenter size-full wp-image-10063\" src=\"https:\/\/www.marvinchen.de\/olgas_welt\/blog\/wp-content\/uploads\/2024\/10\/IMG_20240825_1850220.jpg\" alt=\"\" width=\"560\" height=\"650\" srcset=\"https:\/\/www.marvinchen.de\/olgas_welt\/blog\/wp-content\/uploads\/2024\/10\/IMG_20240825_1850220.jpg 560w, https:\/\/www.marvinchen.de\/olgas_welt\/blog\/wp-content\/uploads\/2024\/10\/IMG_20240825_1850220-300x348.jpg 300w\" sizes=\"auto, (max-width: 560px) 100vw, 560px\" \/><\/p>\n<p>Keine Sorge, Stephanie wurde trotz ihres komischen Fortbewegungsmittels doch schnell wieder freigelassen &nbsp; &nbsp;\ud83d\ude09<\/p>\n<p>Nach unserer Heimkehr in den Norden sowie nur 1,5 Wochen Arbeiten im Home-Office\/B\u00fcro folgte in einem Rutsch unser Urlaub zu dritt am Bodensee (2 Wochen FeWo in Lochau \/ \u00d6sterreich), in Dresden (1 Woche im Hotel) und in Essen (Hotel\u00fcbernachtung) bzw. D\u00fcsseldorf (Besuch einer Reha-Messe) &#8211; auch dies mehr als erholsam und super erfolgreich.<\/p>\n<p>Am Bodensee konnten wir mal so richtig ohne Alltagsgedanken die Seele baumeln lassen und in den lieben, langen Tag hineinleben. Denn wir waren aufgrund der Ferienwohnung an der deutsch-\u00f6sterreichischen Grenze und unserer ungewohnt spontanen Tagesplanung niemals wirklich im Stress und erkundeten so ganz nebenbei die <a href=\"https:\/\/de.wikipedia.org\/wiki\/D-A-CH\" target=\"_blank\" rel=\"noopener\">DACH<\/a>-Gegend per Auto, Schiff &#8230;<\/p>\n<p style=\"text-align: center;\"><img loading=\"lazy\" decoding=\"async\" class=\"aligncenter size-full wp-image-10068\" src=\"https:\/\/www.marvinchen.de\/olgas_welt\/blog\/wp-content\/uploads\/2024\/10\/IMG_20240918_1701838.jpg\" alt=\"\" width=\"560\" height=\"420\" srcset=\"https:\/\/www.marvinchen.de\/olgas_welt\/blog\/wp-content\/uploads\/2024\/10\/IMG_20240918_1701838.jpg 560w, https:\/\/www.marvinchen.de\/olgas_welt\/blog\/wp-content\/uploads\/2024\/10\/IMG_20240918_1701838-300x225.jpg 300w\" sizes=\"auto, (max-width: 560px) 100vw, 560px\" \/><\/p>\n<p>&#8230; und zu Fu\u00df\/im Rolli. Unsere Touren f\u00fchrten uns u.a. nach Bregenz (A), Schaffhausen (CH), Konstanz &amp; auf die Insel Mainau (D), &#8230;<\/p>\n<p style=\"text-align: center;\"><img loading=\"lazy\" decoding=\"async\" class=\"aligncenter size-full wp-image-10064\" src=\"https:\/\/www.marvinchen.de\/olgas_welt\/blog\/wp-content\/uploads\/2024\/10\/IMG_20240909_1735006.jpg\" alt=\"\" width=\"560\" height=\"420\" srcset=\"https:\/\/www.marvinchen.de\/olgas_welt\/blog\/wp-content\/uploads\/2024\/10\/IMG_20240909_1735006.jpg 560w, https:\/\/www.marvinchen.de\/olgas_welt\/blog\/wp-content\/uploads\/2024\/10\/IMG_20240909_1735006-300x225.jpg 300w\" sizes=\"auto, (max-width: 560px) 100vw, 560px\" \/><\/p>\n<p>&#8230; Friedrichshafen (D), Salem (D), Ravensburg (D) und nach Lindau (D) sowie zu den entsprechenden Touristenzielen <a href=\"https:\/\/rheinfall.ch\/\" target=\"_blank\" rel=\"noopener\">Rheinfall<\/a>, &#8230;<\/p>\n<p style=\"text-align: center;\"><img loading=\"lazy\" decoding=\"async\" class=\"aligncenter size-full wp-image-10066\" src=\"https:\/\/www.marvinchen.de\/olgas_welt\/blog\/wp-content\/uploads\/2024\/10\/IMG_20240912_1157002.jpg\" alt=\"\" width=\"560\" height=\"420\" srcset=\"https:\/\/www.marvinchen.de\/olgas_welt\/blog\/wp-content\/uploads\/2024\/10\/IMG_20240912_1157002.jpg 560w, https:\/\/www.marvinchen.de\/olgas_welt\/blog\/wp-content\/uploads\/2024\/10\/IMG_20240912_1157002-300x225.jpg 300w\" sizes=\"auto, (max-width: 560px) 100vw, 560px\" \/><\/p>\n<p>&#8230; <a href=\"https:\/\/smilestones.ch\/\" target=\"_blank\" rel=\"noopener\">Swiss Mile Stones Miniaturwelt<\/a>, <a href=\"https:\/\/www.museum-ravensburger.de\/\" target=\"_blank\" rel=\"noopener\">Spielemuseum<\/a>, <a href=\"https:\/\/www.affenberg-salem.de\/\" target=\"_blank\" rel=\"noopener\">Affenberg<\/a>, &#8230;<\/p>\n<p style=\"text-align: center;\"><img loading=\"lazy\" decoding=\"async\" class=\"aligncenter size-full wp-image-10065\" src=\"https:\/\/www.marvinchen.de\/olgas_welt\/blog\/wp-content\/uploads\/2024\/10\/IMG_20240910_1503800.jpg\" alt=\"\" width=\"560\" height=\"420\" srcset=\"https:\/\/www.marvinchen.de\/olgas_welt\/blog\/wp-content\/uploads\/2024\/10\/IMG_20240910_1503800.jpg 560w, https:\/\/www.marvinchen.de\/olgas_welt\/blog\/wp-content\/uploads\/2024\/10\/IMG_20240910_1503800-300x225.jpg 300w\" sizes=\"auto, (max-width: 560px) 100vw, 560px\" \/><\/p>\n<p>&#8230; <a href=\"https:\/\/www.inatura.at\/\" target=\"_blank\" rel=\"noopener\">Inatura-Museum<\/a>, mit einer Seilbahn auf den <a href=\"https:\/\/www.pfaenderbahn.at\/\" target=\"_blank\" rel=\"noopener\">Berg Pf\u00e4nder<\/a> u.v.m.<\/p>\n<p style=\"text-align: center;\"><img loading=\"lazy\" decoding=\"async\" class=\"aligncenter size-full wp-image-10069\" src=\"https:\/\/www.marvinchen.de\/olgas_welt\/blog\/wp-content\/uploads\/2024\/10\/IMG_20240919_1712207.jpg\" alt=\"\" width=\"560\" height=\"420\" srcset=\"https:\/\/www.marvinchen.de\/olgas_welt\/blog\/wp-content\/uploads\/2024\/10\/IMG_20240919_1712207.jpg 560w, https:\/\/www.marvinchen.de\/olgas_welt\/blog\/wp-content\/uploads\/2024\/10\/IMG_20240919_1712207-300x225.jpg 300w\" sizes=\"auto, (max-width: 560px) 100vw, 560px\" \/><\/p>\n<p>Wir hatten zudem mit dem Wetter soooo viel Gl\u00fcck gehabt, denn der Osten von \u00d6sterreich und s\u00fcdliche Teile von Deutschland sind laut Nachrichten ja regelrecht abgesoffen. Unsere Indoor- und Outdooraktivit\u00e4ten lie\u00dfen sich Dank <a href=\"https:\/\/www.yr.no\/en\" target=\"_blank\" rel=\"noopener\">Wetter-App<\/a> (z.B. fiel am \u00f6stlichen Bodensee Regen, w\u00e4hrend der westliche Teil aber trocken blieb) aber perfekt mit den vorherrschenden Sonnen-, Wolken- und Regensituationen abstimmen, sodass wir nie pitschnass wurden und am Ende auch wirklich alle im Vorfeld geplanten Dinge erfolgreich untergebracht werden konnten. Anfangs hatten wir dabei echt unsere Zweifel &#8230;<\/p>\n<p>Von dort unten aus ging es dann direkt nach Dresden, um fast an jedem Tag Familie, Freunde, &#8230;<\/p>\n<p style=\"text-align: center;\"><img loading=\"lazy\" decoding=\"async\" class=\"aligncenter size-full wp-image-10071\" src=\"https:\/\/www.marvinchen.de\/olgas_welt\/blog\/wp-content\/uploads\/2024\/10\/IMG_20240923_1209874.jpg\" alt=\"\" width=\"560\" height=\"670\" srcset=\"https:\/\/www.marvinchen.de\/olgas_welt\/blog\/wp-content\/uploads\/2024\/10\/IMG_20240923_1209874.jpg 560w, https:\/\/www.marvinchen.de\/olgas_welt\/blog\/wp-content\/uploads\/2024\/10\/IMG_20240923_1209874-300x359.jpg 300w\" sizes=\"auto, (max-width: 560px) 100vw, 560px\" \/><\/p>\n<p>&#8230; Bekannte, Arbeitskollegen und\/oder ehemalige Begleiter aus unserer ca. 20-j\u00e4hrigen Zeit Anfang der 2000er zu treffen. Dabei konnten wir nicht nur den Geschmack kulinarischer Leckereien aus dieser Region auffrischen (D\u00f6ner vom ehemaligen <a href=\"https:\/\/www.google.de\/maps\/place\/Sultan+Kebap+Haus\/@51.0449622,13.775318,17z\/data=!3m1!4b1!4m6!3m5!1s0x4709c8afaaaa105d:0x288c16d2eee7a314!8m2!3d51.0449589!4d13.7778929!16s%2Fg%2F11g8k3f9yv?entry=ttu&amp;g_ep=EgoyMDI0MTAwMi4xIKXMDSoASAFQAw%3D%3D\" target=\"_blank\" rel=\"noopener\">Haus&amp;Hof-D\u00f6nermann<\/a>, &#8230;<\/p>\n<p style=\"text-align: center;\"><img loading=\"lazy\" decoding=\"async\" class=\"aligncenter size-full wp-image-10070\" src=\"https:\/\/www.marvinchen.de\/olgas_welt\/blog\/wp-content\/uploads\/2024\/10\/IMG_20240920_1604279.jpg\" alt=\"\" width=\"560\" height=\"420\" srcset=\"https:\/\/www.marvinchen.de\/olgas_welt\/blog\/wp-content\/uploads\/2024\/10\/IMG_20240920_1604279.jpg 560w, https:\/\/www.marvinchen.de\/olgas_welt\/blog\/wp-content\/uploads\/2024\/10\/IMG_20240920_1604279-300x225.jpg 300w\" sizes=\"auto, (max-width: 560px) 100vw, 560px\" \/><\/p>\n<p>&#8230; <a href=\"https:\/\/de.wikipedia.org\/wiki\/Topfwurst\" target=\"_blank\" rel=\"noopener\">Gr\u00fctzwurst a.k.a. Tote Oma<\/a>, <a href=\"https:\/\/de.wikipedia.org\/wiki\/W%C3%BCrzfleisch\" target=\"_blank\" rel=\"noopener\">W\u00fcrzfleisch mit Worcestersauce<\/a>, <a href=\"https:\/\/de.wikipedia.org\/wiki\/Eierschecke\" target=\"_blank\" rel=\"noopener\">Eierschecke<\/a>, &#8230;), sondern endlich auch unsere Corona-bedingt ausgefallenen Festivit\u00e4ten nachholen: der Abschied in 2020 weil Aufbruch in den Hohen Norden und Olgas 50. Geburtstag im November 2020. Ergo nannten wir unsere Feier an dem einen Samstag passenderweise &#8222;Die OLCAs laden ein zu 100 Jahre &amp; Abschied&#8220; &#8211; mein aktueller 50. Geburtstag plus Olgas 50. von damals und unser Wegzug aus Sachsen vor mehr als vier Jahren. Es war so unsagbar sch\u00f6n, wieder einmal die lieben Leute aus der Dresdner Zeit um sich herum zu versammeln. Am Abend des Vortages gelang es mir sogar, ganz viele ehemalige Kollegen aus dem Uniklinikum zu einem Wiedersehen in den <a href=\"https:\/\/www.schillergarten.de\/\" target=\"_blank\" rel=\"noopener\">Biergarten am Blauen Wunder<\/a> zu locken &#8230; trotz Hochwasser und ein paar Tage zuvor eingest\u00fcrzter <a href=\"https:\/\/de.wikipedia.org\/wiki\/Carolabr%C3%BCcke_(Dresden)\" target=\"_blank\" rel=\"noopener\">Carolabr\u00fccke<\/a>. Zum Ende unseres Sachsenaufenthaltes blieb uns sogar noch Zeit, mit Stephanie bei herrlichstem Sp\u00e4tsommerwetter in die <a href=\"https:\/\/www.saechsische-schweiz.de\/\" target=\"_blank\" rel=\"noopener\">S\u00e4chsische Schweiz<\/a> zu fahren, um z.B. die <a href=\"https:\/\/de.wikipedia.org\/wiki\/Bastei_(Fels)\" target=\"_blank\" rel=\"noopener\">Basteiaussicht<\/a> &#8230;<\/p>\n<p style=\"text-align: center;\"><img loading=\"lazy\" decoding=\"async\" class=\"aligncenter size-full wp-image-10072\" src=\"https:\/\/www.marvinchen.de\/olgas_welt\/blog\/wp-content\/uploads\/2024\/10\/IMG_20240925_1305001.jpg\" alt=\"\" width=\"560\" height=\"420\" srcset=\"https:\/\/www.marvinchen.de\/olgas_welt\/blog\/wp-content\/uploads\/2024\/10\/IMG_20240925_1305001.jpg 560w, https:\/\/www.marvinchen.de\/olgas_welt\/blog\/wp-content\/uploads\/2024\/10\/IMG_20240925_1305001-300x225.jpg 300w\" sizes=\"auto, (max-width: 560px) 100vw, 560px\" \/><\/p>\n<p>&#8230; zu genie\u00dfen oder ein Picknick mit Blick auf den <a href=\"https:\/\/de.wikipedia.org\/wiki\/Lilienstein\" target=\"_blank\" rel=\"noopener\">Lilienstein<\/a> haben zu k\u00f6nnen.<\/p>\n<p>F\u00fcr den R\u00fcckweg am Ende unserer Urlaubstage bogen wir noch einmal kurz in den Westen ab, denn wir wollten noch in D\u00fcsseldorf den Besuch auf der <a href=\"https:\/\/www.rehacare.de\/\" target=\"_blank\" rel=\"noopener\">Messe Rehacare<\/a> mitnehmen &#8211; und dieser kleine Umweg hat sich f\u00fcr uns alle mehr als gelohnt! Neben weiteren kulinarischen (Wieder-)Entdeckungen in Essen a. d. Ruhr (<a href=\"https:\/\/www.google.de\/maps\/place\/Pizzeria+Salvatore\/@51.4765869,6.9521902,17z\/data=!4m14!1m7!3m6!1s0x47b8c276311abfc1:0x6e2dc55f97d8101d!2sPizzeria+Salvatore!8m2!3d51.4765836!4d6.9547651!16s%2Fg%2F11c54_mkv3!3m5!1s0x47b8c276311abfc1:0x6e2dc55f97d8101d!8m2!3d51.4765836!4d6.9547651!16s%2Fg%2F11c54_mkv3?entry=ttu&amp;g_ep=EgoyMDI0MTAwMi4xIKXMDSoASAFQAw%3D%3D\" target=\"_blank\" rel=\"noopener\">Pizzabr\u00f6tchen mit Kr\u00e4uterbutter &amp; ein bislang f\u00fcr mich perfekter Gemischter Salat<\/a> &#8230;<\/p>\n<p style=\"text-align: center;\"><img loading=\"lazy\" decoding=\"async\" class=\"aligncenter size-full wp-image-10073\" src=\"https:\/\/www.marvinchen.de\/olgas_welt\/blog\/wp-content\/uploads\/2024\/10\/IMG_20240926_1656393.jpg\" alt=\"\" width=\"560\" height=\"420\" srcset=\"https:\/\/www.marvinchen.de\/olgas_welt\/blog\/wp-content\/uploads\/2024\/10\/IMG_20240926_1656393.jpg 560w, https:\/\/www.marvinchen.de\/olgas_welt\/blog\/wp-content\/uploads\/2024\/10\/IMG_20240926_1656393-300x225.jpg 300w\" sizes=\"auto, (max-width: 560px) 100vw, 560px\" \/><\/p>\n<p>&#8230; plus ein f\u00fcr uns neues <a href=\"https:\/\/www.facebook.com\/p\/Gaziantep-BURMA-Baklava-100060918705049\" target=\"_blank\" rel=\"noopener\">Baklava-Highlight<\/a>) und vielen n\u00fctzlichen Infos und Eindr\u00fccken auf der Reha-Messe, staubten wir dort zudem einen ganz neuen Satz Schwalbe-Reifen ab (die alten hatten einen Konstruktionsfehler am Mantel) und trafen finale Entscheidungen f\u00fcr Stephanies n\u00e4chstes Fortbewegungshilfsmittel: es wird nun ein Zugrad\/Handbike von <a href=\"https:\/\/www.triride.me\/\" target=\"_blank\" rel=\"noopener\">Triride<\/a> werden. Mal sehen, ob wir bis Ende des Jahres noch eine Lieferung hinbekommen &#8230;<\/p>\n<p>Stephanie durfte hier sogar mal so richtig an die Decke gehen!!! &nbsp; &nbsp;\ud83d\ude09<\/p>\n<p style=\"text-align: center;\"><img loading=\"lazy\" decoding=\"async\" class=\"aligncenter size-full wp-image-10074\" src=\"https:\/\/www.marvinchen.de\/olgas_welt\/blog\/wp-content\/uploads\/2024\/10\/IMG_20240927_1250004.jpg\" alt=\"\" width=\"560\" height=\"747\" srcset=\"https:\/\/www.marvinchen.de\/olgas_welt\/blog\/wp-content\/uploads\/2024\/10\/IMG_20240927_1250004.jpg 560w, https:\/\/www.marvinchen.de\/olgas_welt\/blog\/wp-content\/uploads\/2024\/10\/IMG_20240927_1250004-300x400.jpg 300w\" sizes=\"auto, (max-width: 560px) 100vw, 560px\" \/><\/p>\n<p>Tja, und die eine Woche zuhause inklusive Wochenende und Feiertag verbachten wir neben Geldverdienen u.a. mit W\u00e4sche waschen, dem Sichten und Sortieren von \u00fcber 5.000 Fotos, dem Ausf\u00fcllen amtlicher Formulare (es trudelten gleich zwei Briefe mit mehreren DinA4-Seiten f\u00fcr die Weiterzahlung von Geldern ein), dem Erledigen notwendig gewordener Dinge f\u00fcr unser <a href=\"https:\/\/www.americandream.de\/\" target=\"_blank\" rel=\"noopener\">Projekt Greencard<\/a> (ja, wir haben sie dieses Jahr endlich gewonnen!!!), der Reparatur st\u00f6rrischer Technik, der Beantwortung zahlreicher Emails (aufgrund meines runden Geburtstages vor allem meinereiner) und dem Koordinieren unseres wieder vorherrschenden Arbeitszeiten mit und ohne Kind.<\/p>\n<p>Wir sind jetzt jedenfalls wieder ganz und gar im Alltag angekommen (nur etwas erholter), Stephanie verbringt weiterhin ihre Zeit zwischen Mittwochnachmittag und Sonntagabend bei uns (Lerntherapien am DO &amp; FR) statt im Pflegezentrum (Logo, Ergo &amp; Physio am MO, DI &amp; MI), wir werkeln gemeinsam an weiteren Fortschritten auf dem Weg ihrer Genesung (da ist sicherlich noch sehr viel Luft nach oben, aber wir haben auch noch so einiges in Planung) und wir versuchen mit aller Kraft, hier noch die letzten Ausl\u00e4ufer des Sommers in vollen Z\u00fcgen zu genie\u00dfen, denn im Norden allgemein bzw. bei uns im Speziellen ist Regen zum Gl\u00fcck noch nur eine nebens\u00e4chliche Begleiterscheinung zum tollen Wolkenspiel und recht vielen Sonnenstunden. Nur die Temperaturen haben sich merklich abgek\u00fchlt.<\/p>\n<p>Damit seid ihr nun einmal von mir kurz auf den aktuellen Stand bei den OLCAs und bei Stephanies Entwicklung gebracht worden. Die n\u00e4chsten vier Blogeintr\u00e4ge (Themenaufteilung Frankreich, Bodensee, Dresden &amp; Reha-Messe) werden sicherlich nicht mehr so lange auf sich warten lassen &#8211; man darf also gespannt sein. Habt einen ruhigen Start in die n\u00e4chste Woche &#8211; f\u00fcr Stephanies Weg der Genesung ist dies immerhin schon die Nummer 213.<\/p>\n<p>Ach ja, und wieder denke ich beim Schreiben dieses Blogeintrags mit Wehmut an diesen Moment zur\u00fcck: mein erster Biss in diesen superleckeren D\u00f6ner!!!!!!!!!!!!!!!<\/p>\n<div align=\"center\">\n<div style=\"width: 560px;\" class=\"wp-video\"><video class=\"wp-video-shortcode\" id=\"video-10056-1\" width=\"560\" height=\"420\" preload=\"metadata\" controls=\"controls\"><source type=\"video\/mp4\" src=\"https:\/\/www.marvinchen.de\/olgas_welt\/blog\/wp-content\/uploads\/2024\/10\/MOV_20240920_1558404.mp4?_=1\" \/><a href=\"https:\/\/www.marvinchen.de\/olgas_welt\/blog\/wp-content\/uploads\/2024\/10\/MOV_20240920_1558404.mp4\">https:\/\/www.marvinchen.de\/olgas_welt\/blog\/wp-content\/uploads\/2024\/10\/MOV_20240920_1558404.mp4<\/a><\/video><\/div>\n<\/div>\n<p>&nbsp;<br \/>\nDoch wir werden auch weiterhin immer mal nach Dresden bzw. in die alte Heimat kommen &#8230; schon alleine daf\u00fcr!<\/p>\n","protected":false},"excerpt":{"rendered":"<p>Diesmal gibt es eine ganz einfache Erkl\u00e4rung f\u00fcr die lange Pause hier bei den Blogeintr\u00e4gen: wir waren fast die ganze Zeit nicht zuhause! Denn die letzten 1,5 Monate sind wir zu dritt insgesamt 7104 km nord-s\u00fcd durch Europa gefahren &#8230; naja, zumindest durch die L\u00e4nder Frankreich, Luxemburg, \u00d6sterreich und die Schweiz. Ich werde mit meinem [&hellip;]<\/p>\n","protected":false},"author":3,"featured_media":0,"comment_status":"open","ping_status":"closed","sticky":false,"template":"","format":"standard","meta":{"ngg_post_thumbnail":0,"footnotes":""},"categories":[4,373,1,2217],"tags":[3332,1961,3333,14,326,2122,27,260,789,3335,584,3329,3330,3334,773,15,3328,3331,21],"class_list":["post-10056","post","type-post","status-publish","format-standard","hentry","category-freud-und-leid","category-gaeste-ergreifen-das-wort","category-olca-und-stan","category-stephanies-genesung","tag-aigues-mortes","tag-bei-salvatore","tag-bodensee","tag-carsten","tag-doner","tag-doenermann","tag-dresden","tag-essen","tag-frankreich","tag-greencard","tag-hochzeit","tag-komorisch","tag-provence","tag-rehacare","tag-sachsische-schweiz","tag-stephanie","tag-stina-und-david","tag-trier","tag-urlaub"],"_links":{"self":[{"href":"https:\/\/www.marvinchen.de\/olgas_welt\/blog\/wp-json\/wp\/v2\/posts\/10056","targetHints":{"allow":["GET"]}}],"collection":[{"href":"https:\/\/www.marvinchen.de\/olgas_welt\/blog\/wp-json\/wp\/v2\/posts"}],"about":[{"href":"https:\/\/www.marvinchen.de\/olgas_welt\/blog\/wp-json\/wp\/v2\/types\/post"}],"author":[{"embeddable":true,"href":"https:\/\/www.marvinchen.de\/olgas_welt\/blog\/wp-json\/wp\/v2\/users\/3"}],"replies":[{"embeddable":true,"href":"https:\/\/www.marvinchen.de\/olgas_welt\/blog\/wp-json\/wp\/v2\/comments?post=10056"}],"version-history":[{"count":0,"href":"https:\/\/www.marvinchen.de\/olgas_welt\/blog\/wp-json\/wp\/v2\/posts\/10056\/revisions"}],"wp:attachment":[{"href":"https:\/\/www.marvinchen.de\/olgas_welt\/blog\/wp-json\/wp\/v2\/media?parent=10056"}],"wp:term":[{"taxonomy":"category","embeddable":true,"href":"https:\/\/www.marvinchen.de\/olgas_welt\/blog\/wp-json\/wp\/v2\/categories?post=10056"},{"taxonomy":"post_tag","embeddable":true,"href":"https:\/\/www.marvinchen.de\/olgas_welt\/blog\/wp-json\/wp\/v2\/tags?post=10056"}],"curies":[{"name":"wp","href":"https:\/\/api.w.org\/{rel}","templated":true}]}}