{"id":1013,"date":"2012-10-03T21:16:04","date_gmt":"2012-10-03T19:16:04","guid":{"rendered":"http:\/\/www.marvinchen.de\/olgas_welt\/blog\/?p=1013"},"modified":"2012-10-03T21:16:04","modified_gmt":"2012-10-03T19:16:04","slug":"ein-feiertag-ist-nicht-nur-zum-feiern-da","status":"publish","type":"post","link":"https:\/\/www.marvinchen.de\/olgas_welt\/blog\/2012\/10\/ein-feiertag-ist-nicht-nur-zum-feiern-da\/","title":{"rendered":"Ein Feiertag ist nicht nur zum Feiern da"},"content":{"rendered":"<p>Diesmal gibt es statt einer langen Arbeitswoche sozusagen zwei kurze. Ein Feiertag am Mittwoch ersetzt das Bergfest, verwirrt das Zeitgef\u00fchl, macht aber dabei unglaublich viel Spa\u00df, denn so kommt einem schon der Dienstag als Freitag vor\u00a0\u00a0\u00a0\u00a0\u00a0\ud83d\ude09<\/p>\n<p>Die Bewohner der Casa OLCA haben sich schon vor einigen Tagen darauf geeinigt, diese freie Zeit f\u00fcr einen Spielenachmittag zu nutzen. Da zu dritt spielen irgendwie doof ist, haben wir uns noch etwas Verst\u00e4rkung geholt und Andrea mit Karl und Krissi eingeladen. Leider konnte Krissi am Ende aus gesundheitlichen Gr\u00fcnden doch nicht kommen, aber My, welche kurzfristig einspringen konnte, hat diese leere Spielerstelle super ausgef\u00fcllt.<\/p>\n<p>Den Vormittag\u00a0nutzten Carsten und ich f\u00fcr weitere Bastelarbeiten im Haus und Garten. Ich habe die wuchernde Minze in meinem Beet komplett runtergeschnitten und zwei Blumen im Vorgarten eingepflanzt. Carsten\u00a0hing w\u00e4hrenddessen weitere Vorhangschienen f\u00fcr meine Fotoecke im WorkShopRaum auf. Danach hatte er genug Zeit und Ruhe mich bei etwas zu beobachten und helfend einzugreifen, was\u00a0ich\u00a0heute\u00a0zum allerersten Mal in meinem Leben getan habe: Ein IKEA-M\u00f6belst\u00fcck eigenh\u00e4ndig zusammenzubauen!<\/p>\n<p>Es ist zwar nur ein Stuhl, aber ich bin sehr stolz darauf und pr\u00e4sentiere ihn nun der \u00d6ffentlichkeit.<\/p>\n<p>Gestatten, hier ist Olgas Ivar:<\/p>\n<p style=\"text-align: center;\"><a href=\"https:\/\/www.marvinchen.de\/olgas_welt\/blog\/2012\/10\/ein-feiertag-ist-nicht-nur-zum-feiern-da\/ivar\/\" rel=\"attachment wp-att-1014\"><img loading=\"lazy\" decoding=\"async\" class=\"aligncenter  wp-image-1014\" src=\"https:\/\/www.marvinchen.de\/olgas_welt\/blog\/wp-content\/uploads\/2012\/10\/ivar.jpg\" alt=\"\" width=\"373\" height=\"560\" srcset=\"https:\/\/www.marvinchen.de\/olgas_welt\/blog\/wp-content\/uploads\/2012\/10\/ivar.jpg 533w, https:\/\/www.marvinchen.de\/olgas_welt\/blog\/wp-content\/uploads\/2012\/10\/ivar-300x450.jpg 300w\" sizes=\"auto, (max-width: 373px) 100vw, 373px\" \/><\/a><\/p>\n<p style=\"text-align: left;\">Nach getaner Arbeit habe ich noch schnell einen Blech mit Hackfleischkuchen in den Ofen geschoben, welchen wir als Vorbereitung f\u00fcr den besagten Spielenachmittag mit unseren G\u00e4sten assen.<\/p>\n<p style=\"text-align: left;\">Ab da hatten wir unglaublich viel Spa\u00df bei diversen Spielen: &#8222;Alles Tomate&#8220; und &#8222;Alles Trolli&#8220; (zwei moderne Memory-Variationen f\u00fcr Erwachsene), das gute alte\u00a0&#8222;Activity&#8220;\u00a0in der Reisevariante und dem Kartenspiel &#8222;Stadt, Land, Fluss&#8220;. Im Anschluss daran\u00a0ist\u00a0die\u00a0Jugend noch zu einem aktiveren Part \u00fcbergegangen\u00a0und tanzte zu viert querbeet durch unsere\u00a0Wii-Spielesammlung\u00a0&#8222;Just Dance 1-4&#8220;.<\/p>\n<p style=\"text-align: left;\">Bei so viel Erfolg im Werkeln und Spa\u00df beim Spielen verging unser Tag wie im Flug &#8230;\u00a0ich hoffe, ihr habt den freien Tag genau so kurzweilig verbracht wie wir\u00a0\u00a0\u00a0\u00a0\u00a0\ud83d\ude42\u00a0\u00a0\u00a0\u00a0 jetzt nur noch zwei Tage arbeiten gehen und dann schon wieder Freizeit geniessen k\u00f6nnen\u00a0\u00a0\u00a0\u00a0\u00a0\ud83d\ude00<\/p>\n","protected":false},"excerpt":{"rendered":"<p>Diesmal gibt es statt einer langen Arbeitswoche sozusagen zwei kurze. Ein Feiertag am Mittwoch ersetzt das Bergfest, verwirrt das Zeitgef\u00fchl, macht aber dabei unglaublich viel Spa\u00df, denn so kommt einem schon der Dienstag als Freitag vor\u00a0\u00a0\u00a0\u00a0\u00a0\ud83d\ude09 Die Bewohner der Casa OLCA haben sich schon vor einigen Tagen darauf geeinigt, diese freie Zeit f\u00fcr einen Spielenachmittag [&hellip;]<\/p>\n","protected":false},"author":3,"featured_media":0,"comment_status":"open","ping_status":"closed","sticky":false,"template":"","format":"standard","meta":{"ngg_post_thumbnail":0,"footnotes":""},"categories":[6,5,4,7,1],"tags":[16,759,14,546,241,801,800,13,472,15],"class_list":["post-1013","post","type-post","status-publish","format-standard","hentry","category-ackern-und-werkeln","category-essen-und-trinken","category-freud-und-leid","category-freunde-und-co","category-olca-und-stan","tag-andrea","tag-arbeiten","tag-carsten","tag-feiertag","tag-garten","tag-ikea","tag-karl","tag-olga","tag-spielen","tag-stephanie"],"_links":{"self":[{"href":"https:\/\/www.marvinchen.de\/olgas_welt\/blog\/wp-json\/wp\/v2\/posts\/1013","targetHints":{"allow":["GET"]}}],"collection":[{"href":"https:\/\/www.marvinchen.de\/olgas_welt\/blog\/wp-json\/wp\/v2\/posts"}],"about":[{"href":"https:\/\/www.marvinchen.de\/olgas_welt\/blog\/wp-json\/wp\/v2\/types\/post"}],"author":[{"embeddable":true,"href":"https:\/\/www.marvinchen.de\/olgas_welt\/blog\/wp-json\/wp\/v2\/users\/3"}],"replies":[{"embeddable":true,"href":"https:\/\/www.marvinchen.de\/olgas_welt\/blog\/wp-json\/wp\/v2\/comments?post=1013"}],"version-history":[{"count":0,"href":"https:\/\/www.marvinchen.de\/olgas_welt\/blog\/wp-json\/wp\/v2\/posts\/1013\/revisions"}],"wp:attachment":[{"href":"https:\/\/www.marvinchen.de\/olgas_welt\/blog\/wp-json\/wp\/v2\/media?parent=1013"}],"wp:term":[{"taxonomy":"category","embeddable":true,"href":"https:\/\/www.marvinchen.de\/olgas_welt\/blog\/wp-json\/wp\/v2\/categories?post=1013"},{"taxonomy":"post_tag","embeddable":true,"href":"https:\/\/www.marvinchen.de\/olgas_welt\/blog\/wp-json\/wp\/v2\/tags?post=1013"}],"curies":[{"name":"wp","href":"https:\/\/api.w.org\/{rel}","templated":true}]}}