{"id":102,"date":"2008-12-20T14:03:56","date_gmt":"2008-12-20T12:03:56","guid":{"rendered":"http:\/\/www.marvinchen.de\/olgas_welt\/blog\/?p=102"},"modified":"2009-05-03T12:34:28","modified_gmt":"2009-05-03T10:34:28","slug":"das-jahr-geht-zu-neige","status":"publish","type":"post","link":"https:\/\/www.marvinchen.de\/olgas_welt\/blog\/2008\/12\/das-jahr-geht-zu-neige\/","title":{"rendered":"Das Jahr geht zu Neige &#8230;"},"content":{"rendered":"<p>Es macht sich inzwischen sehr stark bemerkbar, dass das Jahr nicht mehr sehr viele Tage \u00fcbrig hat. Am Montag hatte ich zum letzten Mal meine Hebr\u00e4isch-Stunde f\u00fcr 2008, am Dienstag meinen letzten Sp\u00e4tdienst, am Freitag meinen letzten Arbeitstag und heute wird es wohl die letzte \u00f6ffentliche Weihnachtsfeier sein, verbunden mit der letzten Runde Browniesb\u00e4ckerei.<\/p>\n<p>Gestern gab es aber auch etwas zum ersten Mal: Carsten und ich trafen uns mit einem P\u00e4rchen aus dem Bekanntenkreis, um zu viert durch die Dresdner Weihnachtsm\u00e4rkte zu bummeln. Angefangen haben wir mit dem mittelalterlichen im Stallhof. Dieses Jahr fand ich ihn eher n\u00fcchtern, sein ganzer Zauber der vergangenen Jahre fehlte&#8230; Die Ursache daf\u00fcr ist klar: der Brand im letzten Jahr. Dieser hat bei vielen H\u00e4ndlern die Existenz wenn nicht zerst\u00f6rt, dann zumindest gef\u00e4hrdet, die Fassade vom Stallhof hat sehr unter dem Feuer gelitten und seine Pracht ist leider immer noch nicht vollst\u00e4ndig hergestellt &#8211; als Konsequenz aus dem Ungl\u00fcck gab es dieses Jahr kaum noch offenes Feuer. In den Jahren davor gab es in dem gesamten Areal kein elektrisches Licht, daf\u00fcr aber wesentlich mehr bunte St\u00e4nde mit allerlei Waren, welche auf dem Striezelmarkt nicht zu finden sind. Diese Atmosph\u00e4re hat einen Besucher regelrecht verzaubert und in eine andere Welt versetzt. Ich fand es schade und hoffe sehr, dass man im n\u00e4chsten Jahr wieder einen mittelalterlichen Weihnachtsmarkt besuchen kann, welcher sich besser in die Reihen seiner Vorg\u00e4nger einf\u00fcgt.<\/p>\n<p>Den n\u00e4chsten Schwung von Weihnachtsstimmung holten wir uns in der M\u00fcnzgasse. Man hatte die Auswahl zwischen Bratwurst, Bratwurst und Bratwurst an den drei St\u00e4nden im Umkreis von sagen wir 2 Metern. Zum Gl\u00fcck gab es auch eine kleine Bude, wo Carsten sich ein Sch\u00e4lchen Gulaschsuppe kaufen konnte und ich eines mit Erbsensuppe bekam. Wir haben doch extra nichts zu Hause gegessen, um uns auf dem Weihnachtsmarkt den Bauch vollschlagen zu k\u00f6nnen ;0). Die H\u00e4ndler in der M\u00fcnzgasse haben sich sehr gut auf die wohl zahlreichen russischsprachigen Besucher eingestellt, denn einige Aufsteller haben die Gerichte (vor allen Dingen die Bratwurst ;0) ) nicht nur in Deutsch und Englisch angepriesen, sondern eben auch in Russisch.<\/p>\n<p>Alle guten Dinge sind, wie man wei\u00df, drei und danach gingen wir zum dritten, wohl weltweit bekanntesten Dresdner Weihnachtsmarkt &#8211; dem Striezelmarkt. Hier bin ich auf Fl\u00fcssignahrung umgestiegen und habe Heidelbeer- und Apfel-Zimt-Gl\u00fchweine ausprobiert. Die Heidelbeervariante gefiel mir eindeutig besser :0) .<\/p>\n<p>Leider mussten die Striezelmarktbuden bereits um 21:00 Uhr p\u00fcnktlich zumachen, dabei haben wir unsere Weihnachtsm\u00e4rkterunde erst ca. 19:00 angefangen. So haben wir nur einen fl\u00fcchtigen Blick \u00fcber diesj\u00e4hrige Auswahl bekommen k\u00f6nnen.<\/p>\n<p>Unsere Bekannten beschlo\u00dfen danach noch in die Wei\u00dfe Gasse (Dresdner Kneipenviertel auf der Altst\u00e4dter Seite) zum Italiener zu gehen, wir als Familienemenschen gingen nach Hause zu unseren Kindern.<\/p>\n<p>Carsten und ich waren sehr \u00fcberrascht, dass auf allen drei M\u00e4rkten f\u00fcr einen Freitagabend sehr wenig Besuch unterwegs war. Ob man auf diesem Wege bereits die Auswirkungen der Finanzkrise zu sp\u00fcren bekommt?<\/p>\n","protected":false},"excerpt":{"rendered":"<p>Es macht sich inzwischen sehr stark bemerkbar, dass das Jahr nicht mehr sehr viele Tage \u00fcbrig hat. Am Montag hatte ich zum letzten Mal meine Hebr\u00e4isch-Stunde f\u00fcr 2008, am Dienstag meinen letzten Sp\u00e4tdienst, am Freitag meinen letzten Arbeitstag und heute wird es wohl die letzte \u00f6ffentliche Weihnachtsfeier sein, verbunden mit der letzten Runde Browniesb\u00e4ckerei. Gestern [&hellip;]<\/p>\n","protected":false},"author":3,"featured_media":0,"comment_status":"open","ping_status":"open","sticky":false,"template":"","format":"standard","meta":{"ngg_post_thumbnail":0,"footnotes":""},"categories":[3,5,7,17],"tags":[16,302,299,14,301,296,298,13,297,15,300,114],"class_list":["post-102","post","type-post","status-publish","format-standard","hentry","category-ausfluege-und-reisen","category-essen-und-trinken","category-freunde-und-co","category-kauderwelsch-und-muttersprache","tag-andrea","tag-besuch","tag-bratwurst","tag-carsten","tag-gluhwein","tag-jahr","tag-munzgasse","tag-olga","tag-stallhof","tag-stephanie","tag-striezelmarkt","tag-weihnachtsmarkt"],"_links":{"self":[{"href":"https:\/\/www.marvinchen.de\/olgas_welt\/blog\/wp-json\/wp\/v2\/posts\/102","targetHints":{"allow":["GET"]}}],"collection":[{"href":"https:\/\/www.marvinchen.de\/olgas_welt\/blog\/wp-json\/wp\/v2\/posts"}],"about":[{"href":"https:\/\/www.marvinchen.de\/olgas_welt\/blog\/wp-json\/wp\/v2\/types\/post"}],"author":[{"embeddable":true,"href":"https:\/\/www.marvinchen.de\/olgas_welt\/blog\/wp-json\/wp\/v2\/users\/3"}],"replies":[{"embeddable":true,"href":"https:\/\/www.marvinchen.de\/olgas_welt\/blog\/wp-json\/wp\/v2\/comments?post=102"}],"version-history":[{"count":0,"href":"https:\/\/www.marvinchen.de\/olgas_welt\/blog\/wp-json\/wp\/v2\/posts\/102\/revisions"}],"wp:attachment":[{"href":"https:\/\/www.marvinchen.de\/olgas_welt\/blog\/wp-json\/wp\/v2\/media?parent=102"}],"wp:term":[{"taxonomy":"category","embeddable":true,"href":"https:\/\/www.marvinchen.de\/olgas_welt\/blog\/wp-json\/wp\/v2\/categories?post=102"},{"taxonomy":"post_tag","embeddable":true,"href":"https:\/\/www.marvinchen.de\/olgas_welt\/blog\/wp-json\/wp\/v2\/tags?post=102"}],"curies":[{"name":"wp","href":"https:\/\/api.w.org\/{rel}","templated":true}]}}