{"id":1040,"date":"2012-11-05T22:06:59","date_gmt":"2012-11-05T21:06:59","guid":{"rendered":"http:\/\/www.marvinchen.de\/olgas_welt\/blog\/?p=1040"},"modified":"2012-11-05T22:06:59","modified_gmt":"2012-11-05T21:06:59","slug":"herbsttage-bei-den-preussen","status":"publish","type":"post","link":"https:\/\/www.marvinchen.de\/olgas_welt\/blog\/2012\/11\/herbsttage-bei-den-preussen\/","title":{"rendered":"Herbsttage bei den Preussen"},"content":{"rendered":"<p>Wir\u00a0konnten den Vorteil eines Feiertages am Mittwoch mit den Herbstferien kombinieren und haben mit\u00a0unseren beiden (!) M\u00e4dels einen Kurzurlaub in Berlin gemacht.<\/p>\n<p>Der Wettergott war uns hold und es regnete nur ein bissel am Donnerstag w\u00e4hrend unserer Shoppingtour und am Samstag, als wir durch die\u00a0<a href=\"http:\/\/berliner-unterwelten.de\/\" target=\"_blank\">Berliner Unterwelt<\/a>\u00a0stapften (sehr zu empfehlen!)\u00a0bzw. nachmittags mit dem\u00a0Stadtrundfahrtbus durch die Gegend zuckelten.<\/p>\n<p>Am\u00a0<strong>MITTWOCH<\/strong> waren wir im <a href=\"http:\/\/www.potsdam-park-sanssouci.de\/\" target=\"_blank\">Schlo\u00dfpark Sanssouci<\/a>\u00a0und genossen einen wundersch\u00f6nen Herbsttag in m\u00e4rchenhaftem Ambiente:<\/p>\n<p style=\"text-align: center;\"><a href=\"https:\/\/www.marvinchen.de\/olgas_welt\/blog\/2012\/11\/herbsttage-bei-den-preussen\/w-img_0042\/\" rel=\"attachment wp-att-1041\"><img loading=\"lazy\" decoding=\"async\" class=\"aligncenter  wp-image-1041\" src=\"https:\/\/www.marvinchen.de\/olgas_welt\/blog\/wp-content\/uploads\/2012\/11\/w-IMG_0042.jpg\" alt=\"\" width=\"560\" height=\"420\" srcset=\"https:\/\/www.marvinchen.de\/olgas_welt\/blog\/wp-content\/uploads\/2012\/11\/w-IMG_0042.jpg 800w, https:\/\/www.marvinchen.de\/olgas_welt\/blog\/wp-content\/uploads\/2012\/11\/w-IMG_0042-300x225.jpg 300w\" sizes=\"auto, (max-width: 560px) 100vw, 560px\" \/><\/a><\/p>\n<p style=\"text-align: center;\"><a href=\"https:\/\/www.marvinchen.de\/olgas_welt\/blog\/2012\/11\/herbsttage-bei-den-preussen\/w-img_0072\/\" rel=\"attachment wp-att-1042\"><img loading=\"lazy\" decoding=\"async\" class=\"aligncenter  wp-image-1042\" src=\"https:\/\/www.marvinchen.de\/olgas_welt\/blog\/wp-content\/uploads\/2012\/11\/w-IMG_0072.jpg\" alt=\"\" width=\"560\" height=\"420\" srcset=\"https:\/\/www.marvinchen.de\/olgas_welt\/blog\/wp-content\/uploads\/2012\/11\/w-IMG_0072.jpg 800w, https:\/\/www.marvinchen.de\/olgas_welt\/blog\/wp-content\/uploads\/2012\/11\/w-IMG_0072-300x225.jpg 300w\" sizes=\"auto, (max-width: 560px) 100vw, 560px\" \/><\/a><\/p>\n<p style=\"text-align: center;\"><a href=\"https:\/\/www.marvinchen.de\/olgas_welt\/blog\/2012\/11\/herbsttage-bei-den-preussen\/w-img_0099\/\" rel=\"attachment wp-att-1043\"><img loading=\"lazy\" decoding=\"async\" class=\"aligncenter  wp-image-1043\" src=\"https:\/\/www.marvinchen.de\/olgas_welt\/blog\/wp-content\/uploads\/2012\/11\/w-IMG_0099.jpg\" alt=\"\" width=\"420\" height=\"560\" srcset=\"https:\/\/www.marvinchen.de\/olgas_welt\/blog\/wp-content\/uploads\/2012\/11\/w-IMG_0099.jpg 600w, https:\/\/www.marvinchen.de\/olgas_welt\/blog\/wp-content\/uploads\/2012\/11\/w-IMG_0099-300x400.jpg 300w\" sizes=\"auto, (max-width: 420px) 100vw, 420px\" \/><\/a><\/p>\n<p style=\"text-align: center;\"><a href=\"https:\/\/www.marvinchen.de\/olgas_welt\/blog\/2012\/11\/herbsttage-bei-den-preussen\/w-img_0132\/\" rel=\"attachment wp-att-1044\"><img loading=\"lazy\" decoding=\"async\" class=\"aligncenter  wp-image-1044\" src=\"https:\/\/www.marvinchen.de\/olgas_welt\/blog\/wp-content\/uploads\/2012\/11\/w-IMG_0132.jpg\" alt=\"\" width=\"420\" height=\"560\" srcset=\"https:\/\/www.marvinchen.de\/olgas_welt\/blog\/wp-content\/uploads\/2012\/11\/w-IMG_0132.jpg 600w, https:\/\/www.marvinchen.de\/olgas_welt\/blog\/wp-content\/uploads\/2012\/11\/w-IMG_0132-300x400.jpg 300w\" sizes=\"auto, (max-width: 420px) 100vw, 420px\" \/><\/a><\/p>\n<p style=\"text-align: left;\">Erst gegen Abend sind wir ins Hotel eingekehrt, haben nur schnell ausgepackt und sogleich einen Griechen zwecks Nahrungsaufnahme aufgesucht &#8230; sehr lecker &#8230; sehr reichhaltig &#8230; sehr viele\u00a0kostenlose Ouzos &#8230; es folgte eine sehr unruhige Nacht\u00a0\u00a0\u00a0\u00a0 \ud83d\ude09<\/p>\n<p style=\"text-align: left;\">Beim Shoppen am\u00a0<strong>DONNERSTAG<\/strong> waren wir zuerst in einem sehr umweltbewussten Laden, denn es gab nur braune Papiert\u00fcten \u00a0 \u00a0 \ud83d\ude00\u00a0\u00a0\u00a0\u00a0 leider haben sie unter dem Gewicht der eingekauften Klamotten und der N\u00e4sse vom Himmel zu schnell den Geist aufgegeben &#8230; na, wer erkennt welche Klamottenkette das war?\u00a0\u00a0\u00a0\u00a0\u00a0\ud83d\ude09<\/p>\n<p style=\"text-align: center;\"><a href=\"https:\/\/www.marvinchen.de\/olgas_welt\/blog\/2012\/11\/herbsttage-bei-den-preussen\/w-img_0225\/\" rel=\"attachment wp-att-1045\"><img loading=\"lazy\" decoding=\"async\" class=\"aligncenter  wp-image-1045\" src=\"https:\/\/www.marvinchen.de\/olgas_welt\/blog\/wp-content\/uploads\/2012\/11\/w-IMG_0225.jpg\" alt=\"\" width=\"560\" height=\"420\" srcset=\"https:\/\/www.marvinchen.de\/olgas_welt\/blog\/wp-content\/uploads\/2012\/11\/w-IMG_0225.jpg 800w, https:\/\/www.marvinchen.de\/olgas_welt\/blog\/wp-content\/uploads\/2012\/11\/w-IMG_0225-300x225.jpg 300w\" sizes=\"auto, (max-width: 560px) 100vw, 560px\" \/><\/a><\/p>\n<p style=\"text-align: left;\">Nach Primark\u00a0(gewusst?) folgten dann noch Bershka, KaDeWe, Gina Tricot, Galeries Lafayette und Galeria Kaufhof, bevor wir den Abend am hell beleuchteten Alexanderplatz beendeten.<\/p>\n<p style=\"text-align: left;\">Beim Stadtrundgang am\u00a0<strong>FREITAG<\/strong> grasten wir alles rund um den Tiergarten ab, was man in Berlin mehr oder weniger gesehen haben muss: Siegess\u00e4ule \/ &#8222;Goldelse&#8220;, Stra\u00dfe des 17. Juni, Brandenburger Tor,<\/p>\n<p style=\"text-align: center;\"><a href=\"https:\/\/www.marvinchen.de\/olgas_welt\/blog\/2012\/11\/herbsttage-bei-den-preussen\/w-img_0316\/\" rel=\"attachment wp-att-1046\"><img loading=\"lazy\" decoding=\"async\" class=\"aligncenter  wp-image-1046\" src=\"https:\/\/www.marvinchen.de\/olgas_welt\/blog\/wp-content\/uploads\/2012\/11\/w-IMG_0316.jpg\" alt=\"\" width=\"560\" height=\"420\" srcset=\"https:\/\/www.marvinchen.de\/olgas_welt\/blog\/wp-content\/uploads\/2012\/11\/w-IMG_0316.jpg 800w, https:\/\/www.marvinchen.de\/olgas_welt\/blog\/wp-content\/uploads\/2012\/11\/w-IMG_0316-300x225.jpg 300w\" sizes=\"auto, (max-width: 560px) 100vw, 560px\" \/><\/a><\/p>\n<p style=\"text-align: left;\">Pariser Platz, Holocaust-Denkmal,<\/p>\n<p style=\"text-align: center;\"><a href=\"https:\/\/www.marvinchen.de\/olgas_welt\/blog\/2012\/11\/herbsttage-bei-den-preussen\/w-img_0372\/\" rel=\"attachment wp-att-1047\"><img loading=\"lazy\" decoding=\"async\" class=\"aligncenter  wp-image-1047\" src=\"https:\/\/www.marvinchen.de\/olgas_welt\/blog\/wp-content\/uploads\/2012\/11\/w-IMG_0372.jpg\" alt=\"\" width=\"560\" height=\"420\" srcset=\"https:\/\/www.marvinchen.de\/olgas_welt\/blog\/wp-content\/uploads\/2012\/11\/w-IMG_0372.jpg 800w, https:\/\/www.marvinchen.de\/olgas_welt\/blog\/wp-content\/uploads\/2012\/11\/w-IMG_0372-300x225.jpg 300w\" sizes=\"auto, (max-width: 560px) 100vw, 560px\" \/><\/a><\/p>\n<p style=\"text-align: left;\"><span style=\"text-align: left;\">Regierungsviertel, Reichstag, Kanzleramt \/ &#8222;Elefantenwaschmaschine&#8220;, &#8222;Schwangere Auster&#8220;, Tiergarten, Schlo\u00df Bellevue, Bahnhof Zoo, Ku&#8217;Damm, Kaiser-Wilhelm-Ged\u00e4chtniskirche \/ &#8222;Hohler Zahn&#8220;, Checkpoint Charly, Sony-Center, Potsdamer Platz incl. Aufstieg mit dem schnellsten Fahrstuhl Europas auf das Dach des <\/span><a href=\"http:\/\/www.panoramapunkt.de\/de\/kollhoff-tower.html\" target=\"_blank\">Kollhoff Tower<\/a><span style=\"text-align: left;\">, wo ich einen roten Streichelb\u00e4ren entdeckte &#8230;<\/span><\/p>\n<p style=\"text-align: center;\"><a href=\"https:\/\/www.marvinchen.de\/olgas_welt\/blog\/2012\/11\/herbsttage-bei-den-preussen\/w-img_0520\/\" rel=\"attachment wp-att-1048\"><img loading=\"lazy\" decoding=\"async\" class=\"aligncenter  wp-image-1048\" src=\"https:\/\/www.marvinchen.de\/olgas_welt\/blog\/wp-content\/uploads\/2012\/11\/w-IMG_0520.jpg\" alt=\"\" width=\"560\" height=\"420\" srcset=\"https:\/\/www.marvinchen.de\/olgas_welt\/blog\/wp-content\/uploads\/2012\/11\/w-IMG_0520.jpg 800w, https:\/\/www.marvinchen.de\/olgas_welt\/blog\/wp-content\/uploads\/2012\/11\/w-IMG_0520-300x225.jpg 300w\" sizes=\"auto, (max-width: 560px) 100vw, 560px\" \/><\/a><\/p>\n<p style=\"text-align: left;\"><span style=\"text-align: left;\">Meine B\u00e4ren haben sich diesmal auf ein sturmfreies Zuhause gefreut und\u00a0wollten nicht mitgefahren\u00a0\u00a0\u00a0\u00a0 \ud83d\ude41 <\/span><\/p>\n<p style=\"text-align: left;\">Am\u00a0<strong>SAMSTAG<\/strong> begaben wir uns zur ebenfalls\u00a0sehr sehenswerten <a href=\"http:\/\/www.berliner-mauer-gedenkstaette.de\/de\/\" target=\"_blank\">Gedenkst\u00e4tte Berliner Mauer<\/a>. Ich denke, hier ist auch unseren Kinder dieses schwere Kapitel der deutschen Geschichte etwas verst\u00e4ndlicher geworden.<\/p>\n<p style=\"text-align: center;\"><a href=\"https:\/\/www.marvinchen.de\/olgas_welt\/blog\/2012\/11\/herbsttage-bei-den-preussen\/w-img_0596\/\" rel=\"attachment wp-att-1049\"><img loading=\"lazy\" decoding=\"async\" class=\"aligncenter  wp-image-1049\" src=\"https:\/\/www.marvinchen.de\/olgas_welt\/blog\/wp-content\/uploads\/2012\/11\/w-IMG_0596.jpg\" alt=\"\" width=\"560\" height=\"420\" srcset=\"https:\/\/www.marvinchen.de\/olgas_welt\/blog\/wp-content\/uploads\/2012\/11\/w-IMG_0596.jpg 800w, https:\/\/www.marvinchen.de\/olgas_welt\/blog\/wp-content\/uploads\/2012\/11\/w-IMG_0596-300x225.jpg 300w\" sizes=\"auto, (max-width: 560px) 100vw, 560px\" \/><\/a><\/p>\n<p style=\"text-align: left;\">Es folgte eine\u00a0kleiner Ausflug\u00a0in die Unterwelt Berlins (<a href=\"http:\/\/berliner-unterwelten.de\/tour-3.15.0.html\" target=\"_blank\">Tour 3<\/a>), wo uns ein wirklich erheiternder F\u00fchrer die m\u00f6glichen \u00dcberlebenschancen nach einem Atomschlag demonstrierte bzw. was man w\u00e4hrend des kalten Krieges daf\u00fcr hielt. Anhand von zwei unterirdischen Bunkern, einer davon sogar eine in Betrieb befindliche U-Bahnstation, wurden wir in die Geheimnisse der Schutzsuche, \u00dcberlebensstrategien und die Wahrscheinlichkeit hereingelassen zu werden (gleich Null!) eingeweiht.<\/p>\n<p style=\"text-align: left;\">Den Rest des Tages kurvten wir mit einem HopOn-HopOff-Bus durch diverse Berlingegenden die wir schon durch unseren per-Pedes-Stadtrundgang\u00a0kannten, aber auch an ganz vielen unbekannten Sehensw\u00fcrdigkeiten vorbei &#8230; quasi die Vervollst\u00e4ndigung des touristischen Programms.\u00a0<\/p>\n<p style=\"text-align: left;\">Und \u00fcbrigens, auch wenn Berliner sich f\u00fcr die Gr\u00f6\u00dften halten, hier\u00a0ein Beweis, dass\u00a0die Sachsen immer noch gr\u00f6\u00dfer sind als die Preussen\u00a0\u00a0\u00a0\u00a0\u00a0:zunge-rechts:<\/p>\n<p style=\"text-align: center;\"><a href=\"https:\/\/www.marvinchen.de\/olgas_welt\/blog\/2012\/11\/herbsttage-bei-den-preussen\/w-img_0626\/\" rel=\"attachment wp-att-1050\"><img loading=\"lazy\" decoding=\"async\" class=\"aligncenter  wp-image-1050\" src=\"https:\/\/www.marvinchen.de\/olgas_welt\/blog\/wp-content\/uploads\/2012\/11\/w-IMG_0626.jpg\" alt=\"\" width=\"420\" height=\"560\" srcset=\"https:\/\/www.marvinchen.de\/olgas_welt\/blog\/wp-content\/uploads\/2012\/11\/w-IMG_0626.jpg 600w, https:\/\/www.marvinchen.de\/olgas_welt\/blog\/wp-content\/uploads\/2012\/11\/w-IMG_0626-300x400.jpg 300w\" sizes=\"auto, (max-width: 420px) 100vw, 420px\" \/><\/a><\/p>\n<p style=\"text-align: left;\">Unsere letzte Station am\u00a0<strong>SONNTAG<\/strong>,\u00a0noch\u00a0vor der R\u00fcckkehr nach Hause, war nach einem Fr\u00fchst\u00fcck auf der Sch\u00f6nhauser Allee und zwei kurzen Synagogenbesuchen\u00a0ein Gang durch den\u00a0<a href=\"http:\/\/de.wikipedia.org\/wiki\/Sowjetisches_Ehrenmal_(Treptower_Park)\" target=\"_blank\">Treptower Park<\/a>, wo ein sowjetisches Denkmal die Anlage dominiert. Ich kenne dieses Monument schon seit meiner fr\u00fchen Kindheit\u00a0von diversen Bildern und aus Geschichtsb\u00fcchern, besuchte\u00a0den Park\u00a0schon einige Male mit Carsten und und nun konnte ich diese Stelle auch mal meinen M\u00e4dels zeigen. Sie waren sogar beeindruckt\u00a0\u00a0\u00a0\u00a0\u00a0\ud83d\ude42<\/p>\n<p style=\"text-align: left;\">Kurz vor der Abreise\u00a0fand ich unter einer Birke einen ganz s\u00fc\u00dfen Hasen &#8211; der musste mit uns nach Dresden kommen!<\/p>\n<p style=\"text-align: center;\"><a href=\"https:\/\/www.marvinchen.de\/olgas_welt\/blog\/2012\/11\/herbsttage-bei-den-preussen\/w-img_0719\/\" rel=\"attachment wp-att-1051\"><img loading=\"lazy\" decoding=\"async\" class=\"aligncenter  wp-image-1051\" src=\"https:\/\/www.marvinchen.de\/olgas_welt\/blog\/wp-content\/uploads\/2012\/11\/w-IMG_0719.jpg\" alt=\"\" width=\"420\" height=\"560\" srcset=\"https:\/\/www.marvinchen.de\/olgas_welt\/blog\/wp-content\/uploads\/2012\/11\/w-IMG_0719.jpg 600w, https:\/\/www.marvinchen.de\/olgas_welt\/blog\/wp-content\/uploads\/2012\/11\/w-IMG_0719-300x400.jpg 300w\" sizes=\"auto, (max-width: 420px) 100vw, 420px\" \/><\/a><\/p>\n<p style=\"text-align: left;\">Es war ein echt sch\u00f6ner und abwechslungsreicher Kurzurlaub. Das einzige, was ich in diesen Tagen vermisst habe, war ein Spieleabend, aber leider haben wir diesmal die Reisespiele zu Hause vergessen. Daf\u00fcr hatten wir gaaanz viel Zeit, um miteinander zu quatschen, Bl\u00f6dsinn zu machen und\u00a0uns auch ein wenig weiterzubilden. Aber nun hei\u00dft es f\u00fcr zwei der OLCAs &#8222;arbeiten gehen&#8220; und f\u00fcr die\u00a0beiden anderen\u00a0&#8222;lernen, lernen, lernen&#8220; \u00a0 \u00a0 \ud83d\ude00<\/p>\n","protected":false},"excerpt":{"rendered":"<p>Wir\u00a0konnten den Vorteil eines Feiertages am Mittwoch mit den Herbstferien kombinieren und haben mit\u00a0unseren beiden (!) M\u00e4dels einen Kurzurlaub in Berlin gemacht. Der Wettergott war uns hold und es regnete nur ein bissel am Donnerstag w\u00e4hrend unserer Shoppingtour und am Samstag, als wir durch die\u00a0Berliner Unterwelt\u00a0stapften (sehr zu empfehlen!)\u00a0bzw. nachmittags mit dem\u00a0Stadtrundfahrtbus durch die Gegend [&hellip;]<\/p>\n","protected":false},"author":3,"featured_media":0,"comment_status":"open","ping_status":"closed","sticky":false,"template":"","format":"standard","meta":{"ngg_post_thumbnail":0,"footnotes":""},"categories":[3,4,1],"tags":[16,805,14,339,270,317,806,13,510,807,15,21],"class_list":["post-1040","post","type-post","status-publish","format-standard","hentry","category-ausfluege-und-reisen","category-freud-und-leid","category-olca-und-stan","tag-andrea","tag-berlin","tag-carsten","tag-geschichte","tag-herbst","tag-kinder","tag-kurzurlaub","tag-olga","tag-reise","tag-sehenswurdigkeiten","tag-stephanie","tag-urlaub"],"_links":{"self":[{"href":"https:\/\/www.marvinchen.de\/olgas_welt\/blog\/wp-json\/wp\/v2\/posts\/1040","targetHints":{"allow":["GET"]}}],"collection":[{"href":"https:\/\/www.marvinchen.de\/olgas_welt\/blog\/wp-json\/wp\/v2\/posts"}],"about":[{"href":"https:\/\/www.marvinchen.de\/olgas_welt\/blog\/wp-json\/wp\/v2\/types\/post"}],"author":[{"embeddable":true,"href":"https:\/\/www.marvinchen.de\/olgas_welt\/blog\/wp-json\/wp\/v2\/users\/3"}],"replies":[{"embeddable":true,"href":"https:\/\/www.marvinchen.de\/olgas_welt\/blog\/wp-json\/wp\/v2\/comments?post=1040"}],"version-history":[{"count":0,"href":"https:\/\/www.marvinchen.de\/olgas_welt\/blog\/wp-json\/wp\/v2\/posts\/1040\/revisions"}],"wp:attachment":[{"href":"https:\/\/www.marvinchen.de\/olgas_welt\/blog\/wp-json\/wp\/v2\/media?parent=1040"}],"wp:term":[{"taxonomy":"category","embeddable":true,"href":"https:\/\/www.marvinchen.de\/olgas_welt\/blog\/wp-json\/wp\/v2\/categories?post=1040"},{"taxonomy":"post_tag","embeddable":true,"href":"https:\/\/www.marvinchen.de\/olgas_welt\/blog\/wp-json\/wp\/v2\/tags?post=1040"}],"curies":[{"name":"wp","href":"https:\/\/api.w.org\/{rel}","templated":true}]}}