{"id":1054,"date":"2012-11-25T17:38:31","date_gmt":"2012-11-25T16:38:31","guid":{"rendered":"http:\/\/www.marvinchen.de\/olgas_welt\/blog\/?p=1054"},"modified":"2012-11-25T17:38:31","modified_gmt":"2012-11-25T16:38:31","slug":"achterbahn-zum-jahresende","status":"publish","type":"post","link":"https:\/\/www.marvinchen.de\/olgas_welt\/blog\/2012\/11\/achterbahn-zum-jahresende\/","title":{"rendered":"Achterbahn zum Jahresende"},"content":{"rendered":"<p>In den letzten zwei Wochen habe ich kaum Ruhe gehabt, etwas zu schreiben, denn Langeweile ist bei uns nach wie vor ein v\u00f6llig unbekanntes Wort. Allerdings kommt zu meinen eigenen Aktivit\u00e4ten, welche bereits an- und aufregend genug sind, noch ein weiterer H\u00f6hepunkt: wir\u00a0k\u00e4mpfen gerade\u00a0mit dem Gipfel der pubert\u00e4ren Entwicklung bei Stephanie und hoffentlich\u00a0ist eine R\u00fcckkehr zum normalen Familienleben nicht mehr weit entfernt. Mehr Worte sollen zur Wahrung des Familienfriedens an dieser Stelle nicht verlautet werden &#8230;<\/p>\n<p>Aber es gab auch sehr viele sch\u00f6nen Erlebnisse in meinem Leben in den letzten Tagen \u00a0 \u00a0 \ud83d\ude09<\/p>\n<p>&#8211; Alles, was mit dem Tod von Carstens Mutter zu tun hatte,\u00a0damit sind\u00a0die amtlichen und beh\u00f6rdlichen Vorg\u00e4nge gemeint und\u00a0nicht die Gef\u00fchle und Erinnerungen, ist nun endg\u00fcltig abgeschlossen. Die letzte K\u00fcndigung bzw. R\u00fcckzahlung ist\u00a0eingetroffen und nun kann mein Mann sich mit voller Konzentrtation den anderen, derzeit auf Eis gelegten Projekten widmen.<\/p>\n<p>&#8211; Ich habe \u00fcber Couchsurfing eine neue Dresdnerin namens Evelyn kennengelernt und festgestellt, dass wir sprachlich und auf Interessen bezogen\u00a0\u00e4u\u00dferst viele Gemeinsamkeiten haben. Ich sch\u00e4tze, es wird in diesem Fall nicht nur bei einer losen Bekanntschaft bleiben \u00a0 \u00a0 \ud83d\ude09<\/p>\n<p>&#8211; Mit Evelyn habe ich z.B. auch die 1. Dresdner Literaturmesse &#8222;Schriftgut&#8220; besucht: noch ist diese Veranstaltung klein, gem\u00fctlich und\u00a0au\u00dferdem sehr familientauglich. Hoffentlich bewahrt sie sich auch noch nach weiteren Messeterminen\u00a0etwas diesen Charme.<\/p>\n<p>&#8211; Andrea hat f\u00fcr sich und mich Konzertkarten organisiert und wir haben einen wundersch\u00f6nen Abend mit Musik und Gesang von <a href=\"http:\/\/www.cecile-corbel.com\/\" target=\"_blank\">Cecile Corbel<\/a> miterleben d\u00fcrfen: bezaubernd und elfenhaft! Wer Harfenmusik liebt, sollte sich diese K\u00fcnstlerin wahrlich nicht entgehen lassen!<\/p>\n<p>&#8211; Ein weiteres kulturelles Highlight der letzten Tage war f\u00fcr mich eine Lesung von der bekannten russischen Schriftstellerin <a href=\"http:\/\/www.hanser-literaturverlage.de\/autoren\/autor.html?id=26425\" target=\"_blank\">Ljudmila Ulitzkaja<\/a>. Ich liebe ihre B\u00fccher, denn ihre Geschichten und ihre Art zu erz\u00e4hlen ber\u00fchren mich sehr. Ihr neues Buch &#8222;Das gr\u00fcne Zelt&#8220; (&#8222;\u0417\u0435\u043b\u0435\u043d\u044b\u0439 \u0448\u0430\u0442\u0435\u0440&#8220;) habe ich allerdings nicht direkt im Anschlu\u00df an die Veranstaltung gekauft, denn es\u00a0war nur in Deutsch vorhanden. Meine Bestellung f\u00fcr\u00a0eine Ausgabe in der Originalsprache\u00a0konnte ich gestern bei\u00a0einem der zahlreichen Onlinebuchhandlungen f\u00fcr\u00a0Russischsprachige aufgeben. Zur der Lesung bin ich aber nat\u00fcrlich nicht allein gegangen, sondern mit der oben erw\u00e4hnten Evelyn und meiner Anna. Ich war zudem sehr froh, dass ich die beiden M\u00e4dels richtig eingesch\u00e4tzt habe &#8211; die Chemie zwischen ihnen hat auf Anhieb gestimmt \u00a0 \u00a0 \ud83d\ude42<\/p>\n<p>&#8211; Carstens sportliche Vergangenheit und sein engagiertes Mitwirken beim SG Gittersee vor einigen Jahren hat uns im positiven Sinne eingeholt: Wir beide\u00a0sind zur Jubil\u00e4umsfeier &#8222;55 Jahre\u00a0Abteilung Badminton&#8220; eingeladen worden und es hat uns sehr gefreut, all die vielen bekannten und netten\u00a0Gesichter wiederzusehen und nebst einem leckeren Buffet das ein oder andere Schw\u00e4tzchen\u00a0halten zu k\u00f6nnen.<\/p>\n<p>&#8211; Am Bu\u00df- und Bettag (eigentlich ein Feiertag in Sachsen) war ich \u00fcbrigens arbeiten, denn f\u00fcr unsere deutschlandweiten Kunden\u00a0gibt es in meiner Firma jedes Jahr eine Notbesetzung\u00a0&#8211; und nun war auch ich mal wieder an der Reihe. Mein Hauptspruch\u00a0in diesen 8 Stunden:\u00a0&#8220; Warum ich trotz Feiertag ihren Anruf entgegennehme ? Ich bin eben gern f\u00fcr Sie da und au\u00dferdem wollte ich Ihnen sagen, dass\u00a0heute bei uns eben\u00a0eigentlich frei ist.&#8220;\u00a0\u00a0\u00a0\u00a0\u00a0\ud83d\ude00<\/p>\n<p>Ach ja, die zwei Wochen\u00a0sind mal wieder ratzfatz an mir vorbei geflogen &#8230; aber wie der Sachse sagt: &#8222;Schee war&#8217;s&#8220;\u00a0\u00a0\u00a0\u00a0 \ud83d\ude42<\/p>\n","protected":false},"excerpt":{"rendered":"<p>In den letzten zwei Wochen habe ich kaum Ruhe gehabt, etwas zu schreiben, denn Langeweile ist bei uns nach wie vor ein v\u00f6llig unbekanntes Wort. Allerdings kommt zu meinen eigenen Aktivit\u00e4ten, welche bereits an- und aufregend genug sind, noch ein weiterer H\u00f6hepunkt: wir\u00a0k\u00e4mpfen gerade\u00a0mit dem Gipfel der pubert\u00e4ren Entwicklung bei Stephanie und hoffentlich\u00a0ist eine R\u00fcckkehr [&hellip;]<\/p>\n","protected":false},"author":3,"featured_media":0,"comment_status":"open","ping_status":"closed","sticky":false,"template":"","format":"standard","meta":{"ngg_post_thumbnail":0,"footnotes":""},"categories":[3,4,7,17,1],"tags":[16,252,60,14,535,546,809,518,13,808,15,360],"class_list":["post-1054","post","type-post","status-publish","format-standard","hentry","category-ausfluege-und-reisen","category-freud-und-leid","category-freunde-und-co","category-kauderwelsch-und-muttersprache","category-olca-und-stan","tag-andrea","tag-arbeit","tag-buch","tag-carsten","tag-couchsurfing","tag-feiertag","tag-konzert","tag-lesung","tag-olga","tag-pubertat","tag-stephanie","tag-tod"],"_links":{"self":[{"href":"https:\/\/www.marvinchen.de\/olgas_welt\/blog\/wp-json\/wp\/v2\/posts\/1054","targetHints":{"allow":["GET"]}}],"collection":[{"href":"https:\/\/www.marvinchen.de\/olgas_welt\/blog\/wp-json\/wp\/v2\/posts"}],"about":[{"href":"https:\/\/www.marvinchen.de\/olgas_welt\/blog\/wp-json\/wp\/v2\/types\/post"}],"author":[{"embeddable":true,"href":"https:\/\/www.marvinchen.de\/olgas_welt\/blog\/wp-json\/wp\/v2\/users\/3"}],"replies":[{"embeddable":true,"href":"https:\/\/www.marvinchen.de\/olgas_welt\/blog\/wp-json\/wp\/v2\/comments?post=1054"}],"version-history":[{"count":0,"href":"https:\/\/www.marvinchen.de\/olgas_welt\/blog\/wp-json\/wp\/v2\/posts\/1054\/revisions"}],"wp:attachment":[{"href":"https:\/\/www.marvinchen.de\/olgas_welt\/blog\/wp-json\/wp\/v2\/media?parent=1054"}],"wp:term":[{"taxonomy":"category","embeddable":true,"href":"https:\/\/www.marvinchen.de\/olgas_welt\/blog\/wp-json\/wp\/v2\/categories?post=1054"},{"taxonomy":"post_tag","embeddable":true,"href":"https:\/\/www.marvinchen.de\/olgas_welt\/blog\/wp-json\/wp\/v2\/tags?post=1054"}],"curies":[{"name":"wp","href":"https:\/\/api.w.org\/{rel}","templated":true}]}}