{"id":1056,"date":"2012-11-26T09:03:23","date_gmt":"2012-11-26T08:03:23","guid":{"rendered":"http:\/\/www.marvinchen.de\/olgas_welt\/blog\/?p=1056"},"modified":"2020-12-20T21:06:31","modified_gmt":"2020-12-20T20:06:31","slug":"carstens-gastbeitrag-ein-geburtstagsgrus-fur-olga","status":"publish","type":"post","link":"https:\/\/www.marvinchen.de\/olgas_welt\/blog\/2012\/11\/carstens-gastbeitrag-ein-geburtstagsgrus-fur-olga\/","title":{"rendered":"Carstens Gastbeitrag: Ein Geburtstagsgru\u00df f\u00fcr Olga"},"content":{"rendered":"<p>Wer m\u00f6chte kann hier in Olgas Blog ab sofort\u00a0einen Kommentar zu ihrem 42. Ehrentag abgeben &#8230; laut Douglas Adams ist 42 ja bekanntlich die Antwort auf die Frage nach dem Leben, dem Universum und dem ganzen Rest (man kenne das Buch oder\u00a0gucke hier in die\u00a0<a href=\"http:\/\/de.wikipedia.org\/wiki\/42_(Antwort)\" target=\"_blank\">Wikipedia<\/a>). Im Namen von Olga bedanke ich mich schon mal bei allen Gratulanten im Voraus.<\/p>\n<p>&nbsp;<\/p>\n<p>Dann will ich auch gleich mal anfangen:<\/p>\n<p>Hallo Schatz ! Ich w\u00fcnsche Dir zu Deinem Purzeltag alles, alles Gute, viel Gesundheit, viel Erfolg, noch sehr viel Zeit mit mir, den Kindern, Deiner Familie und Freunden sowie ein goldenes H\u00e4ndchen bei allem was du anf\u00e4ngst. Ich habe Dich ganz doll lieb und freue mich auf heute Abend. Carsten<\/p>\n","protected":false},"excerpt":{"rendered":"<p>Wer m\u00f6chte kann hier in Olgas Blog ab sofort\u00a0einen Kommentar zu ihrem 42. Ehrentag abgeben &#8230; laut Douglas Adams ist 42 ja bekanntlich die Antwort auf die Frage nach dem Leben, dem Universum und dem ganzen Rest (man kenne das Buch oder\u00a0gucke hier in die\u00a0Wikipedia). Im Namen von Olga bedanke ich mich schon mal bei [&hellip;]<\/p>\n","protected":false},"author":4,"featured_media":0,"comment_status":"open","ping_status":"closed","sticky":false,"template":"","format":"standard","meta":{"ngg_post_thumbnail":0,"footnotes":""},"categories":[373],"tags":[810],"class_list":["post-1056","post","type-post","status-publish","format-standard","hentry","category-gaeste-ergreifen-das-wort","tag-olga-geburtstag"],"_links":{"self":[{"href":"https:\/\/www.marvinchen.de\/olgas_welt\/blog\/wp-json\/wp\/v2\/posts\/1056","targetHints":{"allow":["GET"]}}],"collection":[{"href":"https:\/\/www.marvinchen.de\/olgas_welt\/blog\/wp-json\/wp\/v2\/posts"}],"about":[{"href":"https:\/\/www.marvinchen.de\/olgas_welt\/blog\/wp-json\/wp\/v2\/types\/post"}],"author":[{"embeddable":true,"href":"https:\/\/www.marvinchen.de\/olgas_welt\/blog\/wp-json\/wp\/v2\/users\/4"}],"replies":[{"embeddable":true,"href":"https:\/\/www.marvinchen.de\/olgas_welt\/blog\/wp-json\/wp\/v2\/comments?post=1056"}],"version-history":[{"count":0,"href":"https:\/\/www.marvinchen.de\/olgas_welt\/blog\/wp-json\/wp\/v2\/posts\/1056\/revisions"}],"wp:attachment":[{"href":"https:\/\/www.marvinchen.de\/olgas_welt\/blog\/wp-json\/wp\/v2\/media?parent=1056"}],"wp:term":[{"taxonomy":"category","embeddable":true,"href":"https:\/\/www.marvinchen.de\/olgas_welt\/blog\/wp-json\/wp\/v2\/categories?post=1056"},{"taxonomy":"post_tag","embeddable":true,"href":"https:\/\/www.marvinchen.de\/olgas_welt\/blog\/wp-json\/wp\/v2\/tags?post=1056"}],"curies":[{"name":"wp","href":"https:\/\/api.w.org\/{rel}","templated":true}]}}