{"id":1118,"date":"2013-01-14T20:00:25","date_gmt":"2013-01-14T19:00:25","guid":{"rendered":"http:\/\/www.marvinchen.de\/olgas_welt\/blog\/?p=1118"},"modified":"2013-01-14T20:00:25","modified_gmt":"2013-01-14T19:00:25","slug":"alle-jahre-wieder","status":"publish","type":"post","link":"https:\/\/www.marvinchen.de\/olgas_welt\/blog\/2013\/01\/alle-jahre-wieder\/","title":{"rendered":"Alle Jahre wieder &#8230;"},"content":{"rendered":"<p>Nicht nur die Kinder wachsen ganz schnell und unbemerkt. Auch mein Blog hat ein weiteres Jahr geschafft und ist heute schon stolze 6 Jahre alt geworden!<\/p>\n<p>Bis jetzt habe ich ihn auf jeden Fall um einiges pflegeleichter als Kinder empfunden: er lie\u00df mich immer ausschlafen, war von Anfang an ganz sauber und hatte keine Trotzanf\u00e4lle. Allerdings ist er immer noch ganz sch\u00f6n verh\u00e4tschelt und deshalb ziemlich unselbstst\u00e4ndig, denn seine Texte m\u00fcssen immer noch von Mama Olga geschrieben und von Papa Carsten \u00a0kontrolliert werden \u00a0 \u00a0 \ud83d\ude00<\/p>\n<p>Aber da die anderen Kinder ja immer weniger Zeit beanspruchen, kann ich mich umso mehr meinem &#8222;Nachz\u00fcgler&#8220; widmen. Es muss ja auch etwas Positives am Erwachsenwerden der M\u00e4dels geben \u00a0 \u00a0 \ud83d\ude09<\/p>\n<p style=\"text-align: left;\">Auf jeden Fall sage ich heute: Hoch die Tassen! Herzlichen Gl\u00fcckwunsch zu deinem 6. Geburtstag, mein kleiner Blog!<\/p>\n<p style=\"text-align: center;\"><a href=\"https:\/\/www.marvinchen.de\/olgas_welt\/blog\/2013\/01\/alle-jahre-wieder\/img_0064-klein-web\/\" rel=\"attachment wp-att-1121\"><img loading=\"lazy\" decoding=\"async\" class=\"aligncenter  wp-image-1121\" src=\"https:\/\/www.marvinchen.de\/olgas_welt\/blog\/wp-content\/uploads\/2013\/01\/IMG_0064-klein-web.jpg\" alt=\"\" width=\"560\" height=\"420\" srcset=\"https:\/\/www.marvinchen.de\/olgas_welt\/blog\/wp-content\/uploads\/2013\/01\/IMG_0064-klein-web.jpg 800w, https:\/\/www.marvinchen.de\/olgas_welt\/blog\/wp-content\/uploads\/2013\/01\/IMG_0064-klein-web-300x225.jpg 300w\" sizes=\"auto, (max-width: 560px) 100vw, 560px\" \/><\/a><\/p>\n","protected":false},"excerpt":{"rendered":"<p>Nicht nur die Kinder wachsen ganz schnell und unbemerkt. Auch mein Blog hat ein weiteres Jahr geschafft und ist heute schon stolze 6 Jahre alt geworden! Bis jetzt habe ich ihn auf jeden Fall um einiges pflegeleichter als Kinder empfunden: er lie\u00df mich immer ausschlafen, war von Anfang an ganz sauber und hatte keine Trotzanf\u00e4lle. [&hellip;]<\/p>\n","protected":false},"author":3,"featured_media":0,"comment_status":"open","ping_status":"closed","sticky":false,"template":"","format":"standard","meta":{"ngg_post_thumbnail":0,"footnotes":""},"categories":[822,4,1],"tags":[18,14,53,317,13],"class_list":["post-1118","post","type-post","status-publish","format-standard","hentry","category-fotografie-und-photoshop","category-freud-und-leid","category-olca-und-stan","tag-blog","tag-carsten","tag-geburtstag","tag-kinder","tag-olga"],"_links":{"self":[{"href":"https:\/\/www.marvinchen.de\/olgas_welt\/blog\/wp-json\/wp\/v2\/posts\/1118","targetHints":{"allow":["GET"]}}],"collection":[{"href":"https:\/\/www.marvinchen.de\/olgas_welt\/blog\/wp-json\/wp\/v2\/posts"}],"about":[{"href":"https:\/\/www.marvinchen.de\/olgas_welt\/blog\/wp-json\/wp\/v2\/types\/post"}],"author":[{"embeddable":true,"href":"https:\/\/www.marvinchen.de\/olgas_welt\/blog\/wp-json\/wp\/v2\/users\/3"}],"replies":[{"embeddable":true,"href":"https:\/\/www.marvinchen.de\/olgas_welt\/blog\/wp-json\/wp\/v2\/comments?post=1118"}],"version-history":[{"count":0,"href":"https:\/\/www.marvinchen.de\/olgas_welt\/blog\/wp-json\/wp\/v2\/posts\/1118\/revisions"}],"wp:attachment":[{"href":"https:\/\/www.marvinchen.de\/olgas_welt\/blog\/wp-json\/wp\/v2\/media?parent=1118"}],"wp:term":[{"taxonomy":"category","embeddable":true,"href":"https:\/\/www.marvinchen.de\/olgas_welt\/blog\/wp-json\/wp\/v2\/categories?post=1118"},{"taxonomy":"post_tag","embeddable":true,"href":"https:\/\/www.marvinchen.de\/olgas_welt\/blog\/wp-json\/wp\/v2\/tags?post=1118"}],"curies":[{"name":"wp","href":"https:\/\/api.w.org\/{rel}","templated":true}]}}