{"id":1133,"date":"2013-01-28T20:14:32","date_gmt":"2013-01-28T19:14:32","guid":{"rendered":"http:\/\/www.marvinchen.de\/olgas_welt\/blog\/?p=1133"},"modified":"2013-01-28T20:14:32","modified_gmt":"2013-01-28T19:14:32","slug":"fotojahresplan-januar","status":"publish","type":"post","link":"https:\/\/www.marvinchen.de\/olgas_welt\/blog\/2013\/01\/fotojahresplan-januar\/","title":{"rendered":"Fotojahresplan &#8211; Januar"},"content":{"rendered":"<p>Der erste Monat\u00a0in 2013 ist schon fast vorbei. Viel zu schnell, wie ich es finde. Aber dennoch habe ich es geschafft das durchzuf\u00fchren, was ich mir fototechnisch f\u00fcr den Januar vorgenommen habe. In Begleitung\u00a0meines treuen\u00a0&#8222;Best Boy&#8220; Carsten machte ich in einer popskalten Nacht einige Bilder in der Dresdner Innenstadt.\u00a0\u00a0Es war \u00fcbrigens sogar meine allererste Erfahrung mit\u00a0dem Thema Langzeitbelichtung &#8211; ich fand es spannend, erst einmal ruhig stehen bleiben zu m\u00fcssen und dann ganz flink zu schauen, was am Ende der Wartezeit\u00a0auf dem Display\u00a0angezeigt wird\u00a0\u00a0\u00a0\u00a0 \ud83d\ude00<\/p>\n<p>Als erstes standen wir gegen 22 Uhr samt Dreibein und Fernausl\u00f6ser an der Synagoge:<\/p>\n<p style=\"text-align: center;\"><a href=\"https:\/\/www.marvinchen.de\/olgas_welt\/blog\/2013\/01\/fotojahresplan-januar\/img_0006-3\/\" rel=\"attachment wp-att-1134\"><img loading=\"lazy\" decoding=\"async\" class=\"size-full wp-image-1134 aligncenter\" src=\"https:\/\/www.marvinchen.de\/olgas_welt\/blog\/wp-content\/uploads\/2013\/01\/IMG_0006.jpg\" alt=\"\" width=\"533\" height=\"800\" srcset=\"https:\/\/www.marvinchen.de\/olgas_welt\/blog\/wp-content\/uploads\/2013\/01\/IMG_0006.jpg 533w, https:\/\/www.marvinchen.de\/olgas_welt\/blog\/wp-content\/uploads\/2013\/01\/IMG_0006-300x450.jpg 300w\" sizes=\"auto, (max-width: 533px) 100vw, 533px\" \/><\/a><\/p>\n<p>Danach bewegten wir uns auf die Kern-Altstadt zu:<\/p>\n<p style=\"text-align: center;\"><a href=\"https:\/\/www.marvinchen.de\/olgas_welt\/blog\/2013\/01\/fotojahresplan-januar\/img_0008-3\/\" rel=\"attachment wp-att-1135\"><img loading=\"lazy\" decoding=\"async\" class=\"aligncenter  wp-image-1135\" src=\"https:\/\/www.marvinchen.de\/olgas_welt\/blog\/wp-content\/uploads\/2013\/01\/IMG_0008.jpg\" alt=\"\" width=\"560\" height=\"373\" srcset=\"https:\/\/www.marvinchen.de\/olgas_welt\/blog\/wp-content\/uploads\/2013\/01\/IMG_0008.jpg 800w, https:\/\/www.marvinchen.de\/olgas_welt\/blog\/wp-content\/uploads\/2013\/01\/IMG_0008-300x199.jpg 300w\" sizes=\"auto, (max-width: 560px) 100vw, 560px\" \/><\/a><\/p>\n<p style=\"text-align: left;\">Die winterliche und menschenleere M\u00fcnzgasse genie\u00dft die verdiente Ruhe nach der anstrengenden Weihnachtszeit und strahlt in meinen Augen im Januar noch sch\u00f6ner als im Dezember:<\/p>\n<p style=\"text-align: center;\"><a href=\"https:\/\/www.marvinchen.de\/olgas_welt\/blog\/2013\/01\/fotojahresplan-januar\/img_0033-2\/\" rel=\"attachment wp-att-1136\"><img loading=\"lazy\" decoding=\"async\" class=\"aligncenter  wp-image-1136\" src=\"https:\/\/www.marvinchen.de\/olgas_welt\/blog\/wp-content\/uploads\/2013\/01\/IMG_0033.jpg\" alt=\"\" width=\"560\" height=\"373\" srcset=\"https:\/\/www.marvinchen.de\/olgas_welt\/blog\/wp-content\/uploads\/2013\/01\/IMG_0033.jpg 800w, https:\/\/www.marvinchen.de\/olgas_welt\/blog\/wp-content\/uploads\/2013\/01\/IMG_0033-300x199.jpg 300w\" sizes=\"auto, (max-width: 560px) 100vw, 560px\" \/><\/a><\/p>\n<p style=\"text-align: left;\">N\u00e4chtliche Dreifaltigkeit: Uhr, Laterne, Treppe &#8230;<\/p>\n<p style=\"text-align: center;\"><a href=\"https:\/\/www.marvinchen.de\/olgas_welt\/blog\/2013\/01\/fotojahresplan-januar\/img_0038_bearbeitet-2\/\" rel=\"attachment wp-att-1137\"><img loading=\"lazy\" decoding=\"async\" class=\"aligncenter  wp-image-1137\" src=\"https:\/\/www.marvinchen.de\/olgas_welt\/blog\/wp-content\/uploads\/2013\/01\/IMG_0038_bearbeitet-2.jpg\" alt=\"\" width=\"560\" height=\"373\" srcset=\"https:\/\/www.marvinchen.de\/olgas_welt\/blog\/wp-content\/uploads\/2013\/01\/IMG_0038_bearbeitet-2.jpg 800w, https:\/\/www.marvinchen.de\/olgas_welt\/blog\/wp-content\/uploads\/2013\/01\/IMG_0038_bearbeitet-2-300x199.jpg 300w\" sizes=\"auto, (max-width: 560px) 100vw, 560px\" \/><\/a><\/p>\n<p style=\"text-align: left;\">Die Adeligen\u00a0des F\u00fcrstenzuges warteten vermutlich darauf, dass auch wir endlich von der Bildfl\u00e4che verschwinden, damit sie sich entspannen und generations\u00fcbergreifend miteinander schwatzen k\u00f6nnen:<\/p>\n<p style=\"text-align: center;\"><a href=\"https:\/\/www.marvinchen.de\/olgas_welt\/blog\/2013\/01\/fotojahresplan-januar\/img_0052-2\/\" rel=\"attachment wp-att-1138\"><img loading=\"lazy\" decoding=\"async\" class=\"size-full wp-image-1138 aligncenter\" src=\"https:\/\/www.marvinchen.de\/olgas_welt\/blog\/wp-content\/uploads\/2013\/01\/IMG_0052.jpg\" alt=\"\" width=\"533\" height=\"800\" srcset=\"https:\/\/www.marvinchen.de\/olgas_welt\/blog\/wp-content\/uploads\/2013\/01\/IMG_0052.jpg 533w, https:\/\/www.marvinchen.de\/olgas_welt\/blog\/wp-content\/uploads\/2013\/01\/IMG_0052-300x450.jpg 300w\" sizes=\"auto, (max-width: 533px) 100vw, 533px\" \/><\/a><\/p>\n<p>Lichter der Augustusbr\u00fccke:<\/p>\n<p style=\"text-align: center;\"><a href=\"https:\/\/www.marvinchen.de\/olgas_welt\/blog\/2013\/01\/fotojahresplan-januar\/img_0067\/\" rel=\"attachment wp-att-1139\"><img loading=\"lazy\" decoding=\"async\" class=\"aligncenter  wp-image-1139\" src=\"https:\/\/www.marvinchen.de\/olgas_welt\/blog\/wp-content\/uploads\/2013\/01\/IMG_0067.jpg\" alt=\"\" width=\"560\" height=\"373\" srcset=\"https:\/\/www.marvinchen.de\/olgas_welt\/blog\/wp-content\/uploads\/2013\/01\/IMG_0067.jpg 800w, https:\/\/www.marvinchen.de\/olgas_welt\/blog\/wp-content\/uploads\/2013\/01\/IMG_0067-300x199.jpg 300w\" sizes=\"auto, (max-width: 560px) 100vw, 560px\" \/><\/a><\/p>\n<p style=\"text-align: left;\">\u00a0Keine nervigen Musiker, keine Bettler, keine Touris &#8230;<\/p>\n<p style=\"text-align: center;\"><a href=\"https:\/\/www.marvinchen.de\/olgas_welt\/blog\/2013\/01\/fotojahresplan-januar\/img_0068\/\" rel=\"attachment wp-att-1140\"><img loading=\"lazy\" decoding=\"async\" class=\"aligncenter  wp-image-1140\" src=\"https:\/\/www.marvinchen.de\/olgas_welt\/blog\/wp-content\/uploads\/2013\/01\/IMG_0068.jpg\" alt=\"\" width=\"560\" height=\"373\" srcset=\"https:\/\/www.marvinchen.de\/olgas_welt\/blog\/wp-content\/uploads\/2013\/01\/IMG_0068.jpg 800w, https:\/\/www.marvinchen.de\/olgas_welt\/blog\/wp-content\/uploads\/2013\/01\/IMG_0068-300x199.jpg 300w\" sizes=\"auto, (max-width: 560px) 100vw, 560px\" \/><\/a><\/p>\n<p style=\"text-align: left;\">\u00a0Nat\u00fcrlich durfte auf unserem Rundgang die Semperoper nicht fehlen:<\/p>\n<p style=\"text-align: center;\"><a href=\"https:\/\/www.marvinchen.de\/olgas_welt\/blog\/2013\/01\/fotojahresplan-januar\/img_0076-2\/\" rel=\"attachment wp-att-1141\"><img loading=\"lazy\" decoding=\"async\" class=\"aligncenter  wp-image-1141\" src=\"https:\/\/www.marvinchen.de\/olgas_welt\/blog\/wp-content\/uploads\/2013\/01\/IMG_0076.jpg\" alt=\"\" width=\"560\" height=\"369\" srcset=\"https:\/\/www.marvinchen.de\/olgas_welt\/blog\/wp-content\/uploads\/2013\/01\/IMG_0076.jpg 800w, https:\/\/www.marvinchen.de\/olgas_welt\/blog\/wp-content\/uploads\/2013\/01\/IMG_0076-300x197.jpg 300w\" sizes=\"auto, (max-width: 560px) 100vw, 560px\" \/><\/a><\/p>\n<p style=\"text-align: left;\">Die Lichter der \u00e4ltesten Elbbr\u00fccke in Dresden und ihre Spiegelung im Flu\u00df:<\/p>\n<p style=\"text-align: center;\"><a href=\"https:\/\/www.marvinchen.de\/olgas_welt\/blog\/2013\/01\/fotojahresplan-januar\/img_0079\/\" rel=\"attachment wp-att-1142\"><img loading=\"lazy\" decoding=\"async\" class=\"aligncenter  wp-image-1142\" src=\"https:\/\/www.marvinchen.de\/olgas_welt\/blog\/wp-content\/uploads\/2013\/01\/IMG_0079.jpg\" alt=\"\" width=\"560\" height=\"373\" srcset=\"https:\/\/www.marvinchen.de\/olgas_welt\/blog\/wp-content\/uploads\/2013\/01\/IMG_0079.jpg 800w, https:\/\/www.marvinchen.de\/olgas_welt\/blog\/wp-content\/uploads\/2013\/01\/IMG_0079-300x199.jpg 300w\" sizes=\"auto, (max-width: 560px) 100vw, 560px\" \/><\/a><\/p>\n<p style=\"text-align: left;\">Und auf dem Weg zur\u00fcck zum Auto gab es einen weiteren Schnappschu\u00df mit Wartezeit:<\/p>\n<p style=\"text-align: center;\"><a href=\"https:\/\/www.marvinchen.de\/olgas_welt\/blog\/2013\/01\/fotojahresplan-januar\/img_0086-2\/\" rel=\"attachment wp-att-1143\"><img loading=\"lazy\" decoding=\"async\" class=\"aligncenter  wp-image-1143\" src=\"https:\/\/www.marvinchen.de\/olgas_welt\/blog\/wp-content\/uploads\/2013\/01\/IMG_0086.jpg\" alt=\"\" width=\"560\" height=\"373\" srcset=\"https:\/\/www.marvinchen.de\/olgas_welt\/blog\/wp-content\/uploads\/2013\/01\/IMG_0086.jpg 800w, https:\/\/www.marvinchen.de\/olgas_welt\/blog\/wp-content\/uploads\/2013\/01\/IMG_0086-300x199.jpg 300w\" sizes=\"auto, (max-width: 560px) 100vw, 560px\" \/><\/a><\/p>\n<p style=\"text-align: left;\">\u00a0<br \/>\n<span style=\"text-decoration: underline;\">Mein Fazit dieser Foto-Runde:<\/span><\/p>\n<ul>\n<li>\n<div style=\"text-align: left;\">das Festbrennweitenobjektiv\u00a0ist f\u00fcr solche Sachen zwar sch\u00f6n leicht zu transportieren und warm zu halten, aber etwas unflexibel\u00a0bei Gro\u00dfansichten ohne Abstand &#8230; deshalb gibt es auch keine Frauenkirchenbilder, denn die bekamen wir einfach nicht im Ganzen auf das Bild<\/div>\n<\/li>\n<li>\n<div style=\"text-align: left;\">eine leere Stadt ist einfach \u00a0bezaubernd!<\/div>\n<\/li>\n<li>\n<div style=\"text-align: left;\">das n\u00e4chste Mal nehme ich mir solche Projekte lieber\u00a0f\u00fcr den Sommer vor!<\/div>\n<\/li>\n<\/ul>\n<p style=\"text-align: left;\">und last but not least:<\/p>\n<ul>\n<li>\n<div style=\"text-align: left;\">Carsten ist bei solchen Fotoprojekten einfach unentbehrlich!<\/div>\n<\/li>\n<\/ul>\n","protected":false},"excerpt":{"rendered":"<p>Der erste Monat\u00a0in 2013 ist schon fast vorbei. Viel zu schnell, wie ich es finde. Aber dennoch habe ich es geschafft das durchzuf\u00fchren, was ich mir fototechnisch f\u00fcr den Januar vorgenommen habe. In Begleitung\u00a0meines treuen\u00a0&#8222;Best Boy&#8220; Carsten machte ich in einer popskalten Nacht einige Bilder in der Dresdner Innenstadt.\u00a0\u00a0Es war \u00fcbrigens sogar meine allererste Erfahrung [&hellip;]<\/p>\n","protected":false},"author":3,"featured_media":0,"comment_status":"open","ping_status":"closed","sticky":false,"template":"","format":"standard","meta":{"ngg_post_thumbnail":0,"footnotes":""},"categories":[3,822,4,1],"tags":[14,27,587,638,834,833,13],"class_list":["post-1133","post","type-post","status-publish","format-standard","hentry","category-ausfluege-und-reisen","category-fotografie-und-photoshop","category-freud-und-leid","category-olca-und-stan","tag-carsten","tag-dresden","tag-foto","tag-fotografie","tag-innenstadt","tag-nachtbild","tag-olga"],"_links":{"self":[{"href":"https:\/\/www.marvinchen.de\/olgas_welt\/blog\/wp-json\/wp\/v2\/posts\/1133","targetHints":{"allow":["GET"]}}],"collection":[{"href":"https:\/\/www.marvinchen.de\/olgas_welt\/blog\/wp-json\/wp\/v2\/posts"}],"about":[{"href":"https:\/\/www.marvinchen.de\/olgas_welt\/blog\/wp-json\/wp\/v2\/types\/post"}],"author":[{"embeddable":true,"href":"https:\/\/www.marvinchen.de\/olgas_welt\/blog\/wp-json\/wp\/v2\/users\/3"}],"replies":[{"embeddable":true,"href":"https:\/\/www.marvinchen.de\/olgas_welt\/blog\/wp-json\/wp\/v2\/comments?post=1133"}],"version-history":[{"count":0,"href":"https:\/\/www.marvinchen.de\/olgas_welt\/blog\/wp-json\/wp\/v2\/posts\/1133\/revisions"}],"wp:attachment":[{"href":"https:\/\/www.marvinchen.de\/olgas_welt\/blog\/wp-json\/wp\/v2\/media?parent=1133"}],"wp:term":[{"taxonomy":"category","embeddable":true,"href":"https:\/\/www.marvinchen.de\/olgas_welt\/blog\/wp-json\/wp\/v2\/categories?post=1133"},{"taxonomy":"post_tag","embeddable":true,"href":"https:\/\/www.marvinchen.de\/olgas_welt\/blog\/wp-json\/wp\/v2\/tags?post=1133"}],"curies":[{"name":"wp","href":"https:\/\/api.w.org\/{rel}","templated":true}]}}