{"id":114,"date":"2009-02-07T13:05:20","date_gmt":"2009-02-07T11:05:20","guid":{"rendered":"http:\/\/www.marvinchen.de\/olgas_welt\/blog\/?p=114"},"modified":"2009-05-03T13:08:35","modified_gmt":"2009-05-03T11:08:35","slug":"feiern-und-nachdenken","status":"publish","type":"post","link":"https:\/\/www.marvinchen.de\/olgas_welt\/blog\/2009\/02\/feiern-und-nachdenken\/","title":{"rendered":"Feiern und Nachdenken &#8230;"},"content":{"rendered":"<p>Die zweite H\u00e4lfte unseres Freitagnachmittags war erst fr\u00f6hlich-aufgeregt und dann historisch-nachdenklich.<\/p>\n<p>Ich bin extra fr\u00fcher von der Arbeit nach Hause gegangen, denn gestern gab es zwei bedeutende Ereignisse mit unseren Kindern zu feiern: Stephanie wurde 13 Jahre alt und es gab die Halbjahresinformationen. Das zweite Ereignis wurde recht schnell abgehackt, denn die Zeugnisse waren zwar aus meiner ehrgeizigen Sicht nicht perfekt, aber sie waren wirklich gut. Wir wussten ja schon vorab, welche Noten die Kinder nach Hause bringen, denn nach wie vor sehen wir uns die Hausaufgabenhefte der Kinder jeden Tag an und auch die Hausaufgaben werden uns vorgelegt. So hat man zumindest den \u00dcberblick, welchen Stoff sie gerade in der Schule durchackern und wo sie evtl. irgendwas nicht verstanden haben und mehr \u00fcben m\u00fcssen, um das gro\u00dfe Ziel, das Abitur, zu schaffen.<\/p>\n<p>Danach haben wir eine \u201eBenjamin Bl\u00fcmchen\u201c-Torte aufgeteilt und Mini -Windbeutel auf die Teller gepackt. Die Torte ist \u00fcbrigens nicht wegen der Figur gekauft worden, sondern weil sie uns immer noch gut schmeckt und sie nicht so gro\u00df ist wie die TK-Torten f\u00fcr Erwachsene.<\/p>\n<p>Nachdem von den Leckerein nur noch ein paar kleine Kr\u00fcmeln \u00fcbrig geblieben sind und die Kaffee\/Tee\/Kakaotassen leer waren, ging es endlich zum dem sch\u00f6nsten Teil eines Geburtstages: Geschenke auspacken. Stephanies Kleiderschrank hat ein paar neue Inhalte bekommen, auch ihr B\u00fccherregal wurde aufgef\u00fcllt und f\u00fcr die sch\u00f6neren Tr\u00e4ume hat sie kuschelige Bettw\u00e4sche mit ihrem Lieblingstiermotiv bekommen, Giraffen. Au\u00dferdem packte sie Gesundheitsstecker aus, mit denen sie endlich Ohrl\u00f6cher bekommen soll, einen Gutschein von ihrem Lieblingsb\u00e4cker, neue schicke Kopfh\u00f6rer und, da sie jetzt 13 geworden ist, auch die erste Schminke.<\/p>\n<p>Nachdem alles anprobiert wurde und man vor Freude schon ziemlich aus dem H\u00e4uschen war, holte ich ihr Babyalbum aus dem Schrank heraus und dann sa\u00dfen nur wir zwei auf der Couch und ich erz\u00e4hlte ihr einige Schw\u00e4nke aus ihrer Baby- und Kleinkindzeit. Carsten besch\u00e4ftigte sich derweil mit Andreas Rechner, also hatten wir alle etwas Nettes zu tun.<\/p>\n<p>Die Kinder wurden abends von ihrem Papa abgeholt und sie werden jetzt bei ihm bleiben bis wir zur\u00fcck aus dem T\u00fcrkeiurlaub zur\u00fcckkommen.<\/p>\n<p>Carsten und ich hatten f\u00fcr den kinderfreien Freitagabend Karten f\u00fcr \u201eOperation Walk\u00fcre \u2013 Das Stauffenberg Attentat\u201c vorbestellt. Mein Interesse an der Geschichte verblasste noch nie so richtig und seit ich in Deutschland lebe und die Chance habe, den zweiten Weltkrieg aus einem anderen Blickwinkel zu betrachten, nutze ich jede M\u00f6glichkeit daf\u00fcr. Der Film ist wirklich gut. Man mag \u00fcber Tom Cruises Privatleben denken, was man will, aber er ist in meinen Augen immer noch ein guter Schauspieler. Auch die Carice van Houten, welche ich schon als geheimnisvolle Minusch unglaublich beeindruckend fand, hat ihre Rolle als Nina von Stauffenberg gut gespielt, auch wenn ihr Part nicht sehr gro\u00df war. Die Geschichte kannte ich bislang nur in sehr groben Z\u00fcgen, nun sch\u00e4tze ich, sie im Ganzen zu kennen und auch zu verstehen. Das Thema wird mich wohl noch einige Tage besch\u00e4ftigen, es ist eben ein Streifen, welcher zum Nachdenken anregt. Die Geschichte kann mich eben nie gleichg\u00fcltig lassen, egal ob gelesen oder gesehen.<\/p>\n<p>Aber heute, nachdem ich mit dem Schreiben fertig bin, gehe ich etwas Sch\u00f6nes anschauen: die kleine Tochter meiner ehemaligen Arbeitskollegin. Auf den Bildern sieht sie wirklich knuffig aus, also muss ich sie auch mal richtig sehen!<\/p>\n","protected":false},"excerpt":{"rendered":"<p>Die zweite H\u00e4lfte unseres Freitagnachmittags war erst fr\u00f6hlich-aufgeregt und dann historisch-nachdenklich. Ich bin extra fr\u00fcher von der Arbeit nach Hause gegangen, denn gestern gab es zwei bedeutende Ereignisse mit unseren Kindern zu feiern: Stephanie wurde 13 Jahre alt und es gab die Halbjahresinformationen. Das zweite Ereignis wurde recht schnell abgehackt, denn die Zeugnisse waren zwar [&hellip;]<\/p>\n","protected":false},"author":3,"featured_media":0,"comment_status":"open","ping_status":"open","sticky":false,"template":"","format":"standard","meta":{"ngg_post_thumbnail":0,"footnotes":""},"categories":[12,4,1],"tags":[16,338,14,52,53,339,13,340,15],"class_list":["post-114","post","type-post","status-publish","format-standard","hentry","category-film-und-fernsehen","category-freud-und-leid","category-olca-und-stan","tag-andrea","tag-baby","tag-carsten","tag-film","tag-geburtstag","tag-geschichte","tag-olga","tag-stauffenberg","tag-stephanie"],"_links":{"self":[{"href":"https:\/\/www.marvinchen.de\/olgas_welt\/blog\/wp-json\/wp\/v2\/posts\/114","targetHints":{"allow":["GET"]}}],"collection":[{"href":"https:\/\/www.marvinchen.de\/olgas_welt\/blog\/wp-json\/wp\/v2\/posts"}],"about":[{"href":"https:\/\/www.marvinchen.de\/olgas_welt\/blog\/wp-json\/wp\/v2\/types\/post"}],"author":[{"embeddable":true,"href":"https:\/\/www.marvinchen.de\/olgas_welt\/blog\/wp-json\/wp\/v2\/users\/3"}],"replies":[{"embeddable":true,"href":"https:\/\/www.marvinchen.de\/olgas_welt\/blog\/wp-json\/wp\/v2\/comments?post=114"}],"version-history":[{"count":0,"href":"https:\/\/www.marvinchen.de\/olgas_welt\/blog\/wp-json\/wp\/v2\/posts\/114\/revisions"}],"wp:attachment":[{"href":"https:\/\/www.marvinchen.de\/olgas_welt\/blog\/wp-json\/wp\/v2\/media?parent=114"}],"wp:term":[{"taxonomy":"category","embeddable":true,"href":"https:\/\/www.marvinchen.de\/olgas_welt\/blog\/wp-json\/wp\/v2\/categories?post=114"},{"taxonomy":"post_tag","embeddable":true,"href":"https:\/\/www.marvinchen.de\/olgas_welt\/blog\/wp-json\/wp\/v2\/tags?post=114"}],"curies":[{"name":"wp","href":"https:\/\/api.w.org\/{rel}","templated":true}]}}