{"id":1145,"date":"2013-01-30T19:59:24","date_gmt":"2013-01-30T18:59:24","guid":{"rendered":"http:\/\/www.marvinchen.de\/olgas_welt\/blog\/?p=1145"},"modified":"2013-01-30T19:59:24","modified_gmt":"2013-01-30T18:59:24","slug":"2012-und-die-olcas","status":"publish","type":"post","link":"https:\/\/www.marvinchen.de\/olgas_welt\/blog\/2013\/01\/2012-und-die-olcas\/","title":{"rendered":"2012 und die OLCAs"},"content":{"rendered":"<p>Dieses Mal sind wir recht fr\u00fch mit dem Schreiben unseres Jahresberichtes fertig geworden. \u00a0Es ist im angeblichen Weltuntergangsjahr viel passiert und etliche Ereignisse waren f\u00fcr unsere Familie richtig einschneidend.<\/p>\n<p>Bei Verfassen half es nat\u00fcrlich enorm, dass Carsten als Erg\u00e4nzung zu meinen sporadischen Blogeintr\u00e4gen ziemlich diszipliniert unsere Online-Tageb\u00fccher in der <a href=\"https:\/\/www.marvinchen.de\/webbibliothek\/index.htm\" target=\"_blank\">Webbibliothek<\/a> pflegt. So kann man beim Durchlesen seiner gut formulierten Notizen ganz viel Revue passieren lassen und \u00f6fter mal ausrufen: &#8222;Was? Das war erst \/ schon dieses Jahr?!&#8220;<\/p>\n<p>Auf jeden Fall haben wir nun die wichtigsten Erlebnisse aus 2012 zusammengefasst und alles in eine lesetaugliche Form gebracht.<\/p>\n<p>Wer neugierig ist, was wir vier in den vergangenen 12 Monaten gemacht und erlebt haben, sei hiermit zum Lesen des <a href=\"https:\/\/www.marvinchen.de\" target=\"_blank\">Jahresberichts 2012<\/a>\u00a0(die Klingel ist nicht zu \u00fcbersehen!) ganz herzlich eingeladen \u00a0 \u00a0 \ud83d\ude42<\/p>\n<p>Viel Spa\u00df w\u00fcnschen Euch die Autoren (Olga und Carsten) und Lektoren (Andrea und Stephanie) \u00a0 \u00a0 \ud83d\ude09<\/p>\n","protected":false},"excerpt":{"rendered":"<p>Dieses Mal sind wir recht fr\u00fch mit dem Schreiben unseres Jahresberichtes fertig geworden. \u00a0Es ist im angeblichen Weltuntergangsjahr viel passiert und etliche Ereignisse waren f\u00fcr unsere Familie richtig einschneidend. Bei Verfassen half es nat\u00fcrlich enorm, dass Carsten als Erg\u00e4nzung zu meinen sporadischen Blogeintr\u00e4gen ziemlich diszipliniert unsere Online-Tageb\u00fccher in der Webbibliothek pflegt. So kann man beim [&hellip;]<\/p>\n","protected":false},"author":3,"featured_media":0,"comment_status":"open","ping_status":"closed","sticky":false,"template":"","format":"standard","meta":{"ngg_post_thumbnail":0,"footnotes":""},"categories":[3,4,7,1],"tags":[751,16,18,14,151,13,15,499],"class_list":["post-1145","post","type-post","status-publish","format-standard","hentry","category-ausfluege-und-reisen","category-freud-und-leid","category-freunde-und-co","category-olca-und-stan","tag-751","tag-andrea","tag-blog","tag-carsten","tag-jahresbericht","tag-olga","tag-stephanie","tag-tagebuch"],"_links":{"self":[{"href":"https:\/\/www.marvinchen.de\/olgas_welt\/blog\/wp-json\/wp\/v2\/posts\/1145","targetHints":{"allow":["GET"]}}],"collection":[{"href":"https:\/\/www.marvinchen.de\/olgas_welt\/blog\/wp-json\/wp\/v2\/posts"}],"about":[{"href":"https:\/\/www.marvinchen.de\/olgas_welt\/blog\/wp-json\/wp\/v2\/types\/post"}],"author":[{"embeddable":true,"href":"https:\/\/www.marvinchen.de\/olgas_welt\/blog\/wp-json\/wp\/v2\/users\/3"}],"replies":[{"embeddable":true,"href":"https:\/\/www.marvinchen.de\/olgas_welt\/blog\/wp-json\/wp\/v2\/comments?post=1145"}],"version-history":[{"count":0,"href":"https:\/\/www.marvinchen.de\/olgas_welt\/blog\/wp-json\/wp\/v2\/posts\/1145\/revisions"}],"wp:attachment":[{"href":"https:\/\/www.marvinchen.de\/olgas_welt\/blog\/wp-json\/wp\/v2\/media?parent=1145"}],"wp:term":[{"taxonomy":"category","embeddable":true,"href":"https:\/\/www.marvinchen.de\/olgas_welt\/blog\/wp-json\/wp\/v2\/categories?post=1145"},{"taxonomy":"post_tag","embeddable":true,"href":"https:\/\/www.marvinchen.de\/olgas_welt\/blog\/wp-json\/wp\/v2\/tags?post=1145"}],"curies":[{"name":"wp","href":"https:\/\/api.w.org\/{rel}","templated":true}]}}