{"id":1153,"date":"2013-02-17T21:17:47","date_gmt":"2013-02-17T20:17:47","guid":{"rendered":"http:\/\/www.marvinchen.de\/olgas_welt\/blog\/?p=1153"},"modified":"2013-02-17T21:17:47","modified_gmt":"2013-02-17T20:17:47","slug":"zu-besuch-bei-den-thuringern","status":"publish","type":"post","link":"https:\/\/www.marvinchen.de\/olgas_welt\/blog\/2013\/02\/zu-besuch-bei-den-thuringern\/","title":{"rendered":"Zu Besuch bei den Th\u00fcringern"},"content":{"rendered":"<p>Aus verschiedenen Gr\u00fcnden lag das Ziel unserer allj\u00e4hrlichen Hochzeitstagreise diesmal nicht so weit vom Zuhause entfernt wie es noch <a href=\"https:\/\/www.marvinchen.de\/olgas_welt\/blog\/2012\/02\/sonne-fur-fell-und-seele\/\" target=\"_blank\">vor einem Jahr<\/a> der Fall war. Statt Sonnenschein und Sand auf Fuerte landeten wir diesmal im kalten und verschneiten Th\u00fcringen. Ich m\u00f6chte aber keineswegs unken, denn diverse Ziele, welche in diesem benachbarten Bundesland liegen, standen schon lange auf unserer Wunschliste &#8211;\u00a0somit passte es ausgezeichnet.<\/p>\n<p>Wir sind bereits am Sonntagmorgen (10.2.) aufgebrochen und haben noch ein paar\u00a0Zwischenstopps auf dem Weg zu unserer Pension &#8222;<a href=\"http:\/\/www.hinzundkunz.net\/\" target=\"_blank\">Hinz und Kunz<\/a>&#8220; in Weimar eingelegt. Zuerst haben wir uns ganz kurz die <a href=\"http:\/\/www.goeltzschtalbruecke.de\/\" target=\"_blank\">G\u00f6ltzschtalbr\u00fccke<\/a> angesehen &#8211; sehr beeindruckend! Es war vor ca. 21 Jahren eine meiner ersten Sehensw\u00fcrdigkeiten hierzulande und was habe ich damals als Ausl\u00e4nder trotz\u00a0Goetheinstitut-geschultem Deutsch mit der Aussprache dieses Bauwerkes gek\u00e4mpft! Man k\u00f6nnte das ja schon fast\u00a0zu einem Bestandteil des Einb\u00fcrgerungstests\u00a0betrachten \u00a0\u00a0\u00a0 \ud83d\ude09<br \/>\nDanach haben wir mit dem Auto eine kleine Runde durch Greiz gedreht, da wir nun schon mal in der N\u00e4he waren. In diesem St\u00e4dtchen habe ich meine ersten Deutschlandjahre verbracht und\u00a0hier wurde auch meine Gro\u00dfe geboren. Aber leider fehlt in dieser Ecke ein gro\u00dfer Arbeitgeber und man merkt, dass auch das Geld f\u00fcr die Instandhaltung und Renovierung vieler Geb\u00e4ude demzufolge\u00a0fehlt &#8211; schade!<\/p>\n<p>Daf\u00fcr fanden wir Plauen &#8211; unsere n\u00e4chste Station an diesem Tag &#8211;\u00a0echt schick! Dort habe ich etwas durch Zufall meinen allerersten Karnevalsumzug erlebt.\u00a0Eigentlich spielt Fasching in unserer Gegend eine sehr untergeordnete Rolle und\u00a0ich war bislang\u00a0auch nur mit den Kindern aus dem Hort in der Siedlung unterwegs. Mir hat es gefallen! Ordentlich durchgefroren und mit Kamellen beworfen sind wir danach direkt nach Weimar gefahren.<\/p>\n<p>Am n\u00e4chsten Tag haben wir uns die Burgenkonstellation <a href=\"http:\/\/www.drei-gleichen.de\/\" target=\"_blank\">Drei Gleichen<\/a>\u00a0angesehen. Eine ca. 16 km lange Wanderung an einem sonnigen Wintertag durch\u00a0schneebedeckte Landschaften &#8211; wundersch\u00f6n!<\/p>\n<p>Das Ziel des darauffolgenden Tages war nicht so erfreulich, aber das Thema interessiert mich nach wie vor sehr und deshalb sind wir nach Buchenwald gefahren, um an einer F\u00fchrung durch das ehemalige KZ teilzunehmen.<\/p>\n<p>Am\u00a0Dienstag stand die Landeshauptstadt Th\u00fcringens auf unserer Wunschliste. Erfurt ist gotisch-sch\u00f6n, aber um einiges kleiner als Dresden, darum\u00a0konnten wir uns die wichtigsten Sehensw\u00fcrdigkeiten in relativ kurzer Zeit anschauen.\u00a0Bestimmt haben wir auch irgendetwas verpasst, aber unseligerweise war ausgerechnet an unserem Besuchstag die Touristeninformation geschlossen. Da wir noch viel Zeit hatten, fuhren wir zur nicht weit entfernten, aber sehr ber\u00fchmten\u00a0Wartburg &#8211; eine weitere historisch wichtige St\u00e4tte f\u00fcr die Deutschen. Damit waren die Ausfl\u00fcge, welche mit einer Autofahrt verbunden waren, schon jetzt alle erledigt.<\/p>\n<p>Die n\u00e4chsten zwei Tage, inklusive unseres 7. Hochzeitstages, haben wir in Weimar verbracht. Wir erlebten eine interessante und sehr am\u00fcsante F\u00fchrung durch die Stadt, in welcher solche Pers\u00f6nlichkeiten wie Goethe, Schiller, Bach, Liszt, van de Felde, Gr\u00f6pius und einige anderen\u00a0beheimatet waren. Das Abendessen zum Ende\u00a0unseres verflixten 7. Jahres\u00a0g\u00f6nnten wir uns\u00a0deftig-th\u00fcringisch im &#8222;<a href=\"http:\/\/www.koestritzer-schwarzbierhaus-weimar.de\/KSH-Weimar.de\/Willkommen.html\" target=\"_blank\">Schwarzbierhaus<\/a>&#8222;. Am Tag danach nutzten wir ein sonniges Winterwetter f\u00fcr die Besichtigung noch nicht entdeckter Sehensw\u00fcrdigkeiten und\u00a0f\u00fcr einen\u00a0Spaziergang im Park an der Ilm &#8230; direkt an dem\u00a0Goethe seinem\u00a0Gartenh\u00e4uschen\u00a0\u00a0\u00a0\u00a0 \ud83d\ude09\u00a0\u00a0\u00a0\u00a0 vorbei.<\/p>\n<p>Am Samstag fuhren wir nach dem Fr\u00fchst\u00fcck direkt nach Hause, da wir f\u00fcr den\u00a0Nachmittag mit\u00a0Andrea (samt Karl) und Stephanie geplant haben, den neuen Streifen aus der &#8222;Stirb Langsam&#8220;-Reihe im Kino anzuschauen. Das musste einfach sein\u00a0\u00a0\u00a0\u00a0\u00a0\ud83d\ude00<\/p>\n<p>Jetzt\u00a0h\u00e4ngt mittlerweile schon die vierte Ladung W\u00e4sche auf dem Trockner und morgen geht es\u00a0*seufz* erneut ins B\u00fcro &#8211; das Geld f\u00fcr den n\u00e4chsten Urlaub will mal wieder verdient werden\u00a0\u00a0\u00a0\u00a0\u00a0\ud83d\ude00<\/p>\n<p>P.S.: Ich habe auch in diesem Urlaub mein ultimatives Symbol f\u00fcr die gute Erholung gefunden &#8211; eine Palme darf nie fehlen!<\/p>\n<p style=\"text-align: center\"><a href=\"https:\/\/www.marvinchen.de\/olgas_welt\/blog\/2013\/02\/zu-besuch-bei-den-thuringern\/palme-in-thuringen\/\" rel=\"attachment wp-att-1155\"><img loading=\"lazy\" decoding=\"async\" class=\"aligncenter  wp-image-1155\" src=\"https:\/\/www.marvinchen.de\/olgas_welt\/blog\/wp-content\/uploads\/2013\/02\/Palme-in-Th\u00fcringen.jpg\" alt=\"\" width=\"560\" height=\"420\" srcset=\"https:\/\/www.marvinchen.de\/olgas_welt\/blog\/wp-content\/uploads\/2013\/02\/Palme-in-Th\u00fcringen.jpg 800w, https:\/\/www.marvinchen.de\/olgas_welt\/blog\/wp-content\/uploads\/2013\/02\/Palme-in-Th\u00fcringen-300x225.jpg 300w\" sizes=\"auto, (max-width: 560px) 100vw, 560px\" \/><\/a><\/p>\n<p>P.P.S. : Nat\u00fcrlich war wie immer ein B\u00e4r mit dabei &#8211; Heinis Sicht auf diesen Urlaub folgt in K\u00fcrze in Wort und Bild!<\/p>\n","protected":false},"excerpt":{"rendered":"<p>Aus verschiedenen Gr\u00fcnden lag das Ziel unserer allj\u00e4hrlichen Hochzeitstagreise diesmal nicht so weit vom Zuhause entfernt wie es noch vor einem Jahr der Fall war. Statt Sonnenschein und Sand auf Fuerte landeten wir diesmal im kalten und verschneiten Th\u00fcringen. Ich m\u00f6chte aber keineswegs unken, denn diverse Ziele, welche in diesem benachbarten Bundesland liegen, standen schon [&hellip;]<\/p>\n","protected":false},"author":3,"featured_media":0,"comment_status":"open","ping_status":"closed","sticky":false,"template":"","format":"standard","meta":{"ngg_post_thumbnail":0,"footnotes":""},"categories":[3,12,4,1],"tags":[320,14,52,162,317,354,13,510,807,837,670],"class_list":["post-1153","post","type-post","status-publish","format-standard","hentry","category-ausfluege-und-reisen","category-film-und-fernsehen","category-freud-und-leid","category-olca-und-stan","tag-bar","tag-carsten","tag-film","tag-hochzeitstag","tag-kinder","tag-kino","tag-olga","tag-reise","tag-sehenswurdigkeiten","tag-thuringen","tag-valentinstag"],"_links":{"self":[{"href":"https:\/\/www.marvinchen.de\/olgas_welt\/blog\/wp-json\/wp\/v2\/posts\/1153","targetHints":{"allow":["GET"]}}],"collection":[{"href":"https:\/\/www.marvinchen.de\/olgas_welt\/blog\/wp-json\/wp\/v2\/posts"}],"about":[{"href":"https:\/\/www.marvinchen.de\/olgas_welt\/blog\/wp-json\/wp\/v2\/types\/post"}],"author":[{"embeddable":true,"href":"https:\/\/www.marvinchen.de\/olgas_welt\/blog\/wp-json\/wp\/v2\/users\/3"}],"replies":[{"embeddable":true,"href":"https:\/\/www.marvinchen.de\/olgas_welt\/blog\/wp-json\/wp\/v2\/comments?post=1153"}],"version-history":[{"count":0,"href":"https:\/\/www.marvinchen.de\/olgas_welt\/blog\/wp-json\/wp\/v2\/posts\/1153\/revisions"}],"wp:attachment":[{"href":"https:\/\/www.marvinchen.de\/olgas_welt\/blog\/wp-json\/wp\/v2\/media?parent=1153"}],"wp:term":[{"taxonomy":"category","embeddable":true,"href":"https:\/\/www.marvinchen.de\/olgas_welt\/blog\/wp-json\/wp\/v2\/categories?post=1153"},{"taxonomy":"post_tag","embeddable":true,"href":"https:\/\/www.marvinchen.de\/olgas_welt\/blog\/wp-json\/wp\/v2\/tags?post=1153"}],"curies":[{"name":"wp","href":"https:\/\/api.w.org\/{rel}","templated":true}]}}