{"id":1162,"date":"2013-03-03T16:05:31","date_gmt":"2013-03-03T15:05:31","guid":{"rendered":"http:\/\/www.marvinchen.de\/olgas_welt\/blog\/?p=1162"},"modified":"2013-03-03T16:19:57","modified_gmt":"2013-03-03T15:19:57","slug":"fotojahresplan-februar","status":"publish","type":"post","link":"https:\/\/www.marvinchen.de\/olgas_welt\/blog\/2013\/03\/fotojahresplan-februar\/","title":{"rendered":"Fotojahresplan &#8211; Februar"},"content":{"rendered":"<p>Wie schon erz\u00e4hlt, wurde meine Fotoplanung f\u00fcr den zweiten Monat des Jahres krankheitsbedingt etwas durcheinander gebracht. Aber so leicht gebe ich nicht auf und mache dann lieber weniger statt komplett auf diese Fotoerfahrung zu verzichten.<\/p>\n<p>Das Thema, welches ich mir am Anfang des Jahres f\u00fcr den Februar\u00a0<a href=\"https:\/\/www.marvinchen.de\/olgas_welt\/blog\/2013\/01\/neues-jahr-neue-plane\/\" target=\"_blank\">ins Auge gefasst<\/a> habe, ist Makrofotografie. Allerdings bedachte\u00a0ich beim Pl\u00e4neschmieden wohl nicht, dass\u00a0im Winter \u00fcblicherweise noch keine Insekten durch die Gegend kriechen &#8211; dabei sind sie aus meiner Erfahrung mit Abstand die beliebtesten Motiven f\u00fcr solche Bilder. Aber ich wollte f\u00fcr meinen Ehrgeiz keine Insekten im Haus z\u00fcchten und griff lieber auf das zur\u00fcck, was bei jeder Frau vorhanden ist: Schmuck. Ist ja immerhin auch klein, ziseliert, schimmert im Licht und hat au\u00dferdem den Vorteil, dass es beim Fotografieren nicht wegrennt oder -fliegt\u00a0\u00a0\u00a0\u00a0 \ud83d\ude00<\/p>\n<p>Ich habe also die letzten 28 Tage mit\u00a0zwei\u00a0meiner Makroringe f\u00fcr die Spiegelreflex experimentiert (insgesamt sind es drei), n\u00e4mlich mit 13 mm (f\u00fcr einen etwas gr\u00f6\u00dferen Ausschnitt) und 31 mm (f\u00fcr die ganz kleinen Bereiche).\u00a0\u00a0Auch das letzte Geschenk\u00a0meines Mannes, ein Aufsatzblitz &#8222;Speedlite&#8220; von Yongnuo,\u00a0kam bei dieser Fotosession zum Einsatz.<\/p>\n<p>So, genug Technikgequatsche, ihr wollt doch eigentlich nur die Bilder sehen,\u00a0\u00a0nicht wahr? \u00a0 \u00a0 \ud83d\ude09<br \/>\nNun k\u00f6nnt ihr ja mal raten, welcher Makroring bei welchem Bild zum Einsatz kam \u00a0 \u00a0 :unschuldig:<\/p>\n<p>Diesen B\u00e4renring habe ich zu Weihnachten von meinen M\u00e4dels bekommen:<\/p>\n<p style=\"text-align: center\"><a href=\"https:\/\/www.marvinchen.de\/olgas_welt\/blog\/2013\/03\/fotojahresplan-februar\/w-img_0196\/\" rel=\"attachment wp-att-1164\"><img loading=\"lazy\" decoding=\"async\" class=\"aligncenter  wp-image-1164\" src=\"https:\/\/www.marvinchen.de\/olgas_welt\/blog\/wp-content\/uploads\/2013\/03\/w-IMG_0196.jpg\" alt=\"\" width=\"560\" height=\"373\" srcset=\"https:\/\/www.marvinchen.de\/olgas_welt\/blog\/wp-content\/uploads\/2013\/03\/w-IMG_0196.jpg 800w, https:\/\/www.marvinchen.de\/olgas_welt\/blog\/wp-content\/uploads\/2013\/03\/w-IMG_0196-300x199.jpg 300w\" sizes=\"auto, (max-width: 560px) 100vw, 560px\" \/><\/a><\/p>\n<p style=\"text-align: center\"><a href=\"https:\/\/www.marvinchen.de\/olgas_welt\/blog\/2013\/03\/fotojahresplan-februar\/w-img_0130\/\" rel=\"attachment wp-att-1165\"><img loading=\"lazy\" decoding=\"async\" class=\"aligncenter  wp-image-1165\" src=\"https:\/\/www.marvinchen.de\/olgas_welt\/blog\/wp-content\/uploads\/2013\/03\/w-IMG_0130.jpg\" alt=\"\" width=\"560\" height=\"420\" srcset=\"https:\/\/www.marvinchen.de\/olgas_welt\/blog\/wp-content\/uploads\/2013\/03\/w-IMG_0130.jpg 800w, https:\/\/www.marvinchen.de\/olgas_welt\/blog\/wp-content\/uploads\/2013\/03\/w-IMG_0130-300x225.jpg 300w\" sizes=\"auto, (max-width: 560px) 100vw, 560px\" \/><\/a><\/p>\n<p>Diese Libelle ist ein Andenken\u00a0einer ehemaligen Arbeitskollegin:<\/p>\n<p style=\"text-align: center\"><a href=\"https:\/\/www.marvinchen.de\/olgas_welt\/blog\/2013\/03\/fotojahresplan-februar\/w-img_0198\/\" rel=\"attachment wp-att-1166\"><img loading=\"lazy\" decoding=\"async\" class=\"aligncenter  wp-image-1166\" src=\"https:\/\/www.marvinchen.de\/olgas_welt\/blog\/wp-content\/uploads\/2013\/03\/w-IMG_0198.jpg\" alt=\"\" width=\"560\" height=\"373\" srcset=\"https:\/\/www.marvinchen.de\/olgas_welt\/blog\/wp-content\/uploads\/2013\/03\/w-IMG_0198.jpg 800w, https:\/\/www.marvinchen.de\/olgas_welt\/blog\/wp-content\/uploads\/2013\/03\/w-IMG_0198-300x199.jpg 300w\" sizes=\"auto, (max-width: 560px) 100vw, 560px\" \/><\/a><\/p>\n<p style=\"text-align: center\"><a href=\"https:\/\/www.marvinchen.de\/olgas_welt\/blog\/2013\/03\/fotojahresplan-februar\/w-img_0149\/\" rel=\"attachment wp-att-1167\"><img loading=\"lazy\" decoding=\"async\" class=\"aligncenter  wp-image-1167\" src=\"https:\/\/www.marvinchen.de\/olgas_welt\/blog\/wp-content\/uploads\/2013\/03\/w-IMG_0149.jpg\" alt=\"\" width=\"560\" height=\"373\" srcset=\"https:\/\/www.marvinchen.de\/olgas_welt\/blog\/wp-content\/uploads\/2013\/03\/w-IMG_0149.jpg 800w, https:\/\/www.marvinchen.de\/olgas_welt\/blog\/wp-content\/uploads\/2013\/03\/w-IMG_0149-300x199.jpg 300w\" sizes=\"auto, (max-width: 560px) 100vw, 560px\" \/><\/a><\/p>\n<p style=\"text-align: left\">Eine Kette, welche schon ewig bei mir &#8222;lebt&#8220;:<\/p>\n<p style=\"text-align: center\"><a href=\"https:\/\/www.marvinchen.de\/olgas_welt\/blog\/2013\/03\/fotojahresplan-februar\/w-img_0231\/\" rel=\"attachment wp-att-1168\"><img loading=\"lazy\" decoding=\"async\" class=\"aligncenter  wp-image-1168\" src=\"https:\/\/www.marvinchen.de\/olgas_welt\/blog\/wp-content\/uploads\/2013\/03\/w-IMG_0231.jpg\" alt=\"\" width=\"560\" height=\"370\" srcset=\"https:\/\/www.marvinchen.de\/olgas_welt\/blog\/wp-content\/uploads\/2013\/03\/w-IMG_0231.jpg 800w, https:\/\/www.marvinchen.de\/olgas_welt\/blog\/wp-content\/uploads\/2013\/03\/w-IMG_0231-300x198.jpg 300w\" sizes=\"auto, (max-width: 560px) 100vw, 560px\" \/><\/a><\/p>\n<p style=\"text-align: center\"><a href=\"https:\/\/www.marvinchen.de\/olgas_welt\/blog\/2013\/03\/fotojahresplan-februar\/w-img_0135\/\" rel=\"attachment wp-att-1170\"><img loading=\"lazy\" decoding=\"async\" class=\"aligncenter  wp-image-1170\" src=\"https:\/\/www.marvinchen.de\/olgas_welt\/blog\/wp-content\/uploads\/2013\/03\/w-IMG_0135.jpg\" alt=\"\" width=\"560\" height=\"373\" srcset=\"https:\/\/www.marvinchen.de\/olgas_welt\/blog\/wp-content\/uploads\/2013\/03\/w-IMG_0135.jpg 800w, https:\/\/www.marvinchen.de\/olgas_welt\/blog\/wp-content\/uploads\/2013\/03\/w-IMG_0135-300x199.jpg 300w\" sizes=\"auto, (max-width: 560px) 100vw, 560px\" \/><\/a><\/p>\n<p style=\"text-align: left\">Ein Andenken an meine verstorbene Schwiegermutter (\u00fcbrigens, Perlen zu fotografieren ist schwieriger als gedacht!):<\/p>\n<p style=\"text-align: center\"><a href=\"https:\/\/www.marvinchen.de\/olgas_welt\/blog\/2013\/03\/fotojahresplan-februar\/w-img_0209\/\" rel=\"attachment wp-att-1171\"><img loading=\"lazy\" decoding=\"async\" class=\"aligncenter  wp-image-1171\" src=\"https:\/\/www.marvinchen.de\/olgas_welt\/blog\/wp-content\/uploads\/2013\/03\/w-IMG_0209.jpg\" alt=\"\" width=\"560\" height=\"420\" srcset=\"https:\/\/www.marvinchen.de\/olgas_welt\/blog\/wp-content\/uploads\/2013\/03\/w-IMG_0209.jpg 800w, https:\/\/www.marvinchen.de\/olgas_welt\/blog\/wp-content\/uploads\/2013\/03\/w-IMG_0209-300x225.jpg 300w\" sizes=\"auto, (max-width: 560px) 100vw, 560px\" \/><\/a><\/p>\n<p style=\"text-align: center\"><a href=\"https:\/\/www.marvinchen.de\/olgas_welt\/blog\/2013\/03\/fotojahresplan-februar\/w-img_0153-2\/\" rel=\"attachment wp-att-1172\"><img loading=\"lazy\" decoding=\"async\" class=\"aligncenter  wp-image-1172\" src=\"https:\/\/www.marvinchen.de\/olgas_welt\/blog\/wp-content\/uploads\/2013\/03\/w-IMG_01531.jpg\" alt=\"\" width=\"560\" height=\"373\" srcset=\"https:\/\/www.marvinchen.de\/olgas_welt\/blog\/wp-content\/uploads\/2013\/03\/w-IMG_01531.jpg 800w, https:\/\/www.marvinchen.de\/olgas_welt\/blog\/wp-content\/uploads\/2013\/03\/w-IMG_01531-300x199.jpg 300w\" sizes=\"auto, (max-width: 560px) 100vw, 560px\" \/><\/a><\/p>\n<p style=\"text-align: left\">Und diese Brosche habe ich mir\u00a0mal in Greiz in einem &#8222;Eduscho&#8220;-Shop gekauft. Damals waren &#8222;Eduscho&#8220; und &#8222;Tchibo&#8220; noch Wettbewerber und nicht eine Marke \u00a0 \u00a0 \ud83d\ude00<\/p>\n<p style=\"text-align: center\"><a href=\"https:\/\/www.marvinchen.de\/olgas_welt\/blog\/2013\/03\/fotojahresplan-februar\/w-img_0226\/\" rel=\"attachment wp-att-1173\"><img loading=\"lazy\" decoding=\"async\" class=\"aligncenter  wp-image-1173\" src=\"https:\/\/www.marvinchen.de\/olgas_welt\/blog\/wp-content\/uploads\/2013\/03\/w-IMG_0226.jpg\" alt=\"\" width=\"560\" height=\"373\" srcset=\"https:\/\/www.marvinchen.de\/olgas_welt\/blog\/wp-content\/uploads\/2013\/03\/w-IMG_0226.jpg 800w, https:\/\/www.marvinchen.de\/olgas_welt\/blog\/wp-content\/uploads\/2013\/03\/w-IMG_0226-300x199.jpg 300w\" sizes=\"auto, (max-width: 560px) 100vw, 560px\" \/><\/a><\/p>\n<p style=\"text-align: left\">Ich denke, das Grunds\u00e4tzliche bei dieser Fotografierweise habe ich nun verstanden. Jetzt bleibt es noch abzuwarten, dass der Fr\u00fchling nicht nur namentlich auf dem Kalender erscheint, sondern auch pers\u00f6nlich vorbeikommt, um ein paar Bilder von bewegten Objekten in meinem Garten machen zu k\u00f6nnen. F\u00fcr mein Thema im M\u00e4rz bleibe ich allerdings lieber daheim, denn es geht ums Essen. Viele Gedanken habe ich mir schon beim Betrachten <a href=\"http:\/\/www.michael-tewes.com\/\" target=\"_blank\">seiner Bilder<\/a> gemacht. Mal sehen, wie es am Ende bei mir aussehen wird \u00a0 \u00a0 \ud83d\ude09<\/p>\n","protected":false},"excerpt":{"rendered":"<p>Wie schon erz\u00e4hlt, wurde meine Fotoplanung f\u00fcr den zweiten Monat des Jahres krankheitsbedingt etwas durcheinander gebracht. Aber so leicht gebe ich nicht auf und mache dann lieber weniger statt komplett auf diese Fotoerfahrung zu verzichten. Das Thema, welches ich mir am Anfang des Jahres f\u00fcr den Februar\u00a0ins Auge gefasst habe, ist Makrofotografie. Allerdings bedachte\u00a0ich beim [&hellip;]<\/p>\n","protected":false},"author":3,"featured_media":0,"comment_status":"open","ping_status":"closed","sticky":false,"template":"","format":"standard","meta":{"ngg_post_thumbnail":0,"footnotes":""},"categories":[478,822,4,1],"tags":[839,84,840,14,638,838,13],"class_list":["post-1162","post","type-post","status-publish","format-standard","hentry","category-bariges-leben","category-fotografie-und-photoshop","category-freud-und-leid","category-olca-und-stan","tag-ausrustung","tag-bilder","tag-blitz","tag-carsten","tag-fotografie","tag-makro","tag-olga"],"_links":{"self":[{"href":"https:\/\/www.marvinchen.de\/olgas_welt\/blog\/wp-json\/wp\/v2\/posts\/1162","targetHints":{"allow":["GET"]}}],"collection":[{"href":"https:\/\/www.marvinchen.de\/olgas_welt\/blog\/wp-json\/wp\/v2\/posts"}],"about":[{"href":"https:\/\/www.marvinchen.de\/olgas_welt\/blog\/wp-json\/wp\/v2\/types\/post"}],"author":[{"embeddable":true,"href":"https:\/\/www.marvinchen.de\/olgas_welt\/blog\/wp-json\/wp\/v2\/users\/3"}],"replies":[{"embeddable":true,"href":"https:\/\/www.marvinchen.de\/olgas_welt\/blog\/wp-json\/wp\/v2\/comments?post=1162"}],"version-history":[{"count":0,"href":"https:\/\/www.marvinchen.de\/olgas_welt\/blog\/wp-json\/wp\/v2\/posts\/1162\/revisions"}],"wp:attachment":[{"href":"https:\/\/www.marvinchen.de\/olgas_welt\/blog\/wp-json\/wp\/v2\/media?parent=1162"}],"wp:term":[{"taxonomy":"category","embeddable":true,"href":"https:\/\/www.marvinchen.de\/olgas_welt\/blog\/wp-json\/wp\/v2\/categories?post=1162"},{"taxonomy":"post_tag","embeddable":true,"href":"https:\/\/www.marvinchen.de\/olgas_welt\/blog\/wp-json\/wp\/v2\/tags?post=1162"}],"curies":[{"name":"wp","href":"https:\/\/api.w.org\/{rel}","templated":true}]}}