{"id":1175,"date":"2013-03-10T17:05:40","date_gmt":"2013-03-10T16:05:40","guid":{"rendered":"http:\/\/www.marvinchen.de\/olgas_welt\/blog\/?p=1175"},"modified":"2013-03-10T17:05:40","modified_gmt":"2013-03-10T16:05:40","slug":"zuruck-im-leben","status":"publish","type":"post","link":"https:\/\/www.marvinchen.de\/olgas_welt\/blog\/2013\/03\/zuruck-im-leben\/","title":{"rendered":"Zur\u00fcck im Leben"},"content":{"rendered":"<p>In der vergangenen Woche habe ich mich\u00a0zun\u00e4chst recht zur\u00fcckhaltend, aber mit jedem Tag etwas kr\u00e4ftiger in den Alltag zur\u00fcckgek\u00e4mpft. Mein Schnupfen ist so gut wie besiegt und\u00a0die Halsschmerzen sind ebenfalls auf dem absteigenden Ast. So konnte ich am Montag auch wieder\u00a0arbeiten gehen. Abends war ich daf\u00fcr allerdings meistens ganz sch\u00f6n platt und schlief relativ fr\u00fch ein\u00a0&#8211; noch dazu wie ein Stein. Wenn ich meinem Mann Glauben schenken \u00a0darf,\u00a0sogar wie ein ganz laut schnarchender Stein\u00a0\u00a0\u00a0\u00a0\u00a0\ud83d\ude09<\/p>\n<p>Aber Ende der Woche war ich\u00a0dann endlich wieder\u00a0fit f\u00fcr die Sachen, welche Spa\u00df machen. So gingen Carsten und ich mit einem anderen superlieben P\u00e4rchen in ein italienisches Restaurant, um geb\u00fchrend den Internationalen Frauentag am 8. M\u00e4rz zu feiern.\u00a0 Das &#8222;<a href=\"http:\/\/delizia-dresden.de\/\" target=\"_blank\">Delizia<\/a>&#8220;\u00a0liegt \u00a0zwar nicht gleich bei uns um die Ecke, aber die Fahrt dorthin hat sich auf jeden Fall gelohnt &#8211; das Essen war einfach total umwerfend!!! Die Preise sind zwar etwas h\u00f6her als bei unserem <a href=\"http:\/\/www.gastro-gagliardi.de\/index.php?option=com_content&amp;view=article&amp;id=59&amp;Itemid=103\" target=\"_blank\">Lieblingsitaliener<\/a>, aber man merkt, dass vieles nicht aus dem Gro\u00dfmarkt dazugekauft, sondern wirklich selbst hergestellt wurde (z.B. Oliven\u00f6l) und dass die Chefin selbst\u00a0einen direkten Draht zu Ihrer Kundschaft hat &#8211; es wurde viel beredet. Wir hatten einen ganz bezaubernden Abend!<\/p>\n<p>Am Samstag gingen Carsten und ich zu einer f\u00fcr uns au\u00dfergew\u00f6hnlichen Zeit ins Kino (bereits um 14.45 Uhr) und schauten uns die Familienkom\u00f6die\u00a0&#8222;<a href=\"http:\/\/www.diebestimmer-derfilm.de\/\" target=\"_blank\">Die Bestimmer &#8211; Kinder haften f\u00fcr ihre Eltern<\/a>&#8220;\u00a0an.\u00a0Solche Familiengeschichten gehen uns beiden ziemlich zu Herzen und so mussten wir\u00a0bei dieser Vorstellung des \u00d6fteren so tun, als ob\u00a0irgendwas im Auge kribbelt \u00a0 \u00a0 \ud83d\ude09\u00a0\u00a0\u00a0\u00a0 oskarreif ist der Film gewiss nicht, aber dennoch fanden wir ihn sehr sehenswert.<\/p>\n<p>Heute erlebten wir\u00a0den Auftakt zu unserem Irish-Dance-Monat M\u00e4rz, denn\u00a0zum ersten Auftritt\u00a0des <a href=\"http:\/\/www.irishdancecompany-dresden.de\/\" target=\"_blank\">IDC<\/a> gingen wir auf die\u00a0Messe &#8222;<a href=\"http:\/\/www.messe-dresden.de\/veranstaltungskalender\/messe\/aktiv-vital\/beschreibung.html\" target=\"_blank\">Aktiv+Vital<\/a>&#8222;. Ich durfte wieder Fotos machen und\u00a0bei Carsten waren seine handwerklichen F\u00e4higkeiten gefragt, da vor dem Auftritt auf der B\u00fchne die Holzplatten f\u00fcr den richtigen Sound der &#8222;Hard Shoes&#8220; schnell verlegt und nach dem Auftritt wieder wegger\u00e4umt werden mussten &#8211; nat\u00fcrlich nicht nur er alleine, sondern zusammen mit ein paar anderen Nichtt\u00e4nzern und inoffiziellen IDC-Groupies &#8230; \u00e4h &#8230; Crewmitgliedern. Am n\u00e4chsten Wochenende wartet auf uns und die IDCler\u00a0der Auftritt bei der\u00a0&#8222;2nd St. Paddy&#8217;s Day Ship Parade&#8220; und die Woche darauf wird der &#8222;St. Patrick&#8217;s Day&#8220; im Golfclub Possendorf gefeiert. Am Monatsende zeige ich dann in einem Rutsch die Bilder von allen drei Events, ok?\u00a0\u00a0\u00a0\u00a0\u00a0\ud83d\ude00<\/p>\n","protected":false},"excerpt":{"rendered":"<p>In der vergangenen Woche habe ich mich\u00a0zun\u00e4chst recht zur\u00fcckhaltend, aber mit jedem Tag etwas kr\u00e4ftiger in den Alltag zur\u00fcckgek\u00e4mpft. Mein Schnupfen ist so gut wie besiegt und\u00a0die Halsschmerzen sind ebenfalls auf dem absteigenden Ast. So konnte ich am Montag auch wieder\u00a0arbeiten gehen. Abends war ich daf\u00fcr allerdings meistens ganz sch\u00f6n platt und schlief relativ fr\u00fch [&hellip;]<\/p>\n","protected":false},"author":3,"featured_media":0,"comment_status":"open","ping_status":"closed","sticky":false,"template":"","format":"standard","meta":{"ngg_post_thumbnail":0,"footnotes":""},"categories":[5,12,822,4,7,1],"tags":[14,260,52,716,446,825,764,841,354,13,331],"class_list":["post-1175","post","type-post","status-publish","format-standard","hentry","category-essen-und-trinken","category-film-und-fernsehen","category-fotografie-und-photoshop","category-freud-und-leid","category-freunde-und-co","category-olca-und-stan","tag-carsten","tag-essen","tag-film","tag-fotografieren","tag-fotos","tag-idc","tag-irish-dance","tag-italiener","tag-kino","tag-olga","tag-restaurant"],"_links":{"self":[{"href":"https:\/\/www.marvinchen.de\/olgas_welt\/blog\/wp-json\/wp\/v2\/posts\/1175","targetHints":{"allow":["GET"]}}],"collection":[{"href":"https:\/\/www.marvinchen.de\/olgas_welt\/blog\/wp-json\/wp\/v2\/posts"}],"about":[{"href":"https:\/\/www.marvinchen.de\/olgas_welt\/blog\/wp-json\/wp\/v2\/types\/post"}],"author":[{"embeddable":true,"href":"https:\/\/www.marvinchen.de\/olgas_welt\/blog\/wp-json\/wp\/v2\/users\/3"}],"replies":[{"embeddable":true,"href":"https:\/\/www.marvinchen.de\/olgas_welt\/blog\/wp-json\/wp\/v2\/comments?post=1175"}],"version-history":[{"count":0,"href":"https:\/\/www.marvinchen.de\/olgas_welt\/blog\/wp-json\/wp\/v2\/posts\/1175\/revisions"}],"wp:attachment":[{"href":"https:\/\/www.marvinchen.de\/olgas_welt\/blog\/wp-json\/wp\/v2\/media?parent=1175"}],"wp:term":[{"taxonomy":"category","embeddable":true,"href":"https:\/\/www.marvinchen.de\/olgas_welt\/blog\/wp-json\/wp\/v2\/categories?post=1175"},{"taxonomy":"post_tag","embeddable":true,"href":"https:\/\/www.marvinchen.de\/olgas_welt\/blog\/wp-json\/wp\/v2\/tags?post=1175"}],"curies":[{"name":"wp","href":"https:\/\/api.w.org\/{rel}","templated":true}]}}