{"id":120,"date":"2009-03-28T12:23:30","date_gmt":"2009-03-28T10:23:30","guid":{"rendered":"http:\/\/www.marvinchen.de\/olgas_welt\/blog\/?p=120"},"modified":"2009-05-03T17:50:11","modified_gmt":"2009-05-03T15:50:11","slug":"grummel-eintrag","status":"publish","type":"post","link":"https:\/\/www.marvinchen.de\/olgas_welt\/blog\/2009\/03\/grummel-eintrag\/","title":{"rendered":"Grummel-Eintrag"},"content":{"rendered":"<p>Dieser Eintrag wird nicht so optimistisch und lebensfroh sein wie sonst. Zur Zeit steht mir alles bis zu der Oberkante Stirn!<\/p>\n<p>Die Woche im B\u00fcro war einfach bl\u00f6d, es gab einfach zu viele Dinge, welche nicht so liefen, wie urspr\u00fcnglich geplant und man musste sich damit besch\u00e4ftigen, statt den normalen Lauf der Dinge aufrecht zu erhalten.<\/p>\n<p>Das Wetter macht alle um mich herum entweder aggressiv oder depressiv. Ich habe lange versucht meine gute Laune zu behalten und Leute aufzumuntern, jetzt habe ich keinen Bock mehr dazu. Wof\u00fcr die ganze M\u00fche eigentlich, wenn man nichts Positives zur\u00fcckbekommt?<\/p>\n<p>Denn selbst die eigenen Kinder leben alle ihre Launen voll aus. Ich bin ein harmoniebed\u00fcrftiger Mensch, aber muss die Harmonie immer auf meine Kosten gehen?<\/p>\n<p>Heute habe ich echt fiese Laune und wollte mich im Garten beim Heckeschneiden wenigstens etwas abreagieren und zumindest ansatzweise Ordnung schaffen. Sogar die Plastikostereier habe ich schon aus dem Osterkarton rausgeholt, um im Anschluss an die Schneideorgie das Korkenzieherhaselnussb\u00e4umchen vorm Haus damit zu schm\u00fccken. Ich war gerade mit einem Rosenbusch und halben Himbeerbusch fertig, da hat es angefangen zu regnen. Meine Laune hat sich dadurch ganz gewiss nicht gebessert.<\/p>\n<p>Eigentlich wollten wir heute mit den Kindern Schuhe kaufen fahren, aber nach ihren letzten \u201eHeldentaten\u201c habe ich dazu einfach keine Lust. Warum soll ich jemanden etwas Gutes tun, der meine Bitten ignoriert? Und so klein sind sie auch nicht mehr, dass man es einfach so abtun k\u00f6nnte.<\/p>\n<p>Naja, wir werden sehen, wie sich die Stimmung in der Casa OLCA demn\u00e4chst entwickelt\u2026.<\/p>\n","protected":false},"excerpt":{"rendered":"<p>Dieser Eintrag wird nicht so optimistisch und lebensfroh sein wie sonst. Zur Zeit steht mir alles bis zu der Oberkante Stirn! Die Woche im B\u00fcro war einfach bl\u00f6d, es gab einfach zu viele Dinge, welche nicht so liefen, wie urspr\u00fcnglich geplant und man musste sich damit besch\u00e4ftigen, statt den normalen Lauf der Dinge aufrecht zu [&hellip;]<\/p>\n","protected":false},"author":3,"featured_media":0,"comment_status":"open","ping_status":"open","sticky":false,"template":"","format":"standard","meta":{"ngg_post_thumbnail":0,"footnotes":""},"categories":[4,1],"tags":[16,241,362,13,363,15,364,251],"class_list":["post-120","post","type-post","status-publish","format-standard","hentry","category-freud-und-leid","category-olca-und-stan","tag-andrea","tag-garten","tag-harmonie","tag-olga","tag-regen","tag-stephanie","tag-stimmung","tag-wetter"],"_links":{"self":[{"href":"https:\/\/www.marvinchen.de\/olgas_welt\/blog\/wp-json\/wp\/v2\/posts\/120","targetHints":{"allow":["GET"]}}],"collection":[{"href":"https:\/\/www.marvinchen.de\/olgas_welt\/blog\/wp-json\/wp\/v2\/posts"}],"about":[{"href":"https:\/\/www.marvinchen.de\/olgas_welt\/blog\/wp-json\/wp\/v2\/types\/post"}],"author":[{"embeddable":true,"href":"https:\/\/www.marvinchen.de\/olgas_welt\/blog\/wp-json\/wp\/v2\/users\/3"}],"replies":[{"embeddable":true,"href":"https:\/\/www.marvinchen.de\/olgas_welt\/blog\/wp-json\/wp\/v2\/comments?post=120"}],"version-history":[{"count":0,"href":"https:\/\/www.marvinchen.de\/olgas_welt\/blog\/wp-json\/wp\/v2\/posts\/120\/revisions"}],"wp:attachment":[{"href":"https:\/\/www.marvinchen.de\/olgas_welt\/blog\/wp-json\/wp\/v2\/media?parent=120"}],"wp:term":[{"taxonomy":"category","embeddable":true,"href":"https:\/\/www.marvinchen.de\/olgas_welt\/blog\/wp-json\/wp\/v2\/categories?post=120"},{"taxonomy":"post_tag","embeddable":true,"href":"https:\/\/www.marvinchen.de\/olgas_welt\/blog\/wp-json\/wp\/v2\/tags?post=120"}],"curies":[{"name":"wp","href":"https:\/\/api.w.org\/{rel}","templated":true}]}}