{"id":121,"date":"2009-04-12T15:50:09","date_gmt":"2009-04-12T13:50:09","guid":{"rendered":"http:\/\/www.marvinchen.de\/olgas_welt\/blog\/?p=121"},"modified":"2012-05-26T23:09:09","modified_gmt":"2012-05-26T21:09:09","slug":"ostern-bringt-arbeit","status":"publish","type":"post","link":"https:\/\/www.marvinchen.de\/olgas_welt\/blog\/2009\/04\/ostern-bringt-arbeit\/","title":{"rendered":"Ostern bringt Arbeit"},"content":{"rendered":"<p>Der halbe April ist schon fast vorbei und mein Blog braucht dringend eine neue F\u00fcllung.<\/p>\n<p>Als erstes m\u00f6chte ich mich bei allen f\u00fcr die netten und verst\u00e4ndnisvollen Kommentare auf den letzten, etwas frustgeladenen Eintrag bedanken. Es hat mir wirklich geholfen, die Welt etwas lockerer zu sehen und dann l\u00f6ste sich das eine oder das andere Problemchen schon fast von allein.<\/p>\n<p>Auch das Wetter ist inzwischen wundersch\u00f6n geworden, was nat\u00fcrlich auch dazu beigetragen hat, dass ich wesentlich weniger Zeit am Rechner verbringe. Ich habe mir f\u00fcr diesen Fr\u00fchling ernsthaft vorgenommen, etliche Schandflecke in unserem Garten zu bek\u00e4mpfen und kann jetzt mit schmerzenden R\u00fccken, l\u00e4dierten Knien und nach Entspannung lechzenden H\u00e4nden auf eine Reihe von erledigten Arbeiten zur\u00fcckblicken. Der Vorgarten ist vorzeigbar, auch eine vorher v\u00f6llig verwahrloste Ecke oben am Hang sieht ansprechend aus, die Gartenm\u00f6bel sind gestrichen, der Zaun hat erstmals nach 9 Jahren einen Anstrich bekommen, alles Abgefrorene ist abgeschnitten, der Rasen ist vertikuliert und die kahl gewordenen Pl\u00e4tze mit Schattenrasensamen bedacht \u2013 es sind nur noch 2 kleinere Ecken \u00fcbrig geblieben. Ich denke, eine davon kann ich vielleicht sogar morgen schon vorzeigbar machen. Daf\u00fcr muss ich nur noch ein paar unerw\u00fcnschte Pflanzen aus dem Kr\u00e4uterbeet entfernen und einen Sack Blumenerde verteilen.<\/p>\n<p>Gestern Nachmittag habe ich mir schon eine richtig sch\u00f6ne Pause geg\u00f6nnt und lag auf meinem frisch gestrichenen Liegestuhl unter dem von Carsten aufgespannten, neuen Sonnensegel auf der Terrasse und habe das vierte Buch \u00fcber Jason Bourne gelesen. \u201eDas Bourne Verm\u00e4chtnis\u201c ist allerdings nicht von Robert Ludlum geschrieben, da er leider 2001 gestorben ist. Dieses Buch wurde nach seinen Skizzen von Eric von Lustbader verfasst. Ich habe es noch nicht zu Ende gelesen, aber es liest sich ziemlich gut &#8211; ich stehe eben auch auf Action und Spionengeschichten.<\/p>\n<p>Den Abend haben wir mit Kerstin, der Mutter von Andreas Schulfreundin, ebenfalls bei uns auf der Terrasse verbracht, mit Grillen und Vernichten der Rose-Weinvorr\u00e4te. Eine Unterhaltung mit ihr ist immer toll und wir hatten einen wirklich vergn\u00fcgten Abend zusammen verbracht.<\/p>\n<p>Heute widme ich mich ein wenig meinen Computersachen, wie Emails, Foren und Blogs, auch wenn das Wetter nach wie vor ein Traum ist. Gl\u00fccklicherweise ist morgen auch noch ein freier Tag und die Sonne bleibt uns, wenn man den Prognosen glauben darf, auch man Montag erhalten.<\/p>\n<p>Noch etwas: ich habe auch diesmal meine Fastenzeit gut gemeistert und habe in der ganzen Zeit keine Schokolade gegessen, was ich heute feierlich mit der Pralinenkollektion \u201eAus Meisterhand\u201e aus der Halloren Schokoladenfabrik <a href=\"http:\/\/www.halloren.de\/sortiment\/pralinen.html\">http:\/\/www.halloren.de\/sortiment\/pralinen.html<\/a> beendet habe.<\/p>\n<p>Ich w\u00fcnsche allen Freunden ein sch\u00f6nes Osterfest und viel Spa\u00df beim Finden der Ostereier und anderer Geschenke!<\/p>\n<p style=\"text-align: center;\"><a href=\"https:\/\/www.marvinchen.de\/olgas_welt\/blog\/2009\/04\/ostern-bringt-arbeit\/2009-04-12\/\" rel=\"attachment wp-att-919\"><img loading=\"lazy\" decoding=\"async\" class=\" wp-image-919 aligncenter\" title=\"2009-04-12\" src=\"https:\/\/www.marvinchen.de\/olgas_welt\/blog\/wp-content\/uploads\/2009\/04\/2009-04-12.jpg\" alt=\"\" width=\"560\" height=\"420\" srcset=\"https:\/\/www.marvinchen.de\/olgas_welt\/blog\/wp-content\/uploads\/2009\/04\/2009-04-12.jpg 800w, https:\/\/www.marvinchen.de\/olgas_welt\/blog\/wp-content\/uploads\/2009\/04\/2009-04-12-300x225.jpg 300w\" sizes=\"auto, (max-width: 560px) 100vw, 560px\" \/><\/a><\/p>\n","protected":false},"excerpt":{"rendered":"<p>Der halbe April ist schon fast vorbei und mein Blog braucht dringend eine neue F\u00fcllung. Als erstes m\u00f6chte ich mich bei allen f\u00fcr die netten und verst\u00e4ndnisvollen Kommentare auf den letzten, etwas frustgeladenen Eintrag bedanken. Es hat mir wirklich geholfen, die Welt etwas lockerer zu sehen und dann l\u00f6ste sich das eine oder das andere [&hellip;]<\/p>\n","protected":false},"author":3,"featured_media":0,"comment_status":"open","ping_status":"open","sticky":false,"template":"","format":"standard","meta":{"ngg_post_thumbnail":0,"footnotes":""},"categories":[6,4],"tags":[14,52,241,131,206,13,366,365,184,219],"class_list":["post-121","post","type-post","status-publish","format-standard","hentry","category-ackern-und-werkeln","category-freud-und-leid","tag-carsten","tag-film","tag-garten","tag-halloren","tag-kerstin","tag-olga","tag-osterfest","tag-rasen","tag-schokolade","tag-terrasse"],"_links":{"self":[{"href":"https:\/\/www.marvinchen.de\/olgas_welt\/blog\/wp-json\/wp\/v2\/posts\/121","targetHints":{"allow":["GET"]}}],"collection":[{"href":"https:\/\/www.marvinchen.de\/olgas_welt\/blog\/wp-json\/wp\/v2\/posts"}],"about":[{"href":"https:\/\/www.marvinchen.de\/olgas_welt\/blog\/wp-json\/wp\/v2\/types\/post"}],"author":[{"embeddable":true,"href":"https:\/\/www.marvinchen.de\/olgas_welt\/blog\/wp-json\/wp\/v2\/users\/3"}],"replies":[{"embeddable":true,"href":"https:\/\/www.marvinchen.de\/olgas_welt\/blog\/wp-json\/wp\/v2\/comments?post=121"}],"version-history":[{"count":0,"href":"https:\/\/www.marvinchen.de\/olgas_welt\/blog\/wp-json\/wp\/v2\/posts\/121\/revisions"}],"wp:attachment":[{"href":"https:\/\/www.marvinchen.de\/olgas_welt\/blog\/wp-json\/wp\/v2\/media?parent=121"}],"wp:term":[{"taxonomy":"category","embeddable":true,"href":"https:\/\/www.marvinchen.de\/olgas_welt\/blog\/wp-json\/wp\/v2\/categories?post=121"},{"taxonomy":"post_tag","embeddable":true,"href":"https:\/\/www.marvinchen.de\/olgas_welt\/blog\/wp-json\/wp\/v2\/tags?post=121"}],"curies":[{"name":"wp","href":"https:\/\/api.w.org\/{rel}","templated":true}]}}