{"id":1216,"date":"2013-04-14T16:33:39","date_gmt":"2013-04-14T14:33:39","guid":{"rendered":"http:\/\/www.marvinchen.de\/olgas_welt\/blog\/?p=1216"},"modified":"2013-04-14T16:33:39","modified_gmt":"2013-04-14T14:33:39","slug":"das-leben-mit-viren","status":"publish","type":"post","link":"https:\/\/www.marvinchen.de\/olgas_welt\/blog\/2013\/04\/das-leben-mit-viren\/","title":{"rendered":"Das Leben mit Viren"},"content":{"rendered":"<p>In den letzten Tagen haben\u00a0sich Viren aller Art\u00a0eingebildet, dass sie bei uns willkommen sind &#8230; was definitiv nicht der Fall ist, aber sie sind trotzdem gekommen \u00a0 \u00a0 :teufel:<\/p>\n<p>Zum einen haben sie meinen K\u00f6rper \u00fcberfallen und schon am Mittwoch\u00a0fing ich an, sie mit allen m\u00f6glichen Mittelchen zu verscheuchen. Aber irgendwann habe ich dann doch aufgegeben und\u00a0am Freitag beschlossen, einen ganzen Tag\u00a0zusammen mit Kissen und Teddyb\u00e4ren nur im Bett zu verbringen &#8211; die Teddys\u00a0sind ja wenigstens hustenvirenresistent. Somit bestand mein Freitag eben aus ein wenig Lesen, ein wenig Schlafen, von einem Reizhustenanfall wach werden, Tee trinken und die st\u00e4ndige Wiederholung dieses Ablaufes. Meine Familie und Freunde hatten Mitleid mit mir und richteten\u00a0aufgrund dessen alle Pl\u00e4ne nach mir aus. Eine f\u00fcr den Sonntag geplante Wanderung mit G\u00fcnter und Barbara wurde um zwei Wochen vertagt. Carsten und Stephanie haben ohne meine Hilfe die dringend ben\u00f6tigten Bretter f\u00fcr unseren Garten besorgt, um am Folgetag unseren Hang wirksam zu befestigen, sie haben\u00a0alle Eink\u00e4ufe erledigt und auch die f\u00fcr Samstag geplante Gartenarbeit einfach perfekt erledigt. Ich bin mit dem Aussehen unseren Hangs auf der Terrassenseite sehr zufrieden und muss die neuen Bretter einfach nur mal zwischendurch etwas dunkler anstreichen, damit sie zum einen nicht mehr so ins Auge springen und zum anderen vielleicht etwas l\u00e4nger halten. Bilder folgen &#8211; versprochen.<\/p>\n<p>Das war Virenstory Nr.1\u00a0&#8230; die andere fiel mir ganz beil\u00e4ufig durch den un\u00fcbersehbaren Google Chrome-Hinweis &#8222;Achtung: Malware!&#8220; auf, der sowohl meinen Blog als unsere gesamte Homepage betraf. Das \u00fcbrigens nat\u00fcrlich auch am eh schon \u00fcberf\u00fcllten Freitag. Ich habe\u00a0sofort meinen pers\u00f6nlichen Sysadmin informiert und nach einigen Nachforschungen hat Carsten sich zur\u00fcckgemeldet. Diese Meldung ist tats\u00e4chlich wahr, allerdings lag\u00a0es nicht direkt an uns, sondern an unserem Webseitenhoster 1&amp;1. Sowohl <a href=\"https:\/\/www.marvinchen.de\" target=\"_blank\">unsere Webseite<\/a> inklusive meinem <a href=\"https:\/\/blog.marvinchen.de\" target=\"_blank\">WordPress-Blog<\/a> als auch die reine HTML-Webseite von der <a href=\"http:\/\/www.feiermanufaktur.de\" target=\"_blank\">Feiermanufaktur<\/a>\u00a0sind durch Schadcode erweitert worden &#8211; bei getrennten Pa\u00dfw\u00f6rtern, unterschiedlichen Umgebungen und Sicherheitsmechanismen bleibt die einzige Gemeinsamkeit der Speicherplatz-Server. Als mein Mann von der Arbeit nach Hause kam, hat er in m\u00fchevoller Handarbeit schnellstm\u00f6glich alle Dateien &#8222;desinfiziert&#8220;. Nun kann ich sagen, dass wir jetzt wieder clean sind.<\/p>\n<p>Und die Schnupf- &amp; Hustenviren werde ich auch demn\u00e4chst los! \u00a0 \u00a0 \ud83d\ude00<\/p>\n","protected":false},"excerpt":{"rendered":"<p>In den letzten Tagen haben\u00a0sich Viren aller Art\u00a0eingebildet, dass sie bei uns willkommen sind &#8230; was definitiv nicht der Fall ist, aber sie sind trotzdem gekommen \u00a0 \u00a0 :teufel: Zum einen haben sie meinen K\u00f6rper \u00fcberfallen und schon am Mittwoch\u00a0fing ich an, sie mit allen m\u00f6glichen Mittelchen zu verscheuchen. Aber irgendwann habe ich dann doch [&hellip;]<\/p>\n","protected":false},"author":3,"featured_media":0,"comment_status":"open","ping_status":"closed","sticky":false,"template":"","format":"standard","meta":{"ngg_post_thumbnail":0,"footnotes":""},"categories":[6,4,1],"tags":[252,759,14,241,849,606,13,15,848],"class_list":["post-1216","post","type-post","status-publish","format-standard","hentry","category-ackern-und-werkeln","category-freud-und-leid","category-olca-und-stan","tag-arbeit","tag-arbeiten","tag-carsten","tag-garten","tag-husten","tag-krankheit","tag-olga","tag-stephanie","tag-viren"],"_links":{"self":[{"href":"https:\/\/www.marvinchen.de\/olgas_welt\/blog\/wp-json\/wp\/v2\/posts\/1216","targetHints":{"allow":["GET"]}}],"collection":[{"href":"https:\/\/www.marvinchen.de\/olgas_welt\/blog\/wp-json\/wp\/v2\/posts"}],"about":[{"href":"https:\/\/www.marvinchen.de\/olgas_welt\/blog\/wp-json\/wp\/v2\/types\/post"}],"author":[{"embeddable":true,"href":"https:\/\/www.marvinchen.de\/olgas_welt\/blog\/wp-json\/wp\/v2\/users\/3"}],"replies":[{"embeddable":true,"href":"https:\/\/www.marvinchen.de\/olgas_welt\/blog\/wp-json\/wp\/v2\/comments?post=1216"}],"version-history":[{"count":0,"href":"https:\/\/www.marvinchen.de\/olgas_welt\/blog\/wp-json\/wp\/v2\/posts\/1216\/revisions"}],"wp:attachment":[{"href":"https:\/\/www.marvinchen.de\/olgas_welt\/blog\/wp-json\/wp\/v2\/media?parent=1216"}],"wp:term":[{"taxonomy":"category","embeddable":true,"href":"https:\/\/www.marvinchen.de\/olgas_welt\/blog\/wp-json\/wp\/v2\/categories?post=1216"},{"taxonomy":"post_tag","embeddable":true,"href":"https:\/\/www.marvinchen.de\/olgas_welt\/blog\/wp-json\/wp\/v2\/tags?post=1216"}],"curies":[{"name":"wp","href":"https:\/\/api.w.org\/{rel}","templated":true}]}}