{"id":1218,"date":"2013-04-21T21:07:38","date_gmt":"2013-04-21T19:07:38","guid":{"rendered":"http:\/\/www.marvinchen.de\/olgas_welt\/blog\/?p=1218"},"modified":"2013-04-22T11:34:36","modified_gmt":"2013-04-22T09:34:36","slug":"ein-brandenburg-spezial-wochenende","status":"publish","type":"post","link":"https:\/\/www.marvinchen.de\/olgas_welt\/blog\/2013\/04\/ein-brandenburg-spezial-wochenende\/","title":{"rendered":"Ein &#8222;Brandenburg spezial&#8220;- Wochenende"},"content":{"rendered":"<p>Im September, zu seinem 38. Geburtstag, habe ich meinem Schatz ein besonderes <a href=\"https:\/\/www.marvinchen.de\/olgas_welt\/blog\/2012\/09\/auch-manner-werden-alter\/\" target=\"_blank\">Geschenk<\/a> gemacht. So uneigenn\u00fctzig wie ich nun mal bin, schenkte ich ihm nicht nur eine Panzerfahrt, sondern buchte das komplette &#8222;Brandenburg Spezial&#8220;-Wochenende beim <a href=\"http:\/\/www.panzerkutscher.de\/\" target=\"_blank\">Panzerkutscher<\/a>. Den passenden Termin haben wir bereits im Januar ausgesucht und vereinbart &#8211; dieses Wochenende war es dann endlich soweit. Bis zur letzten Minute zitterten wir zwei etwas, ob auch alles gut geht, denn nachdem ich mit Husten und Schnupfen fast fertig war, fing mein Mann mit dem\u00a0Kr\u00e4nkeln an. Aber gl\u00fccklicherweise wurde er rechtzeitig nahezu komplett gesund und das Wetter hat auch wunderbar mitgespielt\u00a0\u00a0\u00a0\u00a0 :verliebt:<\/p>\n<p>Also ging es gestern fr\u00fch, irgendwann zwischen 8 und 9 Uhr morgens auf die Autobahn gen Brandenburg. Gefr\u00fchst\u00fcckt haben wir unterwegs beim Goldenem M, dem zuverl\u00e4ssigen Versorger aller Fahrenden. Da das Wetter versprach, sch\u00f6n zu werden, fuhren wir mit unserem SMART ganz gem\u00fctlich (dank Tempomat) hin und kamen sogar eine Stunde eher am Spielplatz\u00a0der gro\u00dfen Jungs an, als vereinbart war. Dort best\u00e4tigte sich nochmals der Spruch &#8222;Wer zuerst kommt, mahlt zuerst&#8220; und schon ein paar Minuten sp\u00e4ter quetschte sich Carsten\u00a0in die enge Luke\u00a0des Bergepanzer T55-T, \u00a0w\u00e4hrend ich mich relativ gem\u00fctlich auf der &#8222;Dachterrasse&#8220; des Gef\u00e4hrts aus russischer Fertigungsschmiede ausbreiten konnte. Die 30 Minuten vergingen bei diesem Fahrspa\u00df durch Matsch und Gel\u00e4nde im Nu! Es war f\u00fcr uns beide eine ganz neue Erfahrung und Carsten hat am Ende dieser Fahrt seinen Panzerf\u00fchrerschein in die Hand gedr\u00fcckt bekommen. Danach\u00a0ergab\u00a0sich noch die M\u00f6glichkeit, f\u00fcr kleines Geld (10 EUR\/Nase) bei einer Speedfahrt mit einem BMP Sch\u00fctzenpanzer mitzufahren. Ich, als einzige Dame der 6er-G\u00e4stetruppe, durfte einen Helm tragen, vorne in einer Luke stehen und hatte somit ganz gewiss den besten Blick von allen. Der Fahrer passte sehr gut auf mich auf und fragte \u00fcber Funk immerzu, ob alles ok ist. Ich konnte mich gut festhalten und war schlau genug bei dem seeeeehr unebenen und schlammigen Gel\u00e4nde mit angewinkelten Beinen zu stehen \u00a0 \u00a0 \ud83d\ude00\u00a0\u00a0\u00a0\u00a0 naja,\u00a0einen gro\u00dfen am Bein und einen blauen Fleck am Ellbogen habe ich nun dennoch als Andenken mitgenommen. \u00a0Das Milit\u00e4r sollte ernsthaft mal dar\u00fcber nachdenken, solche Fahrzeuge besser auszupolstern \u00a0 \u00a0 \ud83d\ude09\u00a0\u00a0\u00a0\u00a0 die mitfahrenden Soldaten werden es bestimmt danken\u00a0\u00a0\u00a0\u00a0 :lachen-xxl:<\/p>\n<p>Als der Fahrspa\u00df dann leider endg\u00fcltig vorbei war, g\u00f6nnten wir uns am Imbisswagen noch eine Curry-\/Bratwurst und beobachteten dabei, wie\u00a0sich andere Fahrer\u00a0mit Material\u00a0und Gel\u00e4nde zurechtfanden. Es gab \u00fcbrigens auch Frauen, welche eine solche \u00a0Fahrt als\u00a0Geburtstagsgeschenk bekommen haben!<\/p>\n<p>Als die Panzer nacheinander das Gel\u00e4nde verlie\u00dfen, stiegen auch wir wieder in unseren Kleinwagen und fuhren zu unserer <a href=\"http:\/\/www.zimmervermietung-deuter.de\/\" target=\"_blank\">Pension<\/a>. Dort haben wir die Bekanntschaft mit einem &#8222;bissigen&#8220; Hund (so das Schild) gemacht, der sich nach einem Keks aber ganz schnell als sehr kuschelbed\u00fcrftig entpuppte. Das Zimmer war f\u00fcr eine Nacht richtig gut, das Bad mussten wir zwar mit einem weiteren G\u00e4stepaar teilen und das Haus\u00a0ist relativ hellh\u00f6rig, aber sonst war alles sauber, ordentlich und alle auch sehr freundlich.<\/p>\n<p>Nun hatten wir bis zu unserem gebuchten Candle-Light-Dinner noch etwas Zeit und nutzten diese\u00a0f\u00fcr einen Spaziergang durch F\u00fcrstenwalde. Eine Kleinstadt wie\u00a0sie im Buche steht \u00a0 \u00a0 \ud83d\ude42\u00a0\u00a0\u00a0\u00a0 wir waren sogar sehr \u00fcberrascht, dass wir dort relativ viele Ausl\u00e4nder gesehen haben &#8211; allerdings\u00a0wohl nicht als Touristen. Der Dom St. Marien hat uns\u00a0am besten\u00a0gefallen, denn die sehr gelungene Mischung aus Erhalt der zerst\u00f6rten historischen Bausubstanz und der Aufbau mittels moderner Architektur f\u00fcgt sich optimal zusammen!\u00a0Und unser Spaziergang\u00a0an der Spree war einfach nur romantisch \u00a0 \u00a0 :verliebt:<\/p>\n<p>So romantisch wie unser Restaurant <a href=\"http:\/\/www.restaurantseeblick.com\/\" target=\"_blank\">&#8222;Seeblick&#8220;<\/a>: sehr liebevoll ausgestattet, das Essen (Fisch f\u00fcr mich, Steak f\u00fcr Carsten) schmeckte ausgezeichnet und die Betreuung durch den Chef pers\u00f6nlich rundete das kulinarische Erlebnis perfekt ab! Unsere Apperetifs genossen wir zuvor auf der Terrasse, ganz ungest\u00f6rt in\u00a0einer herrlichen Ruhe und mit Blick auf einen gro\u00dfen See, und das\u00a03-G\u00e4nge-Men\u00fc wurde uns im Restaurant serviert &#8211; alle Sonderw\u00fcnsche waren kein Thema!<\/p>\n<p>Am heutigen Sonntag nutzten wir die Zeit nach dem Fr\u00fchst\u00fcck, welches wir noch mit\u00a0anderen Panzerfahrtbegeisterten von gestern einnahmen, die ebenfalls in dieser Pension gebucht hatten, um die Umgebung etwas n\u00e4her kennen zu lernen. Unser Ziel war der Scharm\u00fctzelsee, speziell\u00a0das St\u00e4dtchen\u00a0<a href=\"http:\/\/www.bad-saarow.de\/\" target=\"_blank\">Bad Saarow<\/a>. Am fr\u00fchen Morgen ist auch\u00a0dieser Kurort noch recht menschenleer und wir haben ganz in Ruhe und fast schon Einsamkeit einen sch\u00f6nen Spaziergang entlang des Seeufers gemacht, konnten zwei Anglern beim Hechtfangen zugeguckt und ich stellte mit Erstaunen fest, dass der ber\u00fchmte russische Schriftsteller Maxim Gorki in diesem Ort seine Lungentuberkulose behandeln lie\u00df.<\/p>\n<p>Danach\u00a0entscheiden wir\u00a0uns noch f\u00fcr einen kleinen Abstecher nach <a href=\"http:\/\/www.wendischrietz.de\/\" target=\"_blank\">Wendisch-Rietz<\/a>\u00a0und anschlie\u00dfend fuhren wir bei traumhaftem, sonnigem Wetter in\u00a0unserem offenen Cabrio \u00fcber Landstra\u00dfen zur\u00fcck nach Hause. Unterwegs staubten wir in einem Gasthof noch ein Mittagessen ab und kamen\u00a0gegen 17 Uhr gl\u00fccklich und mit leicht gebr\u00e4unten Gesichtern wieder in der Casa OLCA an. Was soll ich sagen &#8230; es war einfach ein wundervolles P\u00e4rchen-Wochenende \u00a0 \u00a0 :verliebt:\u00a0\u00a0\u00a0\u00a0\u00a0<\/p>\n<p>Ein paar Fotos folgen in K\u00fcrze, vorab nur dies eine:\u00a0<\/p>\n<p style=\"text-align: center;\"><a href=\"https:\/\/www.marvinchen.de\/olgas_welt\/blog\/wp-content\/uploads\/2013\/04\/panzer.jpg\"><img loading=\"lazy\" decoding=\"async\" class=\"wp-image-1220 aligncenter\" alt=\"panzer\" src=\"https:\/\/www.marvinchen.de\/olgas_welt\/blog\/wp-content\/uploads\/2013\/04\/panzer.jpg\" width=\"560\" height=\"420\" srcset=\"https:\/\/www.marvinchen.de\/olgas_welt\/blog\/wp-content\/uploads\/2013\/04\/panzer.jpg 800w, https:\/\/www.marvinchen.de\/olgas_welt\/blog\/wp-content\/uploads\/2013\/04\/panzer-300x225.jpg 300w\" sizes=\"auto, (max-width: 560px) 100vw, 560px\" \/><\/a><\/p>\n","protected":false},"excerpt":{"rendered":"<p>Im September, zu seinem 38. Geburtstag, habe ich meinem Schatz ein besonderes Geschenk gemacht. So uneigenn\u00fctzig wie ich nun mal bin, schenkte ich ihm nicht nur eine Panzerfahrt, sondern buchte das komplette &#8222;Brandenburg Spezial&#8220;-Wochenende beim Panzerkutscher. Den passenden Termin haben wir bereits im Januar ausgesucht und vereinbart &#8211; dieses Wochenende war es dann endlich soweit. [&hellip;]<\/p>\n","protected":false},"author":3,"featured_media":0,"comment_status":"open","ping_status":"closed","sticky":false,"template":"","format":"standard","meta":{"ngg_post_thumbnail":0,"footnotes":""},"categories":[3,5,4,1],"tags":[523,483,850,230,14,260,345,851,53,450,13,796,246,852],"class_list":["post-1218","post","type-post","status-publish","format-standard","hentry","category-ausfluege-und-reisen","category-essen-und-trinken","category-freud-und-leid","category-olca-und-stan","tag-ausflug","tag-auto","tag-brandenburg","tag-cabrio","tag-carsten","tag-essen","tag-fruhling","tag-furstenwalde","tag-geburtstag","tag-geschenk","tag-olga","tag-panzer","tag-parchen","tag-schamutzelsee"],"_links":{"self":[{"href":"https:\/\/www.marvinchen.de\/olgas_welt\/blog\/wp-json\/wp\/v2\/posts\/1218","targetHints":{"allow":["GET"]}}],"collection":[{"href":"https:\/\/www.marvinchen.de\/olgas_welt\/blog\/wp-json\/wp\/v2\/posts"}],"about":[{"href":"https:\/\/www.marvinchen.de\/olgas_welt\/blog\/wp-json\/wp\/v2\/types\/post"}],"author":[{"embeddable":true,"href":"https:\/\/www.marvinchen.de\/olgas_welt\/blog\/wp-json\/wp\/v2\/users\/3"}],"replies":[{"embeddable":true,"href":"https:\/\/www.marvinchen.de\/olgas_welt\/blog\/wp-json\/wp\/v2\/comments?post=1218"}],"version-history":[{"count":0,"href":"https:\/\/www.marvinchen.de\/olgas_welt\/blog\/wp-json\/wp\/v2\/posts\/1218\/revisions"}],"wp:attachment":[{"href":"https:\/\/www.marvinchen.de\/olgas_welt\/blog\/wp-json\/wp\/v2\/media?parent=1218"}],"wp:term":[{"taxonomy":"category","embeddable":true,"href":"https:\/\/www.marvinchen.de\/olgas_welt\/blog\/wp-json\/wp\/v2\/categories?post=1218"},{"taxonomy":"post_tag","embeddable":true,"href":"https:\/\/www.marvinchen.de\/olgas_welt\/blog\/wp-json\/wp\/v2\/tags?post=1218"}],"curies":[{"name":"wp","href":"https:\/\/api.w.org\/{rel}","templated":true}]}}