{"id":1350,"date":"2013-09-01T20:23:03","date_gmt":"2013-09-01T18:23:03","guid":{"rendered":"http:\/\/www.marvinchen.de\/olgas_welt\/blog\/?p=1350"},"modified":"2013-09-08T17:44:16","modified_gmt":"2013-09-08T15:44:16","slug":"der-alltag-hat-mich-wieder-3","status":"publish","type":"post","link":"https:\/\/www.marvinchen.de\/olgas_welt\/blog\/2013\/09\/der-alltag-hat-mich-wieder-3\/","title":{"rendered":"Der Alltag hat mich wieder"},"content":{"rendered":"<p>Es ist schon ph\u00e4nomenal, wie schnell man sich nach einem Urlaub wieder im Alltagstrott einfinden kann \u00a0 \u00a0 \ud83d\ude00<\/p>\n<p>Carsten und ich\u00a0arbeiten nach und nach unsere To-Do-Listen ab und wir haben inzwischen\u00a0schon die\u00a0&#8222;S\u00e4uberungsaktion&#8220; bei unseren Urlaubsbildern gemacht (von 4863 auf 3821 St\u00fcck). Au\u00dferdem habe ich bereits alle B\u00e4ren-Bilder separat abgespeichert und festgestellt, dass es \u00fcber 500 St\u00fcck geworden sind. Ich werde demn\u00e4chst ein paar meiner Favoriten f\u00fcr einen Blogeintrag aussuchen \u00a0\u00a0\u00a0 \ud83d\ude09<br \/>\nDen B\u00e4ren geht es \u00fcbrigens blendend, denn sie haben eine gro\u00dfe und liebevolle Handw\u00e4sche \u00fcber sich ergehen lassen und\u00a0ihr Fell ist jetzt sauber, gl\u00e4nzend und gek\u00e4mmt. Das Wasser war fast nach jedem\u00a0eine total dreckige Br\u00fche und ich musste es immer wieder wechseln, damit nicht nur der Erstbadende richtig sauber wird \u00a0 \u00a0 \ud83d\ude00<\/p>\n<p>Andrea ist inzwischen gut in Charkiw angekommen und gew\u00f6hnt sich nach und nach an die Wunderlichkeiten,\u00a0aber auch an die Annehmlichkeiten des ukrainischen Alltags. Sie hat endlich auch im Wohnheim Zugang ins Internet und fast eine Stunde lang\u00a0haben\u00a0Carsten, Stephanie und ich\u00a0gestern mit ihr\u00a0telefoniert. Sie schreibt f\u00fcr die Dauer ihrer Praktikumszeit einen Blog:\u00a0<a href=\"http:\/\/dreiplusdrei.blogspot.de\/\" target=\"_blank\">http:\/\/dreiplusdrei.blogspot.de\/<\/a>\u00a0und ich finde ihre Eintr\u00e4ge sind sehr erfrischend \u00a0 \u00a0 :verliebt:<\/p>\n<p>Carsten war auch schon flei\u00dfig und hat\u00a0meine <a href=\"https:\/\/www.marvinchen.de\/webbibliothek\/_tagebuecher\/_olgaobsession\/obsession.htm\" target=\"_blank\">4. Obsession<\/a> sowie unsere <a href=\"https:\/\/www.marvinchen.de\/webbibliothek\/_tagebuecher\/_wall_of_visitors\/visitors.htm\" target=\"_blank\">Wall of Visitors<\/a>\u00a0auf den neusten Stand gebracht. Wir hatten ja immerhin\u00a0drei wundervolle Treffen oder\u00a0besser gesagt Wieder-Sehen w\u00e4hrend unseres Urlaubs gehabt und nun ist alles in Flagge und Bild auf unserer Seite zug\u00e4nglich \u00a0 \u00a0 \ud83d\ude42<\/p>\n<p>Stephanie hat ihre erste Schulwoche im letzten Schuljahr auch ohne gro\u00dfe Probleme gemeistert. Da h\u00f6re ich von den Eltern der aktuellen Erstkl\u00e4ssler ganz andere Geschichten \u00a0 \u00a0 \ud83d\ude09<\/p>\n<p>Und damit dieser Zwischenbericht nicht wieder komplett fotofrei ist \u00a0 \u00a0 \ud83d\ude09\u00a0\u00a0\u00a0\u00a0 hier eine Olga mit B\u00e4r:<\/p>\n<p style=\"text-align: center\"><a href=\"https:\/\/www.marvinchen.de\/olgas_welt\/blog\/wp-content\/uploads\/2013\/09\/aletsch14.jpg\"><img loading=\"lazy\" decoding=\"async\" class=\"aligncenter  wp-image-1351\" alt=\"aletsch14\" src=\"https:\/\/www.marvinchen.de\/olgas_welt\/blog\/wp-content\/uploads\/2013\/09\/aletsch14.jpg\" width=\"560\" height=\"420\" srcset=\"https:\/\/www.marvinchen.de\/olgas_welt\/blog\/wp-content\/uploads\/2013\/09\/aletsch14.jpg 800w, https:\/\/www.marvinchen.de\/olgas_welt\/blog\/wp-content\/uploads\/2013\/09\/aletsch14-300x225.jpg 300w\" sizes=\"auto, (max-width: 560px) 100vw, 560px\" \/><\/a><\/p>\n<p>Zwischen den vorderen und hinteren Bergen k\u00f6nnte man den gr\u00f6\u00dften und l\u00e4ngsten Gletscher der Alpen sehen &#8211; den Gro\u00dfen Aletschgletscher &#8211; aber diesen zeige ich Euch erst in voller Pracht in meinem Fotoprojektbericht f\u00fcr August\u00a0\u00a0\u00a0\u00a0 :-P:<\/p>\n","protected":false},"excerpt":{"rendered":"<p>Es ist schon ph\u00e4nomenal, wie schnell man sich nach einem Urlaub wieder im Alltagstrott einfinden kann \u00a0 \u00a0 \ud83d\ude00 Carsten und ich\u00a0arbeiten nach und nach unsere To-Do-Listen ab und wir haben inzwischen\u00a0schon die\u00a0&#8222;S\u00e4uberungsaktion&#8220; bei unseren Urlaubsbildern gemacht (von 4863 auf 3821 St\u00fcck). Au\u00dferdem habe ich bereits alle B\u00e4ren-Bilder separat abgespeichert und festgestellt, dass es \u00fcber [&hellip;]<\/p>\n","protected":false},"author":3,"featured_media":0,"comment_status":"open","ping_status":"closed","sticky":false,"template":"","format":"standard","meta":{"ngg_post_thumbnail":0,"footnotes":""},"categories":[3,478,822,4,17,1],"tags":[16,14,767,587,13,212,510,87,15,21],"class_list":["post-1350","post","type-post","status-publish","format-standard","hentry","category-ausfluege-und-reisen","category-bariges-leben","category-fotografie-und-photoshop","category-freud-und-leid","category-kauderwelsch-und-muttersprache","category-olca-und-stan","tag-andrea","tag-carsten","tag-charkiw","tag-foto","tag-olga","tag-praktikum","tag-reise","tag-schule","tag-stephanie","tag-urlaub"],"_links":{"self":[{"href":"https:\/\/www.marvinchen.de\/olgas_welt\/blog\/wp-json\/wp\/v2\/posts\/1350","targetHints":{"allow":["GET"]}}],"collection":[{"href":"https:\/\/www.marvinchen.de\/olgas_welt\/blog\/wp-json\/wp\/v2\/posts"}],"about":[{"href":"https:\/\/www.marvinchen.de\/olgas_welt\/blog\/wp-json\/wp\/v2\/types\/post"}],"author":[{"embeddable":true,"href":"https:\/\/www.marvinchen.de\/olgas_welt\/blog\/wp-json\/wp\/v2\/users\/3"}],"replies":[{"embeddable":true,"href":"https:\/\/www.marvinchen.de\/olgas_welt\/blog\/wp-json\/wp\/v2\/comments?post=1350"}],"version-history":[{"count":0,"href":"https:\/\/www.marvinchen.de\/olgas_welt\/blog\/wp-json\/wp\/v2\/posts\/1350\/revisions"}],"wp:attachment":[{"href":"https:\/\/www.marvinchen.de\/olgas_welt\/blog\/wp-json\/wp\/v2\/media?parent=1350"}],"wp:term":[{"taxonomy":"category","embeddable":true,"href":"https:\/\/www.marvinchen.de\/olgas_welt\/blog\/wp-json\/wp\/v2\/categories?post=1350"},{"taxonomy":"post_tag","embeddable":true,"href":"https:\/\/www.marvinchen.de\/olgas_welt\/blog\/wp-json\/wp\/v2\/tags?post=1350"}],"curies":[{"name":"wp","href":"https:\/\/api.w.org\/{rel}","templated":true}]}}