{"id":1376,"date":"2013-09-15T16:43:57","date_gmt":"2013-09-15T14:43:57","guid":{"rendered":"http:\/\/www.marvinchen.de\/olgas_welt\/blog\/?p=1376"},"modified":"2013-09-15T16:47:43","modified_gmt":"2013-09-15T14:47:43","slug":"fotojahresplan-august","status":"publish","type":"post","link":"https:\/\/www.marvinchen.de\/olgas_welt\/blog\/2013\/09\/fotojahresplan-august\/","title":{"rendered":"Fotojahresplan &#8211; August"},"content":{"rendered":"<p>Die Auswahl der Bilder f\u00fcr meine monatlichen Projektberichte ist immer wieder ein m\u00fchsamer Prozess. Der August toppt bis jetzt aber in dieser Beziehung alle vorherigen Monate. Klar, da sich in 3 Wochen\u00a0Urlaub eine recht gro\u00dfe Sammlung an Digitalbildern angesammtelt hat &#8230; in Zahlen: etwas mehr als 3800 St\u00fcck. Da f\u00e4llt es nat\u00fcrlich echt schwer, aus den zahlreichen Aufnahmen nur ein paar auszuw\u00e4hlen \u00a0 \u00a0 \ud83d\ude09\u00a0\u00a0\u00a0\u00a0 zum Gl\u00fcck hat mir Carsten dabei tat- und entscheidungskr\u00e4ftig geholfen \u00a0 \u00a0 :verliebt:<\/p>\n<p>Und die Sieger dieser Wahl sind nun folgende\u00a0Fotos geworden:<\/p>\n<p>Auf dem ersten Bild (Tag 4 unseres Urlaubs) sind wir\u00a0auf dem\u00a0<a href=\"http:\/\/www.rigi.ch\/Home\" target=\"_blank\">Rigi<\/a>,\u00a0ein Berg, welcher\u00a0 in <a href=\"http:\/\/de.wikipedia.org\/wiki\/Weggis\" target=\"_blank\">Weggis<\/a> quasi direkt vor unserer Haust\u00fcr liegt. Vom sogenannten Ch\u00e4nzeli blickt man nat\u00fcrlich voll auf den Vierwaldst\u00e4tter See. Direkt gegen\u00fcber liegt der Luzerner Hausberg namens Pilatus, der Berg links hei\u00dft B\u00fcrgenstock und die Ansammlung wei\u00dfer H\u00e4user direkt zu unseren F\u00fc\u00dfen beinhaltet auch unser damaliges Feriendomizil \u00a0\u00a0\u00a0 \ud83d\ude00<\/p>\n<p style=\"text-align: center;\"><a href=\"https:\/\/www.marvinchen.de\/olgas_welt\/blog\/wp-content\/uploads\/2013\/09\/1rigi4.jpg\"><img loading=\"lazy\" decoding=\"async\" class=\"aligncenter  wp-image-1377\" alt=\"1rigi4\" src=\"https:\/\/www.marvinchen.de\/olgas_welt\/blog\/wp-content\/uploads\/2013\/09\/1rigi4.jpg\" width=\"560\" height=\"373\" srcset=\"https:\/\/www.marvinchen.de\/olgas_welt\/blog\/wp-content\/uploads\/2013\/09\/1rigi4.jpg 800w, https:\/\/www.marvinchen.de\/olgas_welt\/blog\/wp-content\/uploads\/2013\/09\/1rigi4-300x199.jpg 300w\" sizes=\"auto, (max-width: 560px) 100vw, 560px\" \/><\/a><\/p>\n<p style=\"text-align: left;\">Am Startpunkt unserer Wanderung\u00a0auf dem\u00a0Pragelpass am 9. Tag gab es diese stimmungsvolle Alpenkomposition:<\/p>\n<p style=\"text-align: center;\"><a href=\"https:\/\/www.marvinchen.de\/olgas_welt\/blog\/wp-content\/uploads\/2013\/09\/2pragelpass1.jpg\"><img loading=\"lazy\" decoding=\"async\" class=\"aligncenter  wp-image-1378\" alt=\"2pragelpass1\" src=\"https:\/\/www.marvinchen.de\/olgas_welt\/blog\/wp-content\/uploads\/2013\/09\/2pragelpass1.jpg\" width=\"560\" height=\"373\" srcset=\"https:\/\/www.marvinchen.de\/olgas_welt\/blog\/wp-content\/uploads\/2013\/09\/2pragelpass1.jpg 800w, https:\/\/www.marvinchen.de\/olgas_welt\/blog\/wp-content\/uploads\/2013\/09\/2pragelpass1-300x199.jpg 300w\" sizes=\"auto, (max-width: 560px) 100vw, 560px\" \/><\/a><\/p>\n<p style=\"text-align: left;\">Hier\u00a0waren wir noch auf dem Weg vom Pragelpass (1548 m \u00fc.M.) zum h\u00f6chsten Punkt Silberen\/Tw\u00e4renen (2314 m \u00fc.M.) und ehrlich gesagt hatten wir f\u00fcr unsere Karsttour noch eine ganz lange Strecke vor uns \u00a0 \u00a0 \ud83d\ude09<\/p>\n<p style=\"text-align: center;\"><a href=\"https:\/\/www.marvinchen.de\/olgas_welt\/blog\/wp-content\/uploads\/2013\/09\/2pragelpass2.jpg\"><img loading=\"lazy\" decoding=\"async\" class=\"aligncenter  wp-image-1379\" alt=\"2pragelpass2\" src=\"https:\/\/www.marvinchen.de\/olgas_welt\/blog\/wp-content\/uploads\/2013\/09\/2pragelpass2.jpg\" width=\"560\" height=\"373\" srcset=\"https:\/\/www.marvinchen.de\/olgas_welt\/blog\/wp-content\/uploads\/2013\/09\/2pragelpass2.jpg 800w, https:\/\/www.marvinchen.de\/olgas_welt\/blog\/wp-content\/uploads\/2013\/09\/2pragelpass2-300x199.jpg 300w\" sizes=\"auto, (max-width: 560px) 100vw, 560px\" \/><\/a><\/p>\n<p style=\"text-align: left;\">Diese Karstlandschaften wurden dann sp\u00e4ter noch v\u00f6llig pflanzenfrei, aber dummerweise hatte ich an diesem Wandertag meinen Ersatzakku f\u00fcr die DSLR-Kamera vergessen \u00a0 \u00a0 :ueberrascht: :weinen:<br \/>\nAus heutiger Sicht denke ich, dass es ganz gut war, denn sonst g\u00e4be es noch mehr Bilder zum Aussortieren \u00a0 \u00a0 \ud83d\ude09<\/p>\n<p style=\"text-align: center;\"><a href=\"https:\/\/www.marvinchen.de\/olgas_welt\/blog\/wp-content\/uploads\/2013\/09\/2pragelpass4.jpg\"><img loading=\"lazy\" decoding=\"async\" class=\"aligncenter  wp-image-1380\" alt=\"2pragelpass4\" src=\"https:\/\/www.marvinchen.de\/olgas_welt\/blog\/wp-content\/uploads\/2013\/09\/2pragelpass4.jpg\" width=\"560\" height=\"373\" srcset=\"https:\/\/www.marvinchen.de\/olgas_welt\/blog\/wp-content\/uploads\/2013\/09\/2pragelpass4.jpg 800w, https:\/\/www.marvinchen.de\/olgas_welt\/blog\/wp-content\/uploads\/2013\/09\/2pragelpass4-300x199.jpg 300w\" sizes=\"auto, (max-width: 560px) 100vw, 560px\" \/><\/a><\/p>\n<p style=\"text-align: left;\">Wasserf\u00e4lle sieht man in der Schweiz \u00fcberall und immer wieder, was ihrer Sch\u00f6nheit und ungez\u00e4hmten Kraft dennoch keinen Abbruch tut!<\/p>\n<p style=\"text-align: center;\"><a href=\"https:\/\/www.marvinchen.de\/olgas_welt\/blog\/wp-content\/uploads\/2013\/09\/3p\u00e4sse1.jpg\"><img loading=\"lazy\" decoding=\"async\" class=\"aligncenter  wp-image-1381\" alt=\"3p\u00e4sse1\" src=\"https:\/\/www.marvinchen.de\/olgas_welt\/blog\/wp-content\/uploads\/2013\/09\/3p\u00e4sse1.jpg\" width=\"560\" height=\"373\" srcset=\"https:\/\/www.marvinchen.de\/olgas_welt\/blog\/wp-content\/uploads\/2013\/09\/3p\u00e4sse1.jpg 800w, https:\/\/www.marvinchen.de\/olgas_welt\/blog\/wp-content\/uploads\/2013\/09\/3p\u00e4sse1-300x199.jpg 300w\" sizes=\"auto, (max-width: 560px) 100vw, 560px\" \/><\/a><\/p>\n<p style=\"text-align: left;\">Eine der unz\u00e4hligen bezaubernden und verzauberten Landschaften, welche wir\u00a0auf unserer Drei-P\u00e4sse-Rundfahrt (Grimselpass &#8211; Furkapass &#8211; Sustenpass) am 11. Tag zu Gesicht bekamen:<\/p>\n<p style=\"text-align: center;\"><a href=\"https:\/\/www.marvinchen.de\/olgas_welt\/blog\/wp-content\/uploads\/2013\/09\/3p\u00e4sse3.jpg\"><img loading=\"lazy\" decoding=\"async\" class=\"aligncenter  wp-image-1382\" alt=\"3p\u00e4sse3\" src=\"https:\/\/www.marvinchen.de\/olgas_welt\/blog\/wp-content\/uploads\/2013\/09\/3p\u00e4sse3.jpg\" width=\"560\" height=\"373\" srcset=\"https:\/\/www.marvinchen.de\/olgas_welt\/blog\/wp-content\/uploads\/2013\/09\/3p\u00e4sse3.jpg 800w, https:\/\/www.marvinchen.de\/olgas_welt\/blog\/wp-content\/uploads\/2013\/09\/3p\u00e4sse3-300x199.jpg 300w\" sizes=\"auto, (max-width: 560px) 100vw, 560px\" \/><\/a><\/p>\n<p style=\"text-align: left;\">Ich bin froh, dass ich bei dieser Fahrt, welche wir nat\u00fcrlich im Cabrio machten, doch noch etwas Lang\u00e4rmliges dabei hatte, dann da wo Schnee liegt ist es bekanntlich auch k\u00fchl \u00a0 \u00a0 \ud83d\ude09<\/p>\n<p style=\"text-align: center;\"><a href=\"https:\/\/www.marvinchen.de\/olgas_welt\/blog\/wp-content\/uploads\/2013\/09\/3p\u00e4sse5.jpg\"><img loading=\"lazy\" decoding=\"async\" class=\"aligncenter  wp-image-1383\" alt=\"3p\u00e4sse5\" src=\"https:\/\/www.marvinchen.de\/olgas_welt\/blog\/wp-content\/uploads\/2013\/09\/3p\u00e4sse5.jpg\" width=\"560\" height=\"373\" srcset=\"https:\/\/www.marvinchen.de\/olgas_welt\/blog\/wp-content\/uploads\/2013\/09\/3p\u00e4sse5.jpg 800w, https:\/\/www.marvinchen.de\/olgas_welt\/blog\/wp-content\/uploads\/2013\/09\/3p\u00e4sse5-300x199.jpg 300w\" sizes=\"auto, (max-width: 560px) 100vw, 560px\" \/><\/a><\/p>\n<p style=\"text-align: left;\">Wir hatten unglaublich viel Gl\u00fcck mit dem Wetter und lie\u00dfen unsere Blicke ungehindert in die Ferne schweifen:<\/p>\n<p style=\"text-align: center;\"><a href=\"https:\/\/www.marvinchen.de\/olgas_welt\/blog\/wp-content\/uploads\/2013\/09\/3p\u00e4sse6.jpg\"><img loading=\"lazy\" decoding=\"async\" class=\"aligncenter  wp-image-1384\" alt=\"3p\u00e4sse6\" src=\"https:\/\/www.marvinchen.de\/olgas_welt\/blog\/wp-content\/uploads\/2013\/09\/3p\u00e4sse6.jpg\" width=\"560\" height=\"373\" srcset=\"https:\/\/www.marvinchen.de\/olgas_welt\/blog\/wp-content\/uploads\/2013\/09\/3p\u00e4sse6.jpg 800w, https:\/\/www.marvinchen.de\/olgas_welt\/blog\/wp-content\/uploads\/2013\/09\/3p\u00e4sse6-300x199.jpg 300w\" sizes=\"auto, (max-width: 560px) 100vw, 560px\" \/><\/a><\/p>\n<p style=\"text-align: left;\">Vor uns liegt der Furkapass (2429 m \u00fc.M.). \u00a0Das H\u00e4uschen in der Mitte des Bildes (links neben einer Haarnadelkurve) ist ein Hotel, welchen man\u00a0auch in dem James-Bond-Film &#8222;<a href=\"http:\/\/de.wikipedia.org\/wiki\/Goldfinger\" target=\"_blank\">Goldfinger<\/a>&#8220;\u00a0sehen kann &#8211; dort allerdings im Jahre 1965. Links ist ein See, welcher\u00a0durch den abtauenden Rhonegletscher entstanden ist. Leider sieht man den Gletscher aus diesem Blickwinkel nicht, daf\u00fcr aber die Stelle, wo der ber\u00fchmte Flu\u00df Rhone\u00a0seinen Anfang hat (der Wasserfall Mitte links):<\/p>\n<p style=\"text-align: center;\"><a href=\"https:\/\/www.marvinchen.de\/olgas_welt\/blog\/wp-content\/uploads\/2013\/09\/3p\u00e4sse7.jpg\"><img loading=\"lazy\" decoding=\"async\" class=\"aligncenter  wp-image-1385\" alt=\"3p\u00e4sse7\" src=\"https:\/\/www.marvinchen.de\/olgas_welt\/blog\/wp-content\/uploads\/2013\/09\/3p\u00e4sse7.jpg\" width=\"560\" height=\"373\" srcset=\"https:\/\/www.marvinchen.de\/olgas_welt\/blog\/wp-content\/uploads\/2013\/09\/3p\u00e4sse7.jpg 800w, https:\/\/www.marvinchen.de\/olgas_welt\/blog\/wp-content\/uploads\/2013\/09\/3p\u00e4sse7-300x199.jpg 300w\" sizes=\"auto, (max-width: 560px) 100vw, 560px\" \/><\/a><\/p>\n<p style=\"text-align: left;\">Die Stra\u00dfen sind einfach eine Wucht! Und es macht so viel Spa\u00df im Cabrio dort im wahrsten Sinne des Wortes herumzukurven \u00a0 \u00a0 \ud83d\ude00<\/p>\n<p style=\"text-align: center;\"><a href=\"https:\/\/www.marvinchen.de\/olgas_welt\/blog\/wp-content\/uploads\/2013\/09\/3p\u00e4sse8.jpg\"><img loading=\"lazy\" decoding=\"async\" class=\"aligncenter  wp-image-1386\" alt=\"3p\u00e4sse8\" src=\"https:\/\/www.marvinchen.de\/olgas_welt\/blog\/wp-content\/uploads\/2013\/09\/3p\u00e4sse8.jpg\" width=\"560\" height=\"373\" srcset=\"https:\/\/www.marvinchen.de\/olgas_welt\/blog\/wp-content\/uploads\/2013\/09\/3p\u00e4sse8.jpg 800w, https:\/\/www.marvinchen.de\/olgas_welt\/blog\/wp-content\/uploads\/2013\/09\/3p\u00e4sse8-300x199.jpg 300w\" sizes=\"auto, (max-width: 560px) 100vw, 560px\" \/><\/a><\/p>\n<p style=\"text-align: left;\">Bunte Blumenwiesen beeindruckten mich in den Alpen immer und immer wieder:<\/p>\n<p style=\"text-align: center;\"><a href=\"https:\/\/www.marvinchen.de\/olgas_welt\/blog\/wp-content\/uploads\/2013\/09\/3p\u00e4sse9.jpg\"><img loading=\"lazy\" decoding=\"async\" class=\"aligncenter  wp-image-1387\" alt=\"3p\u00e4sse9\" src=\"https:\/\/www.marvinchen.de\/olgas_welt\/blog\/wp-content\/uploads\/2013\/09\/3p\u00e4sse9.jpg\" width=\"560\" height=\"373\" srcset=\"https:\/\/www.marvinchen.de\/olgas_welt\/blog\/wp-content\/uploads\/2013\/09\/3p\u00e4sse9.jpg 800w, https:\/\/www.marvinchen.de\/olgas_welt\/blog\/wp-content\/uploads\/2013\/09\/3p\u00e4sse9-300x199.jpg 300w\" sizes=\"auto, (max-width: 560px) 100vw, 560px\" \/><\/a><\/p>\n<p style=\"text-align: left;\">Dass Gr\u00fcn und Schnee so gute Nachbarn sein k\u00f6nnen, wurde mir erst in den\u00a0drei Schweiz-Wochen so richtig bewusst:<\/p>\n<p style=\"text-align: center;\"><a href=\"https:\/\/www.marvinchen.de\/olgas_welt\/blog\/wp-content\/uploads\/2013\/09\/3p\u00e4sse13.jpg\"><img loading=\"lazy\" decoding=\"async\" class=\"aligncenter  wp-image-1388\" alt=\"3p\u00e4sse13\" src=\"https:\/\/www.marvinchen.de\/olgas_welt\/blog\/wp-content\/uploads\/2013\/09\/3p\u00e4sse13.jpg\" width=\"560\" height=\"373\" srcset=\"https:\/\/www.marvinchen.de\/olgas_welt\/blog\/wp-content\/uploads\/2013\/09\/3p\u00e4sse13.jpg 800w, https:\/\/www.marvinchen.de\/olgas_welt\/blog\/wp-content\/uploads\/2013\/09\/3p\u00e4sse13-300x199.jpg 300w\" sizes=\"auto, (max-width: 560px) 100vw, 560px\" \/><\/a><\/p>\n<p style=\"text-align: left;\">Am gr\u00f6\u00dften Wasserfall Europas, dem Rheinfall, verstanden wir am 12. Tag\u00a0fast nicht einmal das eigene Wort. F\u00fcr die Augen ist das nat\u00fcrlich mal wieder eine sehr beeindruckende Darstellung\u00a0von Wasserkraft (erkennt man \u00fcbrigens den kleinen Regenbogen unten links?):<\/p>\n<p style=\"text-align: center;\"><a href=\"https:\/\/www.marvinchen.de\/olgas_welt\/blog\/wp-content\/uploads\/2013\/09\/4rheinfall1.jpg\"><img loading=\"lazy\" decoding=\"async\" class=\"aligncenter  wp-image-1389\" alt=\"4rheinfall1\" src=\"https:\/\/www.marvinchen.de\/olgas_welt\/blog\/wp-content\/uploads\/2013\/09\/4rheinfall1.jpg\" width=\"560\" height=\"373\" srcset=\"https:\/\/www.marvinchen.de\/olgas_welt\/blog\/wp-content\/uploads\/2013\/09\/4rheinfall1.jpg 800w, https:\/\/www.marvinchen.de\/olgas_welt\/blog\/wp-content\/uploads\/2013\/09\/4rheinfall1-300x199.jpg 300w\" sizes=\"auto, (max-width: 560px) 100vw, 560px\" \/><\/a><\/p>\n<p style=\"text-align: left;\">Alle, aber wirklich ALLE Wanderwege in der Schweiz werden gleich gekennzeichnet (was uns, nebenbei erw\u00e4hnt, bei unserer Pragelpasswanderung in\u00a0eine verkehrte Richtung gef\u00fchrt hat): die drei Streifen Wei\u00df-Rot-Wei\u00df sieht man in den Bergen auf Schritt und Tritt &#8211; hier bei der Wanderung am Aletschgletscher an unserem 14. Tag:<\/p>\n<p style=\"text-align: center;\"><a href=\"https:\/\/www.marvinchen.de\/olgas_welt\/blog\/wp-content\/uploads\/2013\/09\/5aletsch2.jpg\"><img loading=\"lazy\" decoding=\"async\" class=\"aligncenter  wp-image-1390\" alt=\"5aletsch2\" src=\"https:\/\/www.marvinchen.de\/olgas_welt\/blog\/wp-content\/uploads\/2013\/09\/5aletsch2.jpg\" width=\"560\" height=\"373\" srcset=\"https:\/\/www.marvinchen.de\/olgas_welt\/blog\/wp-content\/uploads\/2013\/09\/5aletsch2.jpg 800w, https:\/\/www.marvinchen.de\/olgas_welt\/blog\/wp-content\/uploads\/2013\/09\/5aletsch2-300x199.jpg 300w\" sizes=\"auto, (max-width: 560px) 100vw, 560px\" \/><\/a><\/p>\n<p style=\"text-align: left;\">Auf dem Weg zum Aletschgletscher kann man, wenn man sich umdreht und dazu eine\u00a0genau so sch\u00f6nes Sicht wie wir hat, sogar die charakteristische Silhouette des\u00a0Matterhorns sehen!<\/p>\n<p style=\"text-align: center;\"><a href=\"https:\/\/www.marvinchen.de\/olgas_welt\/blog\/wp-content\/uploads\/2013\/09\/5aletsch5.jpg\"><img loading=\"lazy\" decoding=\"async\" class=\"aligncenter  wp-image-1391\" alt=\"5aletsch5\" src=\"https:\/\/www.marvinchen.de\/olgas_welt\/blog\/wp-content\/uploads\/2013\/09\/5aletsch5.jpg\" width=\"560\" height=\"373\" srcset=\"https:\/\/www.marvinchen.de\/olgas_welt\/blog\/wp-content\/uploads\/2013\/09\/5aletsch5.jpg 800w, https:\/\/www.marvinchen.de\/olgas_welt\/blog\/wp-content\/uploads\/2013\/09\/5aletsch5-300x199.jpg 300w\" sizes=\"auto, (max-width: 560px) 100vw, 560px\" \/><\/a><\/p>\n<p style=\"text-align: left;\">Apropos <a href=\"http:\/\/de.wikipedia.org\/wiki\/Aletschgletscher\" target=\"_blank\">Aletschgletscher<\/a>. Ist er nicht \u00fcberw\u00e4ltigend? Und das ist nur die Spitze seiner Gletscherzunge:<\/p>\n<p style=\"text-align: center;\"><a href=\"https:\/\/www.marvinchen.de\/olgas_welt\/blog\/wp-content\/uploads\/2013\/09\/5aletsch8.jpg\"><img loading=\"lazy\" decoding=\"async\" class=\"aligncenter  wp-image-1392\" alt=\"5aletsch8\" src=\"https:\/\/www.marvinchen.de\/olgas_welt\/blog\/wp-content\/uploads\/2013\/09\/5aletsch8.jpg\" width=\"560\" height=\"373\" srcset=\"https:\/\/www.marvinchen.de\/olgas_welt\/blog\/wp-content\/uploads\/2013\/09\/5aletsch8.jpg 800w, https:\/\/www.marvinchen.de\/olgas_welt\/blog\/wp-content\/uploads\/2013\/09\/5aletsch8-300x199.jpg 300w\" sizes=\"auto, (max-width: 560px) 100vw, 560px\" \/><\/a><\/p>\n<p style=\"text-align: left;\">Diese wiederk\u00e4uende Viecherlis samt Bimmel gab es immer wieder am Wanderwegesrand, aber\u00a0sie waren zu uns immer sehr lieb und zutraulich &#8211;&gt;\u00a0die sch\u00f6nen braunen K\u00fche:<\/p>\n<p style=\"text-align: center;\"><a href=\"https:\/\/www.marvinchen.de\/olgas_welt\/blog\/wp-content\/uploads\/2013\/09\/5aletsch11.jpg\"><img loading=\"lazy\" decoding=\"async\" class=\"aligncenter  wp-image-1393\" alt=\"5aletsch11\" src=\"https:\/\/www.marvinchen.de\/olgas_welt\/blog\/wp-content\/uploads\/2013\/09\/5aletsch11.jpg\" width=\"560\" height=\"373\" srcset=\"https:\/\/www.marvinchen.de\/olgas_welt\/blog\/wp-content\/uploads\/2013\/09\/5aletsch11.jpg 800w, https:\/\/www.marvinchen.de\/olgas_welt\/blog\/wp-content\/uploads\/2013\/09\/5aletsch11-300x199.jpg 300w\" sizes=\"auto, (max-width: 560px) 100vw, 560px\" \/><\/a><\/p>\n<p style=\"text-align: left;\">Der kleine Punkt im Himmel machte mich richtig neidisch, denn nur zu gern h\u00e4tte ich die Alpenwelt auch gerne aus der Perspektive eines Paraglieders gesehen!<\/p>\n<p style=\"text-align: center;\"><a href=\"https:\/\/www.marvinchen.de\/olgas_welt\/blog\/wp-content\/uploads\/2013\/09\/5aletsch13.jpg\"><img loading=\"lazy\" decoding=\"async\" class=\"aligncenter  wp-image-1394\" alt=\"5aletsch13\" src=\"https:\/\/www.marvinchen.de\/olgas_welt\/blog\/wp-content\/uploads\/2013\/09\/5aletsch13.jpg\" width=\"560\" height=\"373\" srcset=\"https:\/\/www.marvinchen.de\/olgas_welt\/blog\/wp-content\/uploads\/2013\/09\/5aletsch13.jpg 800w, https:\/\/www.marvinchen.de\/olgas_welt\/blog\/wp-content\/uploads\/2013\/09\/5aletsch13-300x199.jpg 300w\" sizes=\"auto, (max-width: 560px) 100vw, 560px\" \/><\/a><\/p>\n<p style=\"text-align: left;\">Auf der FeWo-Terrasse\u00a0bei einem Glas Wein und\u00a0Kerzenschein, konnten wir nahezu allabendlich das beeindruckende Schauspiel der Berge und der untergehenden Sonne, das sogenannte Alpengl\u00fchen, aus erster Reihe anschauen &#8211; hier am 18. Tag:<\/p>\n<p style=\"text-align: center;\"><a href=\"https:\/\/www.marvinchen.de\/olgas_welt\/blog\/wp-content\/uploads\/2013\/09\/6weggis1.jpg\"><img loading=\"lazy\" decoding=\"async\" class=\"aligncenter  wp-image-1395\" alt=\"6weggis1\" src=\"https:\/\/www.marvinchen.de\/olgas_welt\/blog\/wp-content\/uploads\/2013\/09\/6weggis1.jpg\" width=\"560\" height=\"373\" srcset=\"https:\/\/www.marvinchen.de\/olgas_welt\/blog\/wp-content\/uploads\/2013\/09\/6weggis1.jpg 800w, https:\/\/www.marvinchen.de\/olgas_welt\/blog\/wp-content\/uploads\/2013\/09\/6weggis1-300x199.jpg 300w\" sizes=\"auto, (max-width: 560px) 100vw, 560px\" \/><\/a><\/p>\n<p style=\"text-align: left;\">Diesen gro\u00dfen Vollmond bekamen wir am 19. Tag vor die Linse:<\/p>\n<p style=\"text-align: center;\"><a href=\"https:\/\/www.marvinchen.de\/olgas_welt\/blog\/wp-content\/uploads\/2013\/09\/7weggis1.jpg\"><img loading=\"lazy\" decoding=\"async\" class=\"aligncenter  wp-image-1396\" alt=\"7weggis1\" src=\"https:\/\/www.marvinchen.de\/olgas_welt\/blog\/wp-content\/uploads\/2013\/09\/7weggis1.jpg\" width=\"560\" height=\"373\" srcset=\"https:\/\/www.marvinchen.de\/olgas_welt\/blog\/wp-content\/uploads\/2013\/09\/7weggis1.jpg 800w, https:\/\/www.marvinchen.de\/olgas_welt\/blog\/wp-content\/uploads\/2013\/09\/7weggis1-300x199.jpg 300w\" sizes=\"auto, (max-width: 560px) 100vw, 560px\" \/><\/a><\/p>\n<p style=\"text-align: left;\">Der Pilatus, der Hausberg von Luzern, ist sehr launisch und schiebt seine dicke Wolkendecke mal links, mal rechts. Gen S\u00fcden\u00a0war der Ausblick an unserem 19. Tag noch v\u00f6llig ungest\u00f6rt &#8230;<\/p>\n<p style=\"text-align: center;\"><a href=\"https:\/\/www.marvinchen.de\/olgas_welt\/blog\/wp-content\/uploads\/2013\/09\/7pilatus2.jpg\"><img loading=\"lazy\" decoding=\"async\" class=\"aligncenter  wp-image-1397\" alt=\"7pilatus2\" src=\"https:\/\/www.marvinchen.de\/olgas_welt\/blog\/wp-content\/uploads\/2013\/09\/7pilatus2.jpg\" width=\"560\" height=\"373\" srcset=\"https:\/\/www.marvinchen.de\/olgas_welt\/blog\/wp-content\/uploads\/2013\/09\/7pilatus2.jpg 800w, https:\/\/www.marvinchen.de\/olgas_welt\/blog\/wp-content\/uploads\/2013\/09\/7pilatus2-300x199.jpg 300w\" sizes=\"auto, (max-width: 560px) 100vw, 560px\" \/><\/a><\/p>\n<p style=\"text-align: left;\">&#8230; aber nur ein paar Meter weiter sieht die Welt schon etwas geheimnisvoller und irgendwie bedrohlicher aus. Da unten liegt eigentlich der Vierwaldst\u00e4ttersee und Luzern:<\/p>\n<p style=\"text-align: center;\"><a href=\"https:\/\/www.marvinchen.de\/olgas_welt\/blog\/wp-content\/uploads\/2013\/09\/7pilatus4.jpg\"><img loading=\"lazy\" decoding=\"async\" class=\"aligncenter  wp-image-1398\" alt=\"7pilatus4\" src=\"https:\/\/www.marvinchen.de\/olgas_welt\/blog\/wp-content\/uploads\/2013\/09\/7pilatus4.jpg\" width=\"560\" height=\"373\" srcset=\"https:\/\/www.marvinchen.de\/olgas_welt\/blog\/wp-content\/uploads\/2013\/09\/7pilatus4.jpg 800w, https:\/\/www.marvinchen.de\/olgas_welt\/blog\/wp-content\/uploads\/2013\/09\/7pilatus4-300x199.jpg 300w\" sizes=\"auto, (max-width: 560px) 100vw, 560px\" \/><\/a><\/p>\n<p style=\"text-align: left;\">Die schwarzen V\u00f6gel\u00a0auf dem\u00a0Pilatus beherrschen die Zweibeiner und nachdem sie sich von ihnen bereitwillig f\u00fcttern lie\u00dfen, verzogen sie sich einfach in h\u00f6here Gefilde, um die grandiose Bilder der Bergwelt zu geniessen\u00a0\u00a0\u00a0\u00a0 \ud83d\ude09<\/p>\n<p style=\"text-align: center;\"><a href=\"https:\/\/www.marvinchen.de\/olgas_welt\/blog\/wp-content\/uploads\/2013\/09\/7pilatus5.jpg\"><img loading=\"lazy\" decoding=\"async\" class=\"aligncenter  wp-image-1399\" alt=\"7pilatus5\" src=\"https:\/\/www.marvinchen.de\/olgas_welt\/blog\/wp-content\/uploads\/2013\/09\/7pilatus5.jpg\" width=\"560\" height=\"373\" srcset=\"https:\/\/www.marvinchen.de\/olgas_welt\/blog\/wp-content\/uploads\/2013\/09\/7pilatus5.jpg 800w, https:\/\/www.marvinchen.de\/olgas_welt\/blog\/wp-content\/uploads\/2013\/09\/7pilatus5-300x199.jpg 300w\" sizes=\"auto, (max-width: 560px) 100vw, 560px\" \/><\/a><\/p>\n<p style=\"text-align: left;\">Ich hoffe, auch meine Blogbesucher haben das eine oder das andere Bild genossen und sind mit mir ein wenig durch die Bergwelt der Zentralschweiz mitgereist. So steht einem doch noch genug Platz f\u00fcr Begleiter zur Verf\u00fcgung, selbst wenn man nur mit einem Smart Cabrio unterwegs ist \u00a0\u00a0\u00a0 \ud83d\ude09<\/p>\n","protected":false},"excerpt":{"rendered":"<p>Die Auswahl der Bilder f\u00fcr meine monatlichen Projektberichte ist immer wieder ein m\u00fchsamer Prozess. Der August toppt bis jetzt aber in dieser Beziehung alle vorherigen Monate. Klar, da sich in 3 Wochen\u00a0Urlaub eine recht gro\u00dfe Sammlung an Digitalbildern angesammtelt hat &#8230; in Zahlen: etwas mehr als 3800 St\u00fcck. Da f\u00e4llt es nat\u00fcrlich echt schwer, aus [&hellip;]<\/p>\n","protected":false},"author":3,"featured_media":0,"comment_status":"open","ping_status":"closed","sticky":false,"template":"","format":"standard","meta":{"ngg_post_thumbnail":0,"footnotes":""},"categories":[3,822,4,1],"tags":[14,587,716,847,13,510,873,21],"class_list":["post-1376","post","type-post","status-publish","format-standard","hentry","category-ausfluege-und-reisen","category-fotografie-und-photoshop","category-freud-und-leid","category-olca-und-stan","tag-carsten","tag-foto","tag-fotografieren","tag-fotojahresplan","tag-olga","tag-reise","tag-schweiz","tag-urlaub"],"_links":{"self":[{"href":"https:\/\/www.marvinchen.de\/olgas_welt\/blog\/wp-json\/wp\/v2\/posts\/1376","targetHints":{"allow":["GET"]}}],"collection":[{"href":"https:\/\/www.marvinchen.de\/olgas_welt\/blog\/wp-json\/wp\/v2\/posts"}],"about":[{"href":"https:\/\/www.marvinchen.de\/olgas_welt\/blog\/wp-json\/wp\/v2\/types\/post"}],"author":[{"embeddable":true,"href":"https:\/\/www.marvinchen.de\/olgas_welt\/blog\/wp-json\/wp\/v2\/users\/3"}],"replies":[{"embeddable":true,"href":"https:\/\/www.marvinchen.de\/olgas_welt\/blog\/wp-json\/wp\/v2\/comments?post=1376"}],"version-history":[{"count":0,"href":"https:\/\/www.marvinchen.de\/olgas_welt\/blog\/wp-json\/wp\/v2\/posts\/1376\/revisions"}],"wp:attachment":[{"href":"https:\/\/www.marvinchen.de\/olgas_welt\/blog\/wp-json\/wp\/v2\/media?parent=1376"}],"wp:term":[{"taxonomy":"category","embeddable":true,"href":"https:\/\/www.marvinchen.de\/olgas_welt\/blog\/wp-json\/wp\/v2\/categories?post=1376"},{"taxonomy":"post_tag","embeddable":true,"href":"https:\/\/www.marvinchen.de\/olgas_welt\/blog\/wp-json\/wp\/v2\/tags?post=1376"}],"curies":[{"name":"wp","href":"https:\/\/api.w.org\/{rel}","templated":true}]}}