{"id":1403,"date":"2013-09-25T10:32:58","date_gmt":"2013-09-25T08:32:58","guid":{"rendered":"http:\/\/www.marvinchen.de\/olgas_welt\/blog\/?p=1403"},"modified":"2013-09-25T10:33:52","modified_gmt":"2013-09-25T08:33:52","slug":"die-macht-der-termine-im-september","status":"publish","type":"post","link":"https:\/\/www.marvinchen.de\/olgas_welt\/blog\/2013\/09\/die-macht-der-termine-im-september\/","title":{"rendered":"Die Macht der Termine im September"},"content":{"rendered":"<p>Irgendwie habe ich inzwischen das Gef\u00fchl, dass unser Urlaub schon von unglaublich langer Zeit war, denn inzwischen h\u00e4tte ich wieder Lust auf weitere 3 Wochen Auszeit \u00a0\u00a0\u00a0 \ud83d\ude09<\/p>\n<p>Meine Spalte f\u00fcr September in unserem Familienplaner ist wirklich proppevoll. Ok, ok, dort sind nat\u00fcrlich nicht nur Ganztagstermine eingetragen, aber dennoch hat man jeden Tag etwas zus\u00e4tzliches zu beachten.<\/p>\n<p>Nat\u00fcrlich sind\u00a0aber auch sch\u00f6ne, witzige und spannende Eintragungen vorhanden. Nehmen wir als Beispiel\u00a0mal Freitag, den 13. &#8230; an diesem Tag sind wir alle schon um 5 Uhr aufgestanden, damit Stephanie rechtzeitig zur ihren praktischen Fahrpr\u00fcfung\u00a0aufbrechen kann. Sie hat selbst an diesem Ungl\u00fcckstag es nicht nur geschafft, p\u00fcnktlich anzukommen, sondern diese auch gleich beim ersten Mal zu bestehen! Nochmals Gl\u00fcckwunsch!<\/p>\n<p>Am Mittwoch (18.9.)\u00a0haben wir Carstens Geburtstags nur im kleinen und beschaulichen Kreis gefeiert und stellten fest, dass es ja\u00a0sein letzter Geburtstag mit einer 3 als erste Ziffer sein wird\u00a0\u00a0 \u00a0 \ud83d\ude09<br \/>\nAuf\u00a0eine gro\u00dfe Feier haben wir diesmal noch verzichtet, aber das wird\u00a0n\u00e4chstes Jahr bestimmt nicht mehr der Fall sein \u00a0\u00a0\u00a0 \ud83d\ude09<\/p>\n<p>Am Samstagabend durfte ich wieder mal als Fotografin bei einem Auftritt\u00a0der IDC-T\u00e4nzer\u00a0auf dem Weinfest in Pesterwitz agieren. Die Lichtverh\u00e4ltnisse waren nicht wirklich optimal, aber ein paar Bilder sind doch noch vorzeigbar geworden &#8211; hier ein Beispiel:<\/p>\n<p style=\"text-align: center;\"><a href=\"https:\/\/www.marvinchen.de\/olgas_welt\/blog\/wp-content\/uploads\/2013\/09\/IMG_0163.jpg\"><img loading=\"lazy\" decoding=\"async\" class=\"aligncenter  wp-image-1404\" alt=\"IMG_0163\" src=\"https:\/\/www.marvinchen.de\/olgas_welt\/blog\/wp-content\/uploads\/2013\/09\/IMG_0163.jpg\" width=\"560\" height=\"373\" srcset=\"https:\/\/www.marvinchen.de\/olgas_welt\/blog\/wp-content\/uploads\/2013\/09\/IMG_0163.jpg 800w, https:\/\/www.marvinchen.de\/olgas_welt\/blog\/wp-content\/uploads\/2013\/09\/IMG_0163-300x199.jpg 300w\" sizes=\"auto, (max-width: 560px) 100vw, 560px\" \/><\/a><\/p>\n<p style=\"text-align: left;\">Sogar die Werbung im Hintergrund ist gut lesbar \u00a0\u00a0\u00a0 \ud83d\ude00<\/p>\n<p style=\"text-align: left;\">Allerdings gibt es keine Bilder vom Ausklang des\u00a0Abends zusammen mit meiner Anna. Zum Gl\u00fcck, kann ich nur sagen, denn wer will schon eine Wein trinkende, Lieder gr\u00f6lende und wild h\u00fcpfende Olga vor der Linse haben \u00a0 \u00a0 \ud83d\ude00<\/p>\n<p style=\"text-align: left;\">Am Sonntag darauf ging es dann gleich fr\u00fch mit Gerd, Katja und\u00a0Colin sowie Dirk zum Wandern und Futtern sowie einer Fahrt auf dem Dampfer in die S\u00e4chsische Schweiz &#8211;\u00a0es wurde ein langer aber echt toller Tag! Danke nochmals an Gerd f\u00fcr die Einladung!<\/p>\n<p style=\"text-align: left;\">Einen Termin habe ich mir dann auch selbst in den Kalender\u00a0eingetragen:\u00a0weil\u00a0ich ein <a href=\"http:\/\/www.nienacki.art.pl\/r_wyspa_zloczyncow.html\" target=\"_blank\">Buch<\/a>\u00a0namens\u00a0&#8222;Wyspa Z\u0142oczy\u0144c\u00f3w&#8220; von\u00a0Zbigniew\u00a0Nienacki<b>\u00a0<\/b>in polnisch ausgelesen habe, wollte ich auch noch unbedingt den <a href=\"http:\/\/www.youtube.com\/watch?v=4Eq1OH9qg6Q\" target=\"_blank\">Film<\/a> dazu sehen. Ich habe sogar fast alles verstanden und bin deshalb auch total stolz auf mich\u00a0\u00a0\u00a0\u00a0 \ud83d\ude42<\/p>\n<p style=\"text-align: left;\">Apropos Filme. Ich hatte Lust, ein paar &#8222;echte Kerle&#8220; auf \u00a0der Leinwand zu sehen und da kamen mir die Neustarts von &#8222;<a href=\"http:\/\/whitehousedown.de\/\" target=\"_blank\">White House Down<\/a>&#8220; mit Channing Tatum sowie &#8222;<a href=\"http:\/\/www.riddick-movie.com\/\" target=\"_blank\">Riddick<\/a>&#8220; mit Vin Diesel gerade recht. Man merkt, die Jahreszeit wird d\u00fcsterer, denn dann interessiere ich mich irgendwie immer verst\u00e4rkt f\u00fcr solche Actionfilme, wo am Ende immer die Guten gewinnen &#8211; als Ausgleich eben f\u00fcr das schlechte Wetter \u00a0 \u00a0 \ud83d\ude09<\/p>\n<p style=\"text-align: left;\">Der Oktober sieht gl\u00fccklicherweise laut Kalender derzeit noch ganz jungfr\u00e4ulich\u00a0aus, aber irgendwie habe ich das Gef\u00fchl, dass es nicht sehr lange so bleiben wird \u00a0\u00a0\u00a0 \ud83d\ude09<\/p>\n","protected":false},"excerpt":{"rendered":"<p>Irgendwie habe ich inzwischen das Gef\u00fchl, dass unser Urlaub schon von unglaublich langer Zeit war, denn inzwischen h\u00e4tte ich wieder Lust auf weitere 3 Wochen Auszeit \u00a0\u00a0\u00a0 \ud83d\ude09 Meine Spalte f\u00fcr September in unserem Familienplaner ist wirklich proppevoll. Ok, ok, dort sind nat\u00fcrlich nicht nur Ganztagstermine eingetragen, aber dennoch hat man jeden Tag etwas zus\u00e4tzliches [&hellip;]<\/p>\n","protected":false},"author":3,"featured_media":0,"comment_status":"open","ping_status":"closed","sticky":false,"template":"","format":"standard","meta":{"ngg_post_thumbnail":0,"footnotes":""},"categories":[3,12,822,4,7,8,17,1],"tags":[60,14,52,638,716,825,13,876,421,15],"class_list":["post-1403","post","type-post","status-publish","format-standard","hentry","category-ausfluege-und-reisen","category-film-und-fernsehen","category-fotografie-und-photoshop","category-freud-und-leid","category-freunde-und-co","category-hoeren-und-lesen","category-kauderwelsch-und-muttersprache","category-olca-und-stan","tag-buch","tag-carsten","tag-film","tag-fotografie","tag-fotografieren","tag-idc","tag-olga","tag-polnisch","tag-sprache","tag-stephanie"],"_links":{"self":[{"href":"https:\/\/www.marvinchen.de\/olgas_welt\/blog\/wp-json\/wp\/v2\/posts\/1403","targetHints":{"allow":["GET"]}}],"collection":[{"href":"https:\/\/www.marvinchen.de\/olgas_welt\/blog\/wp-json\/wp\/v2\/posts"}],"about":[{"href":"https:\/\/www.marvinchen.de\/olgas_welt\/blog\/wp-json\/wp\/v2\/types\/post"}],"author":[{"embeddable":true,"href":"https:\/\/www.marvinchen.de\/olgas_welt\/blog\/wp-json\/wp\/v2\/users\/3"}],"replies":[{"embeddable":true,"href":"https:\/\/www.marvinchen.de\/olgas_welt\/blog\/wp-json\/wp\/v2\/comments?post=1403"}],"version-history":[{"count":0,"href":"https:\/\/www.marvinchen.de\/olgas_welt\/blog\/wp-json\/wp\/v2\/posts\/1403\/revisions"}],"wp:attachment":[{"href":"https:\/\/www.marvinchen.de\/olgas_welt\/blog\/wp-json\/wp\/v2\/media?parent=1403"}],"wp:term":[{"taxonomy":"category","embeddable":true,"href":"https:\/\/www.marvinchen.de\/olgas_welt\/blog\/wp-json\/wp\/v2\/categories?post=1403"},{"taxonomy":"post_tag","embeddable":true,"href":"https:\/\/www.marvinchen.de\/olgas_welt\/blog\/wp-json\/wp\/v2\/tags?post=1403"}],"curies":[{"name":"wp","href":"https:\/\/api.w.org\/{rel}","templated":true}]}}