{"id":1407,"date":"2013-09-30T21:47:07","date_gmt":"2013-09-30T19:47:07","guid":{"rendered":"http:\/\/www.marvinchen.de\/olgas_welt\/blog\/?p=1407"},"modified":"2013-09-30T21:47:07","modified_gmt":"2013-09-30T19:47:07","slug":"mission-accomplished","status":"publish","type":"post","link":"https:\/\/www.marvinchen.de\/olgas_welt\/blog\/2013\/09\/mission-accomplished\/","title":{"rendered":"Mission accomplished"},"content":{"rendered":"<p>Jeder kann bestimmt \u00fcber Vorhaben sprechen,\u00a0die man jahrelang vor sich her schiebt, weil sie zwar interessant aber in\u00a0gewisser Art und Weise doch belastend sind. Auch ich kann mich davon nat\u00fcrlich nicht frei sprechen. Ein Thema interessiert mich schon seit Langem, wohl deshalb, weil ich damit von Kindheit an konfrontiert worden bin: Der Zweite Weltkrieg. Da ich ausreichend\u00a0\u00fcber diese schwere Zeit mit Informationen aus sowjetischer Sicht (also aus\u00a0der der Sieger) versorgt wurde, versuche ich mich seit meiner Ankunft in Deutschland auch mit der anderen Sichtweise\u00a0zu befassen. Dazu geh\u00f6rten\u00a0f\u00fcr mich schon seit langer Zeit\u00a0Besuche von Gedenkst\u00e4tten, welche meistens nat\u00fcrlich an den Stellen errichtet wurden, wo das Unmeschlichste passierte ist\u00a0, z.B.\u00a0auch KZs.<\/p>\n<p>Carsten hat mich dabei schon immer unterst\u00fctzt und so haben wir uns f\u00fcr dieses Jahr drei solcher Orte vorgenommen: Buchenwald, Auschwitz und Theresienstadt. In Buchenwald waren wir im Rahmen unseres Weimar-Hochzeitreise im Februar, Auschwitz besuchten wir im Mai zusammen mit den polnischen CouchSurfern Kasia und Rafal und\u00a0letzten Samstag\u00a0sind wir nach Theresienstadt in Tschechien gefahren.<\/p>\n<p style=\"text-align: center\"><a href=\"https:\/\/www.marvinchen.de\/olgas_welt\/blog\/wp-content\/uploads\/2013\/09\/KZ.jpg\"><img loading=\"lazy\" decoding=\"async\" class=\"aligncenter  wp-image-1410\" alt=\"KZ\" src=\"https:\/\/www.marvinchen.de\/olgas_welt\/blog\/wp-content\/uploads\/2013\/09\/KZ.jpg\" width=\"560\" height=\"420\" srcset=\"https:\/\/www.marvinchen.de\/olgas_welt\/blog\/wp-content\/uploads\/2013\/09\/KZ.jpg 800w, https:\/\/www.marvinchen.de\/olgas_welt\/blog\/wp-content\/uploads\/2013\/09\/KZ-300x225.jpg 300w\" sizes=\"auto, (max-width: 560px) 100vw, 560px\" \/><\/a><\/p>\n<p>Unsere\u00a0positivsten Erfahrungen\u00a0hatten wir\u00a0mit den\u00a0Touristenf\u00fchrern, denn\u00a0alle drei\u00a0waren sehr gut im Erkl\u00e4ren und Beantworten von Fragen und besa\u00dfen ein sehr umfangreiches Wissen, welches sie angesichts eines solchen Themas sehr einf\u00fchlsam vermittelten. Dazu muss ich auch sagen, dass\u00a0ihre deutschen Sprachkenntnisse sowohl in Polen als auch in Tschechien sehr gut waren &#8211; auf Englisch w\u00e4re wohl die ein oder andere Sache falsch gedeutet worden.<\/p>\n<p>Wir haben beide sehr viel\u00a0von diesen Ausfl\u00fcgen gelernt, z.B. dass es unterschiedliche Arten von Konzentrationslager gab: Arbeitslager wie Buchenwald, Vernichtungslager wie Auschwitz-Birkenau oder auch Sammellager wie das im Ghetto\u00a0Theresienstadt der Fall war. In letzterem\u00a0hat man die Menschen\u00a0u.a. gesammelt, damit ihre Abtransporte in die Vernichtungslager organisiert ablaufen konnten &#8211; ich finde, da kann keiner sagen, dass\u00a0sowas w\u00e4hrend des Nazi-Regimes nur zuf\u00e4llig passierte.<\/p>\n<p>\u00dcber ein\u00a0weiteres Thema unterhalten Carsten und ich uns ebenfalls immer wieder: was stimmt \u00fcber die zivile Bev\u00f6lkerung, welche am Ende des Krieges immer meinte, sie hat rein garnichts davon mitbekommen. Ein weiterer Gedanke: wie konnte man zulassen, dass es soweit \u00fcberhaupt kommt? \u00a0Es gibt aber auf beide Fragen eigentlich keine\u00a0richtige Antwort, denn wir w\u00fcrden immer mit dem Wissen aus dieser Zeit und unserer derzeitigen Informationsgesellschaft argumentieren.\u00a0Deshalb k\u00f6nnen wir aus unserer jetziger Position, welche schon einige \u00a0Jahrzehnte her ist, das Ganze aus einer v\u00f6llig anderen Perspektive betrachten. Viel schwieriger ist es zudem, sich in die damaligen Zeiten zu versetzen und die Situation sozusagen von innen heraus zu sehen. Durch\u00a0unsere Reisen haben\u00a0wir ja einen Einblick auf die Komplexit\u00e4t des Gesamtbildes bekommen, obwohl das nat\u00fcrlich auch nur ein geringer Teil dieses grausamen Kapitels der Geschichte ist.<\/p>\n<p>\u00dcbrigens, die Schriftz\u00fcge an den Eing\u00e4ngen zu den einzelnen KZs haben ihre eigene Geschichten, obwohl man nur &#8222;Arbeit macht frei&#8220; und &#8222;Jedem das Seine&#8220; kennt. Ich k\u00f6nnte zumindest\u00a0die der\u00a0drei von uns besuchten Gedenkst\u00e4tten berichten &#8230;\u00a0nat\u00fcrlich nur,\u00a0wenn es auch wirklich jemanden interessiert. Wenn ich soll, dann bitte einen entsprechenden Kommentar abgeben, ok?<\/p>\n","protected":false},"excerpt":{"rendered":"<p>Jeder kann bestimmt \u00fcber Vorhaben sprechen,\u00a0die man jahrelang vor sich her schiebt, weil sie zwar interessant aber in\u00a0gewisser Art und Weise doch belastend sind. Auch ich kann mich davon nat\u00fcrlich nicht frei sprechen. Ein Thema interessiert mich schon seit Langem, wohl deshalb, weil ich damit von Kindheit an konfrontiert worden bin: Der Zweite Weltkrieg. Da [&hellip;]<\/p>\n","protected":false},"author":3,"featured_media":0,"comment_status":"open","ping_status":"closed","sticky":false,"template":"","format":"standard","meta":{"ngg_post_thumbnail":0,"footnotes":""},"categories":[3,1],"tags":[14,860,339,561,13,510,877],"class_list":["post-1407","post","type-post","status-publish","format-standard","hentry","category-ausfluege-und-reisen","category-olca-und-stan","tag-carsten","tag-gedenkstatte","tag-geschichte","tag-kz","tag-olga","tag-reise","tag-weltkrieg"],"_links":{"self":[{"href":"https:\/\/www.marvinchen.de\/olgas_welt\/blog\/wp-json\/wp\/v2\/posts\/1407","targetHints":{"allow":["GET"]}}],"collection":[{"href":"https:\/\/www.marvinchen.de\/olgas_welt\/blog\/wp-json\/wp\/v2\/posts"}],"about":[{"href":"https:\/\/www.marvinchen.de\/olgas_welt\/blog\/wp-json\/wp\/v2\/types\/post"}],"author":[{"embeddable":true,"href":"https:\/\/www.marvinchen.de\/olgas_welt\/blog\/wp-json\/wp\/v2\/users\/3"}],"replies":[{"embeddable":true,"href":"https:\/\/www.marvinchen.de\/olgas_welt\/blog\/wp-json\/wp\/v2\/comments?post=1407"}],"version-history":[{"count":0,"href":"https:\/\/www.marvinchen.de\/olgas_welt\/blog\/wp-json\/wp\/v2\/posts\/1407\/revisions"}],"wp:attachment":[{"href":"https:\/\/www.marvinchen.de\/olgas_welt\/blog\/wp-json\/wp\/v2\/media?parent=1407"}],"wp:term":[{"taxonomy":"category","embeddable":true,"href":"https:\/\/www.marvinchen.de\/olgas_welt\/blog\/wp-json\/wp\/v2\/categories?post=1407"},{"taxonomy":"post_tag","embeddable":true,"href":"https:\/\/www.marvinchen.de\/olgas_welt\/blog\/wp-json\/wp\/v2\/tags?post=1407"}],"curies":[{"name":"wp","href":"https:\/\/api.w.org\/{rel}","templated":true}]}}