{"id":1412,"date":"2013-10-05T20:24:57","date_gmt":"2013-10-05T18:24:57","guid":{"rendered":"http:\/\/www.marvinchen.de\/olgas_welt\/blog\/?p=1412"},"modified":"2013-10-05T20:24:57","modified_gmt":"2013-10-05T18:24:57","slug":"fotojahresplan-september","status":"publish","type":"post","link":"https:\/\/www.marvinchen.de\/olgas_welt\/blog\/2013\/10\/fotojahresplan-september\/","title":{"rendered":"Fotojahresplan &#8211; September"},"content":{"rendered":"<p>September\u00a0&#8211; was in Bayern als DER Biermonat gilt ist in unserer Gegend wohl eher ein Weinmonat &#8230; vor allem\u00a0denkt man nat\u00fcrlich\u00a0sofort an\u00a0Federwei\u00dfer\u00a0\u00a0\u00a0\u00a0\u00a0\ud83d\ude42<br \/>\nHier eine solche Gattung in Begleitung\u00a0seines besten Freundes namens Zwiebelkuchen \u00a0\u00a0\u00a0 \ud83d\ude09<\/p>\n<p style=\"text-align: center;\"><a href=\"https:\/\/www.marvinchen.de\/olgas_welt\/blog\/wp-content\/uploads\/2013\/10\/t2-IMG_0056.jpg\"><img loading=\"lazy\" decoding=\"async\" class=\"aligncenter  wp-image-1413\" alt=\"t2-IMG_0056\" src=\"https:\/\/www.marvinchen.de\/olgas_welt\/blog\/wp-content\/uploads\/2013\/10\/t2-IMG_0056.jpg\" width=\"560\" height=\"373\" srcset=\"https:\/\/www.marvinchen.de\/olgas_welt\/blog\/wp-content\/uploads\/2013\/10\/t2-IMG_0056.jpg 800w, https:\/\/www.marvinchen.de\/olgas_welt\/blog\/wp-content\/uploads\/2013\/10\/t2-IMG_0056-300x199.jpg 300w\" sizes=\"auto, (max-width: 560px) 100vw, 560px\" \/><\/a><\/p>\n<p>Wie ich im Januar schrieb, sollte mein Fotoprojekt f\u00fcr den September &#8222;Wein in jeder Form&#8220; sein &#8230; hier meine Ausbeute.<\/p>\n<p>Ein solches Glas wie oben bleibt aber nie lange voll, egal ob in Begleitung einer anderen s\u00e4chsischen Leckerei (hier neben einer Fettbemme in <a href=\"http:\/\/www.weingut-pesterwitz.de\/\" target=\"_blank\">Pesterwitz<\/a>):<\/p>\n<p style=\"text-align: center;\"><a href=\"https:\/\/www.marvinchen.de\/olgas_welt\/blog\/wp-content\/uploads\/2013\/10\/p-IMG_0033.jpg\"><img loading=\"lazy\" decoding=\"async\" class=\"aligncenter  wp-image-1415\" alt=\"p-IMG_0033\" src=\"https:\/\/www.marvinchen.de\/olgas_welt\/blog\/wp-content\/uploads\/2013\/10\/p-IMG_0033.jpg\" width=\"560\" height=\"373\" srcset=\"https:\/\/www.marvinchen.de\/olgas_welt\/blog\/wp-content\/uploads\/2013\/10\/p-IMG_0033.jpg 800w, https:\/\/www.marvinchen.de\/olgas_welt\/blog\/wp-content\/uploads\/2013\/10\/p-IMG_0033-300x199.jpg 300w\" sizes=\"auto, (max-width: 560px) 100vw, 560px\" \/><\/a><\/p>\n<p style=\"text-align: left;\">oder in trauter Einsamkeit auf der Sommerterrasse\u00a0des <a href=\"http:\/\/www.spitzhaus-radebeul.de\/\" target=\"_blank\">Spitzhauses<\/a>:<\/p>\n<p style=\"text-align: center;\"><a href=\"https:\/\/www.marvinchen.de\/olgas_welt\/blog\/wp-content\/uploads\/2013\/10\/t2-IMG_0047.jpg\"><img loading=\"lazy\" decoding=\"async\" class=\"aligncenter  wp-image-1414\" alt=\"t2-IMG_0047\" src=\"https:\/\/www.marvinchen.de\/olgas_welt\/blog\/wp-content\/uploads\/2013\/10\/t2-IMG_0047.jpg\" width=\"560\" height=\"373\" srcset=\"https:\/\/www.marvinchen.de\/olgas_welt\/blog\/wp-content\/uploads\/2013\/10\/t2-IMG_0047.jpg 800w, https:\/\/www.marvinchen.de\/olgas_welt\/blog\/wp-content\/uploads\/2013\/10\/t2-IMG_0047-300x199.jpg 300w\" sizes=\"auto, (max-width: 560px) 100vw, 560px\" \/><\/a><\/p>\n<p style=\"text-align: left;\">Sachsen hat aber durchaus auch ein paar andere Weine im Angebot \u00a0 \u00a0 \ud83d\ude09<\/p>\n<p style=\"text-align: center;\"><a href=\"https:\/\/www.marvinchen.de\/olgas_welt\/blog\/wp-content\/uploads\/2013\/10\/t2-IMG_0050.jpg\"><img loading=\"lazy\" decoding=\"async\" class=\"aligncenter  wp-image-1416\" alt=\"t2-IMG_0050\" src=\"https:\/\/www.marvinchen.de\/olgas_welt\/blog\/wp-content\/uploads\/2013\/10\/t2-IMG_0050.jpg\" width=\"560\" height=\"373\" srcset=\"https:\/\/www.marvinchen.de\/olgas_welt\/blog\/wp-content\/uploads\/2013\/10\/t2-IMG_0050.jpg 800w, https:\/\/www.marvinchen.de\/olgas_welt\/blog\/wp-content\/uploads\/2013\/10\/t2-IMG_0050-300x199.jpg 300w\" sizes=\"auto, (max-width: 560px) 100vw, 560px\" \/><\/a><\/p>\n<p style=\"text-align: left;\">Und woraus wird Wein gemacht? Richtig! \u00a0 \u00a0 \ud83d\ude00<br \/>\nHier ein kleiner Blick auf die Radebeuler Weinberge:<\/p>\n<p style=\"text-align: center;\"><a href=\"https:\/\/www.marvinchen.de\/olgas_welt\/blog\/wp-content\/uploads\/2013\/10\/t2-IMG_0072.jpg\"><img loading=\"lazy\" decoding=\"async\" class=\"aligncenter  wp-image-1417\" alt=\"t2-IMG_0072\" src=\"https:\/\/www.marvinchen.de\/olgas_welt\/blog\/wp-content\/uploads\/2013\/10\/t2-IMG_0072.jpg\" width=\"560\" height=\"373\" srcset=\"https:\/\/www.marvinchen.de\/olgas_welt\/blog\/wp-content\/uploads\/2013\/10\/t2-IMG_0072.jpg 800w, https:\/\/www.marvinchen.de\/olgas_welt\/blog\/wp-content\/uploads\/2013\/10\/t2-IMG_0072-300x199.jpg 300w\" sizes=\"auto, (max-width: 560px) 100vw, 560px\" \/><\/a><\/p>\n<p style=\"text-align: left;\">Um die leckeren Weintrauben von ungebetenen, gefiederten Weinkennern zu sch\u00fctzen, spielen die hiesigen Winzer eine ganz besondere Musik \u00a0 \u00a0 \ud83d\ude09<\/p>\n<p style=\"text-align: center;\"><a href=\"https:\/\/www.marvinchen.de\/olgas_welt\/blog\/wp-content\/uploads\/2013\/10\/t2-IMG_0022.jpg\"><img loading=\"lazy\" decoding=\"async\" class=\"aligncenter  wp-image-1418\" alt=\"t2-IMG_0022\" src=\"https:\/\/www.marvinchen.de\/olgas_welt\/blog\/wp-content\/uploads\/2013\/10\/t2-IMG_0022.jpg\" width=\"560\" height=\"373\" srcset=\"https:\/\/www.marvinchen.de\/olgas_welt\/blog\/wp-content\/uploads\/2013\/10\/t2-IMG_0022.jpg 800w, https:\/\/www.marvinchen.de\/olgas_welt\/blog\/wp-content\/uploads\/2013\/10\/t2-IMG_0022-300x199.jpg 300w\" sizes=\"auto, (max-width: 560px) 100vw, 560px\" \/><\/a><\/p>\n<p style=\"text-align: left;\">Nun\u00a0noch ein\u00a0paar &#8222;philosophische&#8220; Gedanken, welche mir bei\u00a0solchen Weintrauben durch den Kopf gehen\u00a0\u00a0\u00a0\u00a0 \ud83d\ude42<\/p>\n<p style=\"text-align: left;\">&#8222;Zusammen wird man am sch\u00f6nsten blau&#8220; \u00a0 \u00a0 \ud83d\ude00<\/p>\n<p style=\"text-align: center;\"><a href=\"https:\/\/www.marvinchen.de\/olgas_welt\/blog\/wp-content\/uploads\/2013\/10\/p-IMG_0020.jpg\"><img loading=\"lazy\" decoding=\"async\" class=\"aligncenter  wp-image-1419\" alt=\"p-IMG_0020\" src=\"https:\/\/www.marvinchen.de\/olgas_welt\/blog\/wp-content\/uploads\/2013\/10\/p-IMG_0020.jpg\" width=\"373\" height=\"560\" srcset=\"https:\/\/www.marvinchen.de\/olgas_welt\/blog\/wp-content\/uploads\/2013\/10\/p-IMG_0020.jpg 533w, https:\/\/www.marvinchen.de\/olgas_welt\/blog\/wp-content\/uploads\/2013\/10\/p-IMG_0020-300x450.jpg 300w\" sizes=\"auto, (max-width: 373px) 100vw, 373px\" \/><\/a><\/p>\n<p style=\"text-align: left;\">&#8222;Die Aufgeblasenen heben immer ganz sch\u00f6n ab, aber wenn die hei\u00dfe Luft raus ist &#8230;&#8220;<\/p>\n<p style=\"text-align: center;\"><a href=\"https:\/\/www.marvinchen.de\/olgas_welt\/blog\/wp-content\/uploads\/2013\/10\/p-IMG_0023.jpg\"><img loading=\"lazy\" decoding=\"async\" class=\"aligncenter  wp-image-1420\" alt=\"p-IMG_0023\" src=\"https:\/\/www.marvinchen.de\/olgas_welt\/blog\/wp-content\/uploads\/2013\/10\/p-IMG_0023.jpg\" width=\"560\" height=\"373\" srcset=\"https:\/\/www.marvinchen.de\/olgas_welt\/blog\/wp-content\/uploads\/2013\/10\/p-IMG_0023.jpg 800w, https:\/\/www.marvinchen.de\/olgas_welt\/blog\/wp-content\/uploads\/2013\/10\/p-IMG_0023-300x199.jpg 300w\" sizes=\"auto, (max-width: 560px) 100vw, 560px\" \/><\/a><\/p>\n<p style=\"text-align: left;\">&#8222;Wer am Rand steht, geht nicht in der gro\u00dfen Masse unter&#8220;<\/p>\n<p style=\"text-align: center;\"><a href=\"https:\/\/www.marvinchen.de\/olgas_welt\/blog\/wp-content\/uploads\/2013\/10\/t2-IMG_0125.jpg\"><img loading=\"lazy\" decoding=\"async\" class=\"aligncenter  wp-image-1421\" alt=\"t2-IMG_0125\" src=\"https:\/\/www.marvinchen.de\/olgas_welt\/blog\/wp-content\/uploads\/2013\/10\/t2-IMG_0125.jpg\" width=\"373\" height=\"598\" srcset=\"https:\/\/www.marvinchen.de\/olgas_welt\/blog\/wp-content\/uploads\/2013\/10\/t2-IMG_0125.jpg 533w, https:\/\/www.marvinchen.de\/olgas_welt\/blog\/wp-content\/uploads\/2013\/10\/t2-IMG_0125-300x480.jpg 300w, https:\/\/www.marvinchen.de\/olgas_welt\/blog\/wp-content\/uploads\/2013\/10\/t2-IMG_0125-499x800.jpg 499w\" sizes=\"auto, (max-width: 373px) 100vw, 373px\" \/><\/a><\/p>\n<p style=\"text-align: left;\">&#8222;Wenn wir mal alt und schrumpelig sind, hei\u00dfen wir &#8222;S\u00fc\u00dfe Rosinen&#8220; \u00a0\u00a0\u00a0 \ud83d\ude00<\/p>\n<p style=\"text-align: center;\"><a href=\"https:\/\/www.marvinchen.de\/olgas_welt\/blog\/wp-content\/uploads\/2013\/10\/t2-IMG_0106.jpg\"><img loading=\"lazy\" decoding=\"async\" class=\"aligncenter  wp-image-1422\" alt=\"t2-IMG_0106\" src=\"https:\/\/www.marvinchen.de\/olgas_welt\/blog\/wp-content\/uploads\/2013\/10\/t2-IMG_0106.jpg\" width=\"373\" height=\"560\" srcset=\"https:\/\/www.marvinchen.de\/olgas_welt\/blog\/wp-content\/uploads\/2013\/10\/t2-IMG_0106.jpg 533w, https:\/\/www.marvinchen.de\/olgas_welt\/blog\/wp-content\/uploads\/2013\/10\/t2-IMG_0106-300x450.jpg 300w\" sizes=\"auto, (max-width: 373px) 100vw, 373px\" \/><\/a><\/p>\n<p style=\"text-align: left;\">&#8222;Man malt nur das an die Wand, was\u00a0wirklich sch\u00f6n ist&#8220;<\/p>\n<p style=\"text-align: center;\"><a href=\"https:\/\/www.marvinchen.de\/olgas_welt\/blog\/wp-content\/uploads\/2013\/10\/t2-IMG_0136.jpg\"><img loading=\"lazy\" decoding=\"async\" class=\"aligncenter  wp-image-1423\" alt=\"t2-IMG_0136\" src=\"https:\/\/www.marvinchen.de\/olgas_welt\/blog\/wp-content\/uploads\/2013\/10\/t2-IMG_0136.jpg\" width=\"373\" height=\"560\" srcset=\"https:\/\/www.marvinchen.de\/olgas_welt\/blog\/wp-content\/uploads\/2013\/10\/t2-IMG_0136.jpg 533w, https:\/\/www.marvinchen.de\/olgas_welt\/blog\/wp-content\/uploads\/2013\/10\/t2-IMG_0136-300x450.jpg 300w\" sizes=\"auto, (max-width: 373px) 100vw, 373px\" \/><\/a><\/p>\n<p style=\"text-align: left;\">Dass Wein und\u00a0Weintrauben nicht nur mich zum Nachdenken anregen, beweist wohl am besten diese Wand eines Pavillons &#8211; Vergr\u00f6\u00dfern und Durchlesen lohnt sich!<\/p>\n<p style=\"text-align: center;\"><a href=\"https:\/\/www.marvinchen.de\/olgas_welt\/blog\/wp-content\/uploads\/2013\/10\/t2-IMG_0134.jpg\"><img loading=\"lazy\" decoding=\"async\" class=\"aligncenter  wp-image-1424\" alt=\"t2-IMG_0134\" src=\"https:\/\/www.marvinchen.de\/olgas_welt\/blog\/wp-content\/uploads\/2013\/10\/t2-IMG_0134.jpg\" width=\"560\" height=\"373\" srcset=\"https:\/\/www.marvinchen.de\/olgas_welt\/blog\/wp-content\/uploads\/2013\/10\/t2-IMG_0134.jpg 800w, https:\/\/www.marvinchen.de\/olgas_welt\/blog\/wp-content\/uploads\/2013\/10\/t2-IMG_0134-300x199.jpg 300w\" sizes=\"auto, (max-width: 560px) 100vw, 560px\" \/><\/a><\/p>\n<p style=\"text-align: left;\">Aber nochmal zur\u00fcck zum Anfang\u00a0\u00a0\u00a0\u00a0\u00a0\ud83d\ude09\u00a0\u00a0\u00a0\u00a0 diese Weintrauben k\u00f6nnen es kaum abwarten, endlich in einem Weinglas zu landen und die ersten haben es schon sogar geschafft:<\/p>\n<p style=\"text-align: center;\"><a href=\"https:\/\/www.marvinchen.de\/olgas_welt\/blog\/wp-content\/uploads\/2013\/10\/IMG_0014.jpg\"><img loading=\"lazy\" decoding=\"async\" class=\"aligncenter  wp-image-1425\" alt=\"IMG_0014\" src=\"https:\/\/www.marvinchen.de\/olgas_welt\/blog\/wp-content\/uploads\/2013\/10\/IMG_0014.jpg\" width=\"373\" height=\"560\" srcset=\"https:\/\/www.marvinchen.de\/olgas_welt\/blog\/wp-content\/uploads\/2013\/10\/IMG_0014.jpg 533w, https:\/\/www.marvinchen.de\/olgas_welt\/blog\/wp-content\/uploads\/2013\/10\/IMG_0014-300x450.jpg 300w\" sizes=\"auto, (max-width: 373px) 100vw, 373px\" \/><\/a><\/p>\n<p style=\"text-align: left;\">\u00a0Sie kommen nicht nur von oben, sondern auch von unten:<\/p>\n<p style=\"text-align: center;\"><a href=\"https:\/\/www.marvinchen.de\/olgas_welt\/blog\/wp-content\/uploads\/2013\/10\/IMG_0085.jpg\"><img loading=\"lazy\" decoding=\"async\" class=\"aligncenter  wp-image-1426\" alt=\"IMG_0085\" src=\"https:\/\/www.marvinchen.de\/olgas_welt\/blog\/wp-content\/uploads\/2013\/10\/IMG_0085.jpg\" width=\"560\" height=\"373\" srcset=\"https:\/\/www.marvinchen.de\/olgas_welt\/blog\/wp-content\/uploads\/2013\/10\/IMG_0085.jpg 800w, https:\/\/www.marvinchen.de\/olgas_welt\/blog\/wp-content\/uploads\/2013\/10\/IMG_0085-300x199.jpg 300w\" sizes=\"auto, (max-width: 560px) 100vw, 560px\" \/><\/a><\/p>\n<p style=\"text-align: left;\">Da kann ich nur noch eines sagen: Zum Wohl!!! \u00a0 \u00a0 :herz:<\/p>\n<p style=\"text-align: center;\"><a href=\"https:\/\/www.marvinchen.de\/olgas_welt\/blog\/wp-content\/uploads\/2013\/10\/IMG_0070.jpg\"><img loading=\"lazy\" decoding=\"async\" class=\"aligncenter  wp-image-1427\" alt=\"IMG_0070\" src=\"https:\/\/www.marvinchen.de\/olgas_welt\/blog\/wp-content\/uploads\/2013\/10\/IMG_0070.jpg\" width=\"373\" height=\"560\" srcset=\"https:\/\/www.marvinchen.de\/olgas_welt\/blog\/wp-content\/uploads\/2013\/10\/IMG_0070.jpg 533w, https:\/\/www.marvinchen.de\/olgas_welt\/blog\/wp-content\/uploads\/2013\/10\/IMG_0070-300x450.jpg 300w\" sizes=\"auto, (max-width: 373px) 100vw, 373px\" \/><\/a><\/p>\n","protected":false},"excerpt":{"rendered":"<p>September\u00a0&#8211; was in Bayern als DER Biermonat gilt ist in unserer Gegend wohl eher ein Weinmonat &#8230; vor allem\u00a0denkt man nat\u00fcrlich\u00a0sofort an\u00a0Federwei\u00dfer\u00a0\u00a0\u00a0\u00a0\u00a0\ud83d\ude42 Hier eine solche Gattung in Begleitung\u00a0seines besten Freundes namens Zwiebelkuchen \u00a0\u00a0\u00a0 \ud83d\ude09 Wie ich im Januar schrieb, sollte mein Fotoprojekt f\u00fcr den September &#8222;Wein in jeder Form&#8220; sein &#8230; hier meine Ausbeute. Ein [&hellip;]<\/p>\n","protected":false},"author":3,"featured_media":0,"comment_status":"open","ping_status":"closed","sticky":false,"template":"","format":"standard","meta":{"ngg_post_thumbnail":0,"footnotes":""},"categories":[3,5,822,4,1],"tags":[260,587,638,716,847,878,13,881,267,463,880,879],"class_list":["post-1412","post","type-post","status-publish","format-standard","hentry","category-ausfluege-und-reisen","category-essen-und-trinken","category-fotografie-und-photoshop","category-freud-und-leid","category-olca-und-stan","tag-essen","tag-foto","tag-fotografie","tag-fotografieren","tag-fotojahresplan","tag-getraenk","tag-olga","tag-pesterwitz","tag-radebeul","tag-wein","tag-weinberge","tag-weintraube"],"_links":{"self":[{"href":"https:\/\/www.marvinchen.de\/olgas_welt\/blog\/wp-json\/wp\/v2\/posts\/1412","targetHints":{"allow":["GET"]}}],"collection":[{"href":"https:\/\/www.marvinchen.de\/olgas_welt\/blog\/wp-json\/wp\/v2\/posts"}],"about":[{"href":"https:\/\/www.marvinchen.de\/olgas_welt\/blog\/wp-json\/wp\/v2\/types\/post"}],"author":[{"embeddable":true,"href":"https:\/\/www.marvinchen.de\/olgas_welt\/blog\/wp-json\/wp\/v2\/users\/3"}],"replies":[{"embeddable":true,"href":"https:\/\/www.marvinchen.de\/olgas_welt\/blog\/wp-json\/wp\/v2\/comments?post=1412"}],"version-history":[{"count":0,"href":"https:\/\/www.marvinchen.de\/olgas_welt\/blog\/wp-json\/wp\/v2\/posts\/1412\/revisions"}],"wp:attachment":[{"href":"https:\/\/www.marvinchen.de\/olgas_welt\/blog\/wp-json\/wp\/v2\/media?parent=1412"}],"wp:term":[{"taxonomy":"category","embeddable":true,"href":"https:\/\/www.marvinchen.de\/olgas_welt\/blog\/wp-json\/wp\/v2\/categories?post=1412"},{"taxonomy":"post_tag","embeddable":true,"href":"https:\/\/www.marvinchen.de\/olgas_welt\/blog\/wp-json\/wp\/v2\/tags?post=1412"}],"curies":[{"name":"wp","href":"https:\/\/api.w.org\/{rel}","templated":true}]}}