{"id":1464,"date":"2013-11-03T12:36:26","date_gmt":"2013-11-03T11:36:26","guid":{"rendered":"http:\/\/www.marvinchen.de\/olgas_welt\/blog\/?p=1464"},"modified":"2013-11-03T12:36:26","modified_gmt":"2013-11-03T11:36:26","slug":"herbstkurzurlaub","status":"publish","type":"post","link":"https:\/\/www.marvinchen.de\/olgas_welt\/blog\/2013\/11\/herbstkurzurlaub\/","title":{"rendered":"Herbstkurzurlaub"},"content":{"rendered":"<p>Heute ist der letzte freie Tag meines Kurzurlaubs. Wir haben die Gunst der Herbstferien und gleichzeitig des Reformationstages am 31.10 genutzt\u00a0sowie noch 2 Urlaubstage dazu genommen &#8211; fertig war der Kurzurlaub.<\/p>\n<p>So unbelehrbar naiv wie ich ich nun mal bin, dachte ich, dass ich in dieser Zeit Millionen unerledigter und aufgeschobener Dinge abhaken kann, aber letzten Endes entschied ich\u00a0mich statt der Erf\u00fcllung des Pflichprogramms lieber f\u00fcr viel Zeit mit Familie und Freunden.<\/p>\n<p>Tag 1 &#8211; Stephanie und ich haben uns am Mittwoch eine Shoppingtour in der Innenstadt geg\u00f6nnt und sind mit unserer Ausbeute\u00a0sehr\u00a0zufrieden. Auch bei Klamotten ist eine Teuerung nun mehr als festzustellen, aber wir beide sind schon mehr als ge\u00fcbt darin, nach den wenigen Schn\u00e4ppchen zu suchen und so sind wir auch diesmal wieder f\u00fcndig geworden \u00a0 \u00a0 \ud83d\ude09<\/p>\n<p>Tag 2 &#8211; Den darauf folgenden Feiertag haben wir komplett als Familie verbracht. Nach dem Fr\u00fchst\u00fcck verzogen wir uns in den Fernsehraum, um gemeinsam den Film &#8222;<a href=\"http:\/\/www.filmstarts.de\/kritiken\/201653.html\" target=\"_blank\">The Purge &#8211; die S\u00e4uberung<\/a>&#8220; anzusehen. Es ist kein Meilenstein der Filmgeschichte, aber dennoch durch seine blutige \u00a0Geschichte sehr zum Nachdenken anregend &#8211;\u00a0allerdings ist er\u00a0bestimmt nicht jedermanns Geschmack. Nach dieser DVD widmeten wir uns dann fr\u00f6hlicheren Sachen, welche\u00a0wir an diesem sonnigen Herbsttag machen konnten: <a href=\"http:\/\/www.dresdner-minigolf.de\/\" target=\"_blank\">Minigolfen im Gro\u00dfen Garten<\/a>, Schlendern\u00a0\u00fcber den Dresdner <a href=\"http:\/\/www.meidresden.com\/cms\/index.php\/aktuelle-nachrichten\/463-dresdner-vogelwiese-auf-dem-volksfestgelaende-dresden.html\" target=\"_blank\">Herbstrummel<\/a>\u00a0(allerdings ohne Fahrgesch\u00e4fte zu nutzen) und abschlie\u00dfend\u00a0ein AYCE im griechischen Restaurant &#8222;<a href=\"http:\/\/www.olympia-dresden.de\/\" target=\"_blank\">Olympia<\/a>&#8222;, wo wir zum Gl\u00fcck rechtzeitig\u00a0Pl\u00e4tze reserviert haben.\u00a0Viele Leute ohne Reservierung mussten leider sofort wieder gehen.<\/p>\n<p>\u00dcbrigens, beim Minigolf freute ich mich \u00fcberschw\u00e4nglich \u00fcber jeden eingelochten Ball &#8230; es hat mir am Ende dennoch nix gen\u00fctzt, denn ich habe mit\u00a069 Schl\u00e4gen\u00a0kl\u00e4glich\u00a0gegen Carsten (58) und Stephanie (47) verloren \u00a0 \u00a0 \ud83d\ude09<\/p>\n<p style=\"text-align: center;\"><a href=\"https:\/\/www.marvinchen.de\/olgas_welt\/blog\/wp-content\/uploads\/2013\/11\/minigolf-web.jpg\"><img loading=\"lazy\" decoding=\"async\" class=\"aligncenter  wp-image-1465\" alt=\"minigolf-web\" src=\"https:\/\/www.marvinchen.de\/olgas_welt\/blog\/wp-content\/uploads\/2013\/11\/minigolf-web.jpg\" width=\"420\" height=\"560\" srcset=\"https:\/\/www.marvinchen.de\/olgas_welt\/blog\/wp-content\/uploads\/2013\/11\/minigolf-web.jpg 600w, https:\/\/www.marvinchen.de\/olgas_welt\/blog\/wp-content\/uploads\/2013\/11\/minigolf-web-300x400.jpg 300w\" sizes=\"auto, (max-width: 420px) 100vw, 420px\" \/><\/a><\/p>\n<p>Tag 3 bis 5 &#8211; Ansonsten haben wir die freie Zeit genutzt, um viel mit\u00a0zwei Kerstins zu quatschen, um mit den beiden etwas Leckeres zu essen,\u00a0um mit einer von ihnen spazieren zu gehen, um einem Volleyballspiel von Stephanie zuzugucken und\u00a0um ein paar James Bond-Filme und &#8222;Auf Achse&#8220;-Folgen anzuschauen. Es blieb sogar noch reichlich Zeit f\u00fcr mich zum Lesen. Summa summarum kam mir dieser Kurzurlaub ziemlich lang, daf\u00fcr aber sehr erholsam vor, wenngleich\u00a0meine Pflichtaufgabenliste nicht sonderlich k\u00fcrzer geworden ist. Daf\u00fcr \u00a0f\u00fchle ich mich wieder gut gest\u00e4rkt, die anstehenden, dunklen Herbsttage zu \u00fcberstehen. Mal sehen, wie lange ich von diesem Erholungsdepot zehren kann \u00a0 \u00a0 \ud83d\ude09<\/p>\n","protected":false},"excerpt":{"rendered":"<p>Heute ist der letzte freie Tag meines Kurzurlaubs. Wir haben die Gunst der Herbstferien und gleichzeitig des Reformationstages am 31.10 genutzt\u00a0sowie noch 2 Urlaubstage dazu genommen &#8211; fertig war der Kurzurlaub. So unbelehrbar naiv wie ich ich nun mal bin, dachte ich, dass ich in dieser Zeit Millionen unerledigter und aufgeschobener Dinge abhaken kann, aber [&hellip;]<\/p>\n","protected":false},"author":3,"featured_media":0,"comment_status":"open","ping_status":"closed","sticky":false,"template":"","format":"standard","meta":{"ngg_post_thumbnail":0,"footnotes":""},"categories":[3,5,12,4,7,1],"tags":[895,14,412,260,430,52,237,270,354,13,558,190,15,21],"class_list":["post-1464","post","type-post","status-publish","format-standard","hentry","category-ausfluege-und-reisen","category-essen-und-trinken","category-film-und-fernsehen","category-freud-und-leid","category-freunde-und-co","category-olca-und-stan","tag-ayce","tag-carsten","tag-dvd","tag-essen","tag-familie","tag-film","tag-freunde","tag-herbst","tag-kino","tag-olga","tag-shoppen","tag-sport","tag-stephanie","tag-urlaub"],"_links":{"self":[{"href":"https:\/\/www.marvinchen.de\/olgas_welt\/blog\/wp-json\/wp\/v2\/posts\/1464","targetHints":{"allow":["GET"]}}],"collection":[{"href":"https:\/\/www.marvinchen.de\/olgas_welt\/blog\/wp-json\/wp\/v2\/posts"}],"about":[{"href":"https:\/\/www.marvinchen.de\/olgas_welt\/blog\/wp-json\/wp\/v2\/types\/post"}],"author":[{"embeddable":true,"href":"https:\/\/www.marvinchen.de\/olgas_welt\/blog\/wp-json\/wp\/v2\/users\/3"}],"replies":[{"embeddable":true,"href":"https:\/\/www.marvinchen.de\/olgas_welt\/blog\/wp-json\/wp\/v2\/comments?post=1464"}],"version-history":[{"count":0,"href":"https:\/\/www.marvinchen.de\/olgas_welt\/blog\/wp-json\/wp\/v2\/posts\/1464\/revisions"}],"wp:attachment":[{"href":"https:\/\/www.marvinchen.de\/olgas_welt\/blog\/wp-json\/wp\/v2\/media?parent=1464"}],"wp:term":[{"taxonomy":"category","embeddable":true,"href":"https:\/\/www.marvinchen.de\/olgas_welt\/blog\/wp-json\/wp\/v2\/categories?post=1464"},{"taxonomy":"post_tag","embeddable":true,"href":"https:\/\/www.marvinchen.de\/olgas_welt\/blog\/wp-json\/wp\/v2\/tags?post=1464"}],"curies":[{"name":"wp","href":"https:\/\/api.w.org\/{rel}","templated":true}]}}