{"id":1467,"date":"2013-11-04T20:38:18","date_gmt":"2013-11-04T19:38:18","guid":{"rendered":"http:\/\/www.marvinchen.de\/olgas_welt\/blog\/?p=1467"},"modified":"2013-11-04T20:38:18","modified_gmt":"2013-11-04T19:38:18","slug":"fotojahresplan-oktober","status":"publish","type":"post","link":"https:\/\/www.marvinchen.de\/olgas_welt\/blog\/2013\/11\/fotojahresplan-oktober\/","title":{"rendered":"Fotojahresplan &#8211; Oktober"},"content":{"rendered":"<p>Der Oktober war diesmal richtig gn\u00e4dig zu mir, so konnte ich problemlos einige Fotoausfl\u00fcge unternehmen (Dank meinem Schatz sogar in Ecken, an welche ich zuerst nicht mal gedacht habe, z.B. nach Brabsch\u00fctz) und habe am Ende wieder einmal viel zu viele Bilder f\u00fcr mein Fotoprojekt von diesem bezaubernden Herbst gemacht. Ich bin jedes Jahr v\u00f6llig hin und weg von der verschwenderisch bunten Farbenpracht! Und nat\u00fcrlich sind dabei auch ein paar Aufnahmen entstanden, welche ich\u00a0euch gern zeigen m\u00f6chte \u00a0 \u00a0 \ud83d\ude42<\/p>\n<p>Herbst ohne Regen \u00a0&#8211; das gibt es nicht, ergo gibt es gleich zu Beginn Regenbilder. Rotgef\u00e4rbte Ahornbl\u00e4tter, vom Regenguss ganz frisch gewaschen:<\/p>\n<p style=\"text-align: center;\"><a href=\"https:\/\/www.marvinchen.de\/olgas_welt\/blog\/wp-content\/uploads\/2013\/11\/0001.jpg\"><img loading=\"lazy\" decoding=\"async\" class=\"aligncenter  wp-image-1468\" alt=\"0001\" src=\"https:\/\/www.marvinchen.de\/olgas_welt\/blog\/wp-content\/uploads\/2013\/11\/0001.jpg\" width=\"560\" height=\"373\" srcset=\"https:\/\/www.marvinchen.de\/olgas_welt\/blog\/wp-content\/uploads\/2013\/11\/0001.jpg 800w, https:\/\/www.marvinchen.de\/olgas_welt\/blog\/wp-content\/uploads\/2013\/11\/0001-300x199.jpg 300w\" sizes=\"auto, (max-width: 560px) 100vw, 560px\" \/><\/a><\/p>\n<p style=\"text-align: left;\">Einzelne Bl\u00e4tter von einem Bach zusammengetragen:<\/p>\n<p style=\"text-align: center;\"><a href=\"https:\/\/www.marvinchen.de\/olgas_welt\/blog\/wp-content\/uploads\/2013\/11\/0006.jpg\"><img loading=\"lazy\" decoding=\"async\" class=\"aligncenter  wp-image-1469\" alt=\"0006\" src=\"https:\/\/www.marvinchen.de\/olgas_welt\/blog\/wp-content\/uploads\/2013\/11\/0006.jpg\" width=\"560\" height=\"373\" srcset=\"https:\/\/www.marvinchen.de\/olgas_welt\/blog\/wp-content\/uploads\/2013\/11\/0006.jpg 800w, https:\/\/www.marvinchen.de\/olgas_welt\/blog\/wp-content\/uploads\/2013\/11\/0006-300x199.jpg 300w\" sizes=\"auto, (max-width: 560px) 100vw, 560px\" \/><\/a><\/p>\n<p style=\"text-align: left;\">In Dresden-Plauen hat jemand so viel Zeit gehabt, einzelne Kastanien auf eine lange Schnur aufzuf\u00e4deln und diese dann zwischen zwei B\u00e4umchen aufzuspannen:<\/p>\n<p style=\"text-align: center;\"><a href=\"https:\/\/www.marvinchen.de\/olgas_welt\/blog\/wp-content\/uploads\/2013\/11\/0007.jpg\"><img loading=\"lazy\" decoding=\"async\" class=\"aligncenter  wp-image-1470\" alt=\"0007\" src=\"https:\/\/www.marvinchen.de\/olgas_welt\/blog\/wp-content\/uploads\/2013\/11\/0007.jpg\" width=\"560\" height=\"373\" srcset=\"https:\/\/www.marvinchen.de\/olgas_welt\/blog\/wp-content\/uploads\/2013\/11\/0007.jpg 800w, https:\/\/www.marvinchen.de\/olgas_welt\/blog\/wp-content\/uploads\/2013\/11\/0007-300x199.jpg 300w\" sizes=\"auto, (max-width: 560px) 100vw, 560px\" \/><\/a><\/p>\n<p style=\"text-align: left;\">Da wir bei den br\u00e4unlichen Herbstt\u00f6nen angekommen sind, passen nat\u00fcrlich die gl\u00e4nzenden Buchenbl\u00e4tter optimal dazu:<\/p>\n<p style=\"text-align: center;\"><a href=\"https:\/\/www.marvinchen.de\/olgas_welt\/blog\/wp-content\/uploads\/2013\/11\/0011.jpg\"><img loading=\"lazy\" decoding=\"async\" class=\"aligncenter  wp-image-1471\" alt=\"0011\" src=\"https:\/\/www.marvinchen.de\/olgas_welt\/blog\/wp-content\/uploads\/2013\/11\/0011.jpg\" width=\"373\" height=\"560\" srcset=\"https:\/\/www.marvinchen.de\/olgas_welt\/blog\/wp-content\/uploads\/2013\/11\/0011.jpg 533w, https:\/\/www.marvinchen.de\/olgas_welt\/blog\/wp-content\/uploads\/2013\/11\/0011-300x450.jpg 300w\" sizes=\"auto, (max-width: 373px) 100vw, 373px\" \/><\/a><\/p>\n<p style=\"text-align: center;\"><a href=\"https:\/\/www.marvinchen.de\/olgas_welt\/blog\/wp-content\/uploads\/2013\/11\/0013.jpg\"><img loading=\"lazy\" decoding=\"async\" class=\"aligncenter  wp-image-1472\" alt=\"0013\" src=\"https:\/\/www.marvinchen.de\/olgas_welt\/blog\/wp-content\/uploads\/2013\/11\/0013.jpg\" width=\"560\" height=\"373\" srcset=\"https:\/\/www.marvinchen.de\/olgas_welt\/blog\/wp-content\/uploads\/2013\/11\/0013.jpg 800w, https:\/\/www.marvinchen.de\/olgas_welt\/blog\/wp-content\/uploads\/2013\/11\/0013-300x199.jpg 300w\" sizes=\"auto, (max-width: 560px) 100vw, 560px\" \/><\/a><\/p>\n<p style=\"text-align: left;\">Wie beruhigend diese Bl\u00e4tter beim Schlendern rascheln&#8230;.<\/p>\n<p style=\"text-align: center;\"><a href=\"https:\/\/www.marvinchen.de\/olgas_welt\/blog\/wp-content\/uploads\/2013\/11\/0016.jpg\"><img loading=\"lazy\" decoding=\"async\" class=\"aligncenter  wp-image-1473\" alt=\"0016\" src=\"https:\/\/www.marvinchen.de\/olgas_welt\/blog\/wp-content\/uploads\/2013\/11\/0016.jpg\" width=\"560\" height=\"373\" srcset=\"https:\/\/www.marvinchen.de\/olgas_welt\/blog\/wp-content\/uploads\/2013\/11\/0016.jpg 800w, https:\/\/www.marvinchen.de\/olgas_welt\/blog\/wp-content\/uploads\/2013\/11\/0016-300x199.jpg 300w\" sizes=\"auto, (max-width: 560px) 100vw, 560px\" \/><\/a><\/p>\n<p style=\"text-align: left;\">Ein kleiner Farbenwechsel. Herbstastern finde ich mit ihren knalligen Hippiefarben einfach herrlich:<\/p>\n<p style=\"text-align: center;\"><a href=\"https:\/\/www.marvinchen.de\/olgas_welt\/blog\/wp-content\/uploads\/2013\/11\/0018.jpg\"><img loading=\"lazy\" decoding=\"async\" class=\"aligncenter  wp-image-1474\" alt=\"0018\" src=\"https:\/\/www.marvinchen.de\/olgas_welt\/blog\/wp-content\/uploads\/2013\/11\/0018.jpg\" width=\"560\" height=\"373\" srcset=\"https:\/\/www.marvinchen.de\/olgas_welt\/blog\/wp-content\/uploads\/2013\/11\/0018.jpg 800w, https:\/\/www.marvinchen.de\/olgas_welt\/blog\/wp-content\/uploads\/2013\/11\/0018-300x199.jpg 300w\" sizes=\"auto, (max-width: 560px) 100vw, 560px\" \/><\/a><\/p>\n<p style=\"text-align: left;\">Dieses Bild ist aus dem fahrenden Auto aufgenommen worden. Keine Angst, ich war nur der Beifahrer \u00a0\u00a0 \ud83d\ude09<\/p>\n<p style=\"text-align: center;\"><a href=\"https:\/\/www.marvinchen.de\/olgas_welt\/blog\/wp-content\/uploads\/2013\/11\/0019.jpg\"><img loading=\"lazy\" decoding=\"async\" class=\"aligncenter  wp-image-1475\" alt=\"0019\" src=\"https:\/\/www.marvinchen.de\/olgas_welt\/blog\/wp-content\/uploads\/2013\/11\/0019.jpg\" width=\"560\" height=\"373\" srcset=\"https:\/\/www.marvinchen.de\/olgas_welt\/blog\/wp-content\/uploads\/2013\/11\/0019.jpg 800w, https:\/\/www.marvinchen.de\/olgas_welt\/blog\/wp-content\/uploads\/2013\/11\/0019-300x199.jpg 300w\" sizes=\"auto, (max-width: 560px) 100vw, 560px\" \/><\/a><\/p>\n<p style=\"text-align: left;\">Am Zwingerteich in der Innenstadt:<\/p>\n<p style=\"text-align: center;\"><a href=\"https:\/\/www.marvinchen.de\/olgas_welt\/blog\/wp-content\/uploads\/2013\/11\/0024.jpg\"><img loading=\"lazy\" decoding=\"async\" class=\"aligncenter  wp-image-1476\" alt=\"0024\" src=\"https:\/\/www.marvinchen.de\/olgas_welt\/blog\/wp-content\/uploads\/2013\/11\/0024.jpg\" width=\"560\" height=\"373\" srcset=\"https:\/\/www.marvinchen.de\/olgas_welt\/blog\/wp-content\/uploads\/2013\/11\/0024.jpg 800w, https:\/\/www.marvinchen.de\/olgas_welt\/blog\/wp-content\/uploads\/2013\/11\/0024-300x199.jpg 300w\" sizes=\"auto, (max-width: 560px) 100vw, 560px\" \/><\/a><\/p>\n<p style=\"text-align: left;\">Am Terrassenufer gab es f\u00fcr mich eine Erinnerung an die <a href=\"http:\/\/de.wikipedia.org\/wiki\/Flagge_der_Ukraine\" target=\"_blank\">ukrainische Flagge<\/a>:<\/p>\n<p style=\"text-align: center;\"><a href=\"https:\/\/www.marvinchen.de\/olgas_welt\/blog\/wp-content\/uploads\/2013\/11\/0026.jpg\"><img loading=\"lazy\" decoding=\"async\" class=\"aligncenter  wp-image-1477\" alt=\"0026\" src=\"https:\/\/www.marvinchen.de\/olgas_welt\/blog\/wp-content\/uploads\/2013\/11\/0026.jpg\" width=\"373\" height=\"560\" srcset=\"https:\/\/www.marvinchen.de\/olgas_welt\/blog\/wp-content\/uploads\/2013\/11\/0026.jpg 533w, https:\/\/www.marvinchen.de\/olgas_welt\/blog\/wp-content\/uploads\/2013\/11\/0026-300x450.jpg 300w\" sizes=\"auto, (max-width: 373px) 100vw, 373px\" \/><\/a><\/p>\n<p style=\"text-align: left;\">Ein einsamer Apfel:<\/p>\n<p style=\"text-align: center;\"><a href=\"https:\/\/www.marvinchen.de\/olgas_welt\/blog\/wp-content\/uploads\/2013\/11\/0035.jpg\"><img loading=\"lazy\" decoding=\"async\" class=\"aligncenter  wp-image-1478\" alt=\"0035\" src=\"https:\/\/www.marvinchen.de\/olgas_welt\/blog\/wp-content\/uploads\/2013\/11\/0035.jpg\" width=\"373\" height=\"560\" srcset=\"https:\/\/www.marvinchen.de\/olgas_welt\/blog\/wp-content\/uploads\/2013\/11\/0035.jpg 533w, https:\/\/www.marvinchen.de\/olgas_welt\/blog\/wp-content\/uploads\/2013\/11\/0035-300x450.jpg 300w\" sizes=\"auto, (max-width: 373px) 100vw, 373px\" \/><\/a><\/p>\n<p style=\"text-align: left;\">Er ist allerdings nicht sehr weit vom Stamm gefallen \u00a0 \u00a0 \ud83d\ude09<\/p>\n<p style=\"text-align: center;\"><a href=\"https:\/\/www.marvinchen.de\/olgas_welt\/blog\/wp-content\/uploads\/2013\/11\/0034.jpg\"><img loading=\"lazy\" decoding=\"async\" class=\"aligncenter  wp-image-1479\" alt=\"0034\" src=\"https:\/\/www.marvinchen.de\/olgas_welt\/blog\/wp-content\/uploads\/2013\/11\/0034.jpg\" width=\"560\" height=\"373\" srcset=\"https:\/\/www.marvinchen.de\/olgas_welt\/blog\/wp-content\/uploads\/2013\/11\/0034.jpg 800w, https:\/\/www.marvinchen.de\/olgas_welt\/blog\/wp-content\/uploads\/2013\/11\/0034-300x199.jpg 300w\" sizes=\"auto, (max-width: 560px) 100vw, 560px\" \/><\/a><\/p>\n<p style=\"text-align: left;\">Ein strahlend blauer Himmel ist ein herrlicher Hintergrund f\u00fcr braungebr\u00e4unte Kirschbaumbl\u00e4tter:<\/p>\n<p style=\"text-align: center;\"><a href=\"https:\/\/www.marvinchen.de\/olgas_welt\/blog\/wp-content\/uploads\/2013\/11\/0039.jpg\"><img loading=\"lazy\" decoding=\"async\" class=\"aligncenter  wp-image-1480\" alt=\"0039\" src=\"https:\/\/www.marvinchen.de\/olgas_welt\/blog\/wp-content\/uploads\/2013\/11\/0039.jpg\" width=\"560\" height=\"373\" srcset=\"https:\/\/www.marvinchen.de\/olgas_welt\/blog\/wp-content\/uploads\/2013\/11\/0039.jpg 800w, https:\/\/www.marvinchen.de\/olgas_welt\/blog\/wp-content\/uploads\/2013\/11\/0039-300x199.jpg 300w\" sizes=\"auto, (max-width: 560px) 100vw, 560px\" \/><\/a><\/p>\n<p style=\"text-align: left;\">Manche B\u00e4ume wollten den Herbst an sich noch nicht so richtig ranlassen \u00a0\u00a0\u00a0 \ud83d\ude09<\/p>\n<p style=\"text-align: center;\"><a href=\"https:\/\/www.marvinchen.de\/olgas_welt\/blog\/wp-content\/uploads\/2013\/11\/0041.jpg\"><img loading=\"lazy\" decoding=\"async\" class=\"aligncenter  wp-image-1481\" alt=\"0041\" src=\"https:\/\/www.marvinchen.de\/olgas_welt\/blog\/wp-content\/uploads\/2013\/11\/0041.jpg\" width=\"560\" height=\"373\" srcset=\"https:\/\/www.marvinchen.de\/olgas_welt\/blog\/wp-content\/uploads\/2013\/11\/0041.jpg 800w, https:\/\/www.marvinchen.de\/olgas_welt\/blog\/wp-content\/uploads\/2013\/11\/0041-300x199.jpg 300w\" sizes=\"auto, (max-width: 560px) 100vw, 560px\" \/><\/a><\/p>\n<p style=\"text-align: left;\">Hagedorn sieht im Herbst zum Anbeissen sch\u00f6n aus!<\/p>\n<p style=\"text-align: center;\"><a href=\"https:\/\/www.marvinchen.de\/olgas_welt\/blog\/wp-content\/uploads\/2013\/11\/0042.jpg\"><img loading=\"lazy\" decoding=\"async\" class=\"aligncenter  wp-image-1482\" alt=\"0042\" src=\"https:\/\/www.marvinchen.de\/olgas_welt\/blog\/wp-content\/uploads\/2013\/11\/0042.jpg\" width=\"560\" height=\"373\" srcset=\"https:\/\/www.marvinchen.de\/olgas_welt\/blog\/wp-content\/uploads\/2013\/11\/0042.jpg 800w, https:\/\/www.marvinchen.de\/olgas_welt\/blog\/wp-content\/uploads\/2013\/11\/0042-300x199.jpg 300w\" sizes=\"auto, (max-width: 560px) 100vw, 560px\" \/><\/a><\/p>\n<p style=\"text-align: left;\">Mit Ines im Bienertpark in Dresden-Plauen:<\/p>\n<p style=\"text-align: center;\"><a href=\"https:\/\/www.marvinchen.de\/olgas_welt\/blog\/wp-content\/uploads\/2013\/11\/ines005.jpg\"><img loading=\"lazy\" decoding=\"async\" class=\"aligncenter  wp-image-1483\" alt=\"ines005\" src=\"https:\/\/www.marvinchen.de\/olgas_welt\/blog\/wp-content\/uploads\/2013\/11\/ines005.jpg\" width=\"373\" height=\"560\" srcset=\"https:\/\/www.marvinchen.de\/olgas_welt\/blog\/wp-content\/uploads\/2013\/11\/ines005.jpg 533w, https:\/\/www.marvinchen.de\/olgas_welt\/blog\/wp-content\/uploads\/2013\/11\/ines005-300x450.jpg 300w\" sizes=\"auto, (max-width: 373px) 100vw, 373px\" \/><\/a><\/p>\n<p style=\"text-align: left;\">Und hier mit rotem Schirm:<\/p>\n<p style=\"text-align: center;\"><a href=\"https:\/\/www.marvinchen.de\/olgas_welt\/blog\/wp-content\/uploads\/2013\/11\/ines006.jpg\"><img loading=\"lazy\" decoding=\"async\" class=\"aligncenter  wp-image-1484\" alt=\"ines006\" src=\"https:\/\/www.marvinchen.de\/olgas_welt\/blog\/wp-content\/uploads\/2013\/11\/ines006.jpg\" width=\"560\" height=\"373\" srcset=\"https:\/\/www.marvinchen.de\/olgas_welt\/blog\/wp-content\/uploads\/2013\/11\/ines006.jpg 800w, https:\/\/www.marvinchen.de\/olgas_welt\/blog\/wp-content\/uploads\/2013\/11\/ines006-300x199.jpg 300w\" sizes=\"auto, (max-width: 560px) 100vw, 560px\" \/><\/a><\/p>\n<p style=\"text-align: left;\">Erinnert ihr euch noch an die Buchenbl\u00e4tter auf den Stufen? Sie k\u00f6nnen auch ausgezeichnet fliegen \u00a0\u00a0\u00a0 \ud83d\ude00<\/p>\n<p style=\"text-align: center;\"><a href=\"https:\/\/www.marvinchen.de\/olgas_welt\/blog\/wp-content\/uploads\/2013\/11\/ines019.jpg\"><img loading=\"lazy\" decoding=\"async\" class=\"aligncenter  wp-image-1485\" alt=\"ines019\" src=\"https:\/\/www.marvinchen.de\/olgas_welt\/blog\/wp-content\/uploads\/2013\/11\/ines019.jpg\" width=\"560\" height=\"373\" srcset=\"https:\/\/www.marvinchen.de\/olgas_welt\/blog\/wp-content\/uploads\/2013\/11\/ines019.jpg 800w, https:\/\/www.marvinchen.de\/olgas_welt\/blog\/wp-content\/uploads\/2013\/11\/ines019-300x199.jpg 300w\" sizes=\"auto, (max-width: 560px) 100vw, 560px\" \/><\/a><\/p>\n<p style=\"text-align: left;\">Der Herbst bringt uns dazu, etwas zu sammeln: Kastanien, Bl\u00e4tter, Eicheln, Gedanken&#8230;<\/p>\n<p style=\"text-align: center;\"><a href=\"https:\/\/www.marvinchen.de\/olgas_welt\/blog\/wp-content\/uploads\/2013\/11\/ines031.jpg\"><img loading=\"lazy\" decoding=\"async\" class=\"aligncenter  wp-image-1486\" alt=\"ines031\" src=\"https:\/\/www.marvinchen.de\/olgas_welt\/blog\/wp-content\/uploads\/2013\/11\/ines031.jpg\" width=\"560\" height=\"373\" srcset=\"https:\/\/www.marvinchen.de\/olgas_welt\/blog\/wp-content\/uploads\/2013\/11\/ines031.jpg 800w, https:\/\/www.marvinchen.de\/olgas_welt\/blog\/wp-content\/uploads\/2013\/11\/ines031-300x199.jpg 300w\" sizes=\"auto, (max-width: 560px) 100vw, 560px\" \/><\/a><\/p>\n<p style=\"text-align: left;\">Hier sind die fallenden Bl\u00e4tter voll in &#8222;\u00c4kschn&#8220;\u00a0\u00a0\u00a0\u00a0\u00a0\ud83d\ude42<\/p>\n<p style=\"text-align: center;\"><a href=\"https:\/\/www.marvinchen.de\/olgas_welt\/blog\/wp-content\/uploads\/2013\/11\/ines032.jpg\"><img loading=\"lazy\" decoding=\"async\" class=\"aligncenter  wp-image-1487\" alt=\"ines032\" src=\"https:\/\/www.marvinchen.de\/olgas_welt\/blog\/wp-content\/uploads\/2013\/11\/ines032.jpg\" width=\"560\" height=\"373\" srcset=\"https:\/\/www.marvinchen.de\/olgas_welt\/blog\/wp-content\/uploads\/2013\/11\/ines032.jpg 800w, https:\/\/www.marvinchen.de\/olgas_welt\/blog\/wp-content\/uploads\/2013\/11\/ines032-300x199.jpg 300w\" sizes=\"auto, (max-width: 560px) 100vw, 560px\" \/><\/a><\/p>\n<p style=\"text-align: left;\">Und nun macht der Herbst seine T\u00fcr zu den goldenen Sch\u00e4tzen zu &#8211; erst in einem Jahr d\u00fcrfen wir diese fabelhaften Farben wieder geniessen:<\/p>\n<p style=\"text-align: center;\"><a href=\"https:\/\/www.marvinchen.de\/olgas_welt\/blog\/wp-content\/uploads\/2013\/11\/0012.jpg\"><img loading=\"lazy\" decoding=\"async\" class=\"aligncenter  wp-image-1488\" alt=\"0012\" src=\"https:\/\/www.marvinchen.de\/olgas_welt\/blog\/wp-content\/uploads\/2013\/11\/0012.jpg\" width=\"373\" height=\"560\" srcset=\"https:\/\/www.marvinchen.de\/olgas_welt\/blog\/wp-content\/uploads\/2013\/11\/0012.jpg 533w, https:\/\/www.marvinchen.de\/olgas_welt\/blog\/wp-content\/uploads\/2013\/11\/0012-300x450.jpg 300w\" sizes=\"auto, (max-width: 373px) 100vw, 373px\" \/><\/a><\/p>\n","protected":false},"excerpt":{"rendered":"<p>Der Oktober war diesmal richtig gn\u00e4dig zu mir, so konnte ich problemlos einige Fotoausfl\u00fcge unternehmen (Dank meinem Schatz sogar in Ecken, an welche ich zuerst nicht mal gedacht habe, z.B. nach Brabsch\u00fctz) und habe am Ende wieder einmal viel zu viele Bilder f\u00fcr mein Fotoprojekt von diesem bezaubernden Herbst gemacht. Ich bin jedes Jahr v\u00f6llig [&hellip;]<\/p>\n","protected":false},"author":3,"featured_media":0,"comment_status":"open","ping_status":"closed","sticky":false,"template":"","format":"standard","meta":{"ngg_post_thumbnail":0,"footnotes":""},"categories":[3,822,4,7,1],"tags":[523,14,568,587,716,847,237,270,853,13],"class_list":["post-1467","post","type-post","status-publish","format-standard","hentry","category-ausfluege-und-reisen","category-fotografie-und-photoshop","category-freud-und-leid","category-freunde-und-co","category-olca-und-stan","tag-ausflug","tag-carsten","tag-farben","tag-foto","tag-fotografieren","tag-fotojahresplan","tag-freunde","tag-herbst","tag-ines","tag-olga"],"_links":{"self":[{"href":"https:\/\/www.marvinchen.de\/olgas_welt\/blog\/wp-json\/wp\/v2\/posts\/1467","targetHints":{"allow":["GET"]}}],"collection":[{"href":"https:\/\/www.marvinchen.de\/olgas_welt\/blog\/wp-json\/wp\/v2\/posts"}],"about":[{"href":"https:\/\/www.marvinchen.de\/olgas_welt\/blog\/wp-json\/wp\/v2\/types\/post"}],"author":[{"embeddable":true,"href":"https:\/\/www.marvinchen.de\/olgas_welt\/blog\/wp-json\/wp\/v2\/users\/3"}],"replies":[{"embeddable":true,"href":"https:\/\/www.marvinchen.de\/olgas_welt\/blog\/wp-json\/wp\/v2\/comments?post=1467"}],"version-history":[{"count":0,"href":"https:\/\/www.marvinchen.de\/olgas_welt\/blog\/wp-json\/wp\/v2\/posts\/1467\/revisions"}],"wp:attachment":[{"href":"https:\/\/www.marvinchen.de\/olgas_welt\/blog\/wp-json\/wp\/v2\/media?parent=1467"}],"wp:term":[{"taxonomy":"category","embeddable":true,"href":"https:\/\/www.marvinchen.de\/olgas_welt\/blog\/wp-json\/wp\/v2\/categories?post=1467"},{"taxonomy":"post_tag","embeddable":true,"href":"https:\/\/www.marvinchen.de\/olgas_welt\/blog\/wp-json\/wp\/v2\/tags?post=1467"}],"curies":[{"name":"wp","href":"https:\/\/api.w.org\/{rel}","templated":true}]}}