{"id":1505,"date":"2013-12-08T19:25:08","date_gmt":"2013-12-08T18:25:08","guid":{"rendered":"http:\/\/www.marvinchen.de\/olgas_welt\/blog\/?p=1505"},"modified":"2013-12-08T19:25:08","modified_gmt":"2013-12-08T18:25:08","slug":"weihnachtsgruesse-sind-online","status":"publish","type":"post","link":"https:\/\/www.marvinchen.de\/olgas_welt\/blog\/2013\/12\/weihnachtsgruesse-sind-online\/","title":{"rendered":"Weihnachtsgr\u00fc\u00dfe sind online"},"content":{"rendered":"<p>Wie die Zeit vergeht!\u00a0Wir haben bereits den\u00a02. Advent, also ist die H\u00e4lfte der Vorweihnachtszeit definitiv vorbei. Bei uns ist inzwischen sogar die erste Weihnachtskarte aus M\u00fcnchen eingetrudelt! Ich pers\u00f6nlich habe allerdings relativ wenig von der \u00a0besinnlichen Zeit, denn mein 2. Adventswochenende, einschlie\u00dflich Freitag, verbrachte ich im Bett mit wildem Husten und gelegentlichem Nasenbluten \u00a0 \u00a0 :schreien:\u00a0\u00a0\u00a0\u00a0 aber allm\u00e4hlich scheint es mit mir wieder bergauf zu gehen und morgen gehe ich zur\u00fcck in mein B\u00fcro, um das Geld f\u00fcr die Lebkuchen und Stollen zu verdienen \u00a0 \u00a0 \ud83d\ude09<\/p>\n<p>Zum Gl\u00fcck haben wir unsere Weihnachtsbildaufnahmen schon vor einer Woche gemacht. Jetzt ist die gesamte Arbeit f\u00fcr unseren Familiengru\u00df zum Jahresende abgeschlossen und er darf auf <a href=\"https:\/\/www.marvinchen.de\/\" target=\"_blank\">unserer Homepage<\/a> bewundert werden \u00a0 \u00a0 \ud83d\ude42<br \/>\nUnd vergisst ja nicht, den Klick-Knopf bei Stephanie zu bet\u00e4tigen \u00a0 \u00a0 \ud83d\ude09\u00a0\u00a0\u00a0\u00a0 !<\/p>\n<p>Die Bilder von meinem Novemberprojekt sind schon ausgew\u00e4hlt, ich werde sie in der kommenden Woche meiner kritischen Leserschaft pr\u00e4sentieren &#8211; versprochen!<\/p>\n","protected":false},"excerpt":{"rendered":"<p>Wie die Zeit vergeht!\u00a0Wir haben bereits den\u00a02. Advent, also ist die H\u00e4lfte der Vorweihnachtszeit definitiv vorbei. Bei uns ist inzwischen sogar die erste Weihnachtskarte aus M\u00fcnchen eingetrudelt! Ich pers\u00f6nlich habe allerdings relativ wenig von der \u00a0besinnlichen Zeit, denn mein 2. Adventswochenende, einschlie\u00dflich Freitag, verbrachte ich im Bett mit wildem Husten und gelegentlichem Nasenbluten \u00a0 \u00a0 [&hellip;]<\/p>\n","protected":false},"author":3,"featured_media":0,"comment_status":"open","ping_status":"closed","sticky":false,"template":"","format":"standard","meta":{"ngg_post_thumbnail":0,"footnotes":""},"categories":[822,4,1],"tags":[430,587,716,606,13,15,303,739],"class_list":["post-1505","post","type-post","status-publish","format-standard","hentry","category-fotografie-und-photoshop","category-freud-und-leid","category-olca-und-stan","tag-familie","tag-foto","tag-fotografieren","tag-krankheit","tag-olga","tag-stephanie","tag-weihnachten","tag-weihnachtsgruss"],"_links":{"self":[{"href":"https:\/\/www.marvinchen.de\/olgas_welt\/blog\/wp-json\/wp\/v2\/posts\/1505","targetHints":{"allow":["GET"]}}],"collection":[{"href":"https:\/\/www.marvinchen.de\/olgas_welt\/blog\/wp-json\/wp\/v2\/posts"}],"about":[{"href":"https:\/\/www.marvinchen.de\/olgas_welt\/blog\/wp-json\/wp\/v2\/types\/post"}],"author":[{"embeddable":true,"href":"https:\/\/www.marvinchen.de\/olgas_welt\/blog\/wp-json\/wp\/v2\/users\/3"}],"replies":[{"embeddable":true,"href":"https:\/\/www.marvinchen.de\/olgas_welt\/blog\/wp-json\/wp\/v2\/comments?post=1505"}],"version-history":[{"count":0,"href":"https:\/\/www.marvinchen.de\/olgas_welt\/blog\/wp-json\/wp\/v2\/posts\/1505\/revisions"}],"wp:attachment":[{"href":"https:\/\/www.marvinchen.de\/olgas_welt\/blog\/wp-json\/wp\/v2\/media?parent=1505"}],"wp:term":[{"taxonomy":"category","embeddable":true,"href":"https:\/\/www.marvinchen.de\/olgas_welt\/blog\/wp-json\/wp\/v2\/categories?post=1505"},{"taxonomy":"post_tag","embeddable":true,"href":"https:\/\/www.marvinchen.de\/olgas_welt\/blog\/wp-json\/wp\/v2\/tags?post=1505"}],"curies":[{"name":"wp","href":"https:\/\/api.w.org\/{rel}","templated":true}]}}