{"id":1523,"date":"2013-12-15T19:24:50","date_gmt":"2013-12-15T18:24:50","guid":{"rendered":"http:\/\/www.marvinchen.de\/olgas_welt\/blog\/?p=1523"},"modified":"2013-12-15T19:24:50","modified_gmt":"2013-12-15T18:24:50","slug":"langsam-wirds-weihnachtlich","status":"publish","type":"post","link":"https:\/\/www.marvinchen.de\/olgas_welt\/blog\/2013\/12\/langsam-wirds-weihnachtlich\/","title":{"rendered":"Langsam wird&#8217;s weihnachtlich"},"content":{"rendered":"<p>Das Fest der Feste r\u00fcckt immer n\u00e4her und langsam bekomme\u00a0auch ich das zu sp\u00fcren. Auf Arbeit\u00a0trudeln nach und nach die Weihnachtskarten\u00a0der Kunden ein und ein Lieferant hat sogar eine Dose mit leckeren Weihnachtskeksen spendiert, welche wir zusammen als Abteilung ganz schnell vernichtet haben.<\/p>\n<p>Ob ich dieses Jahr noch selber backen werde\u00a0steht leider immer noch nicht fest &#8211; denn: alleine backen ist doof! Mein gro\u00dfes Kind weilt derzeit bei ihrem Freund in Belgien und mein kleines Kind hat jede Menge Spiel- und andere Termine &#8230; da wird es dieses Jahr wohl\u00a0erstmalig nur bei\u00a0gekauften Erzeugnissen der deutschen Backindustrie bleiben.<\/p>\n<p>Daf\u00fcr geniesse ich allerdings jeden Tag meines Adventskalenders. Dieses Jahr habe ich keinen\u00a0f\u00fcr die H\u00fcfte, sondern f\u00fcr die Seele \u00a0\u00a0\u00a0 \ud83d\ude09\u00a0\u00a0\u00a0\u00a0 Carsten organisierte\u00a0ihn bereits im Sommer f\u00fcr mich\u00a0und nun lese ich jeden Tag eine Geschichte aus dem bezaubernden Buch\u00a0&#8222;<a href=\"http:\/\/www.amazon.de\/Das-Weihnachtsgeheimnis-Jostein-Gaarder\/dp\/342362115X\" target=\"_blank\">Das Weihnachtsgeheimnis<\/a>&#8220; von Jostein Gaarder.\u00a0Ich finde das Buch soooooo sch\u00f6\u00f6\u00f6\u00f6n!<br \/>\nDamit komme ich allm\u00e4hlich doch in\u00a0Weihnachtslaune, was inzwischen nun wirklich f\u00e4llig ist. Heute haben wir gleichzeitig\u00a0drei nigelnagelneue Kerzen zu Ehren des 3. Advents angez\u00fcndet, bei den ersten beiden Adventssonntagen waren wir\u00a0einfach stimmungstechnisch noch\u00a0nicht so weit. Erst hatte ich Geburtstag und dann hatte ich eine fiese Erk\u00e4ltung. Aber nun geht es langsam in die richtige Richtung \u00a0 \u00a0 \ud83d\ude09<\/p>\n<p>Einige Geschenke sind schon besorgt und im Haus versteckt. Ich hoffe nur, dass ich mich am Ende an all die Orte erinnern kann, wo ich die Sachen &#8222;vergraben&#8220; habe. Ehrlich, ich bin, was das angeht, wie ein Eichh\u00f6rnchen: Zeug \u00a0f\u00fcr sp\u00e4tere Zeiten verbuddeln und dann den Ort vergessen. Ich habe in der Vergangenheit bei der Ostereiersuche schon so manche Nikolausschokolade wiedergefunden \u00a0 \u00a0 \ud83d\ude09<\/p>\n<p>\u00dcbrigens, mein Fotoprojekt f\u00fcr Dezember hat ebenfalls dazu beigetragen, dass ich in\u00a0eine weihnachtliche Stimmung gekommen bin. Da ich Weihnachtsm\u00e4rkte als Thema habe, besuchten Carsten und ich vorgestern die\u00a0Entsprechenden in der Dresdner Innenstadt.\u00a0Zus\u00e4tzlich waren wir heute noch in einem sprichw\u00f6rtlichen Weihnachtsdorf, wo in diesen Wochen eigentlich \u00fcberall Weihnachtsmarkt\u00a0ist: \u00a0im erzgebirgischen Seiffen, bekannt durch seine h\u00f6lzerne Jahresendfestkunst in Form von Nu\u00dfknackern, Schwibb\u00f6gen, Kerzenpyramiden, Weihnachtsengeln und R\u00e4ucherm\u00e4nnchen. Wir haben sogar eine Figur wiedergefunden, welche dort schon im Jahre 2004\u00a0seinen Mann gestanden hat. Schaut mal, das war 2004:<\/p>\n<p style=\"text-align: center;\"><a href=\"https:\/\/www.marvinchen.de\/olgas_welt\/blog\/wp-content\/uploads\/2013\/12\/2004-12.jpg\"><img loading=\"lazy\" decoding=\"async\" class=\"aligncenter  wp-image-1525\" alt=\"2004-12\" src=\"https:\/\/www.marvinchen.de\/olgas_welt\/blog\/wp-content\/uploads\/2013\/12\/2004-12.jpg\" width=\"420\" height=\"560\" srcset=\"https:\/\/www.marvinchen.de\/olgas_welt\/blog\/wp-content\/uploads\/2013\/12\/2004-12.jpg 600w, https:\/\/www.marvinchen.de\/olgas_welt\/blog\/wp-content\/uploads\/2013\/12\/2004-12-300x400.jpg 300w\" sizes=\"auto, (max-width: 420px) 100vw, 420px\" \/><\/a><\/p>\n<p style=\"text-align: left;\">Und dieses Bild ist von heute:<\/p>\n<p style=\"text-align: center;\"><a href=\"https:\/\/www.marvinchen.de\/olgas_welt\/blog\/wp-content\/uploads\/2013\/12\/12-2013.jpg\"><img loading=\"lazy\" decoding=\"async\" class=\"aligncenter  wp-image-1526\" alt=\"12-2013\" src=\"https:\/\/www.marvinchen.de\/olgas_welt\/blog\/wp-content\/uploads\/2013\/12\/12-2013.jpg\" width=\"373\" height=\"560\" srcset=\"https:\/\/www.marvinchen.de\/olgas_welt\/blog\/wp-content\/uploads\/2013\/12\/12-2013.jpg 533w, https:\/\/www.marvinchen.de\/olgas_welt\/blog\/wp-content\/uploads\/2013\/12\/12-2013-300x450.jpg 300w\" sizes=\"auto, (max-width: 373px) 100vw, 373px\" \/><\/a><\/p>\n<p style=\"text-align: left;\">Es ist doch ganz nett, in der Ferne und nach so langer Zeit bekannte Gesichter zu treffen\u00a0\u00a0\u00a0\u00a0\u00a0\ud83d\ude09<\/p>\n","protected":false},"excerpt":{"rendered":"<p>Das Fest der Feste r\u00fcckt immer n\u00e4her und langsam bekomme\u00a0auch ich das zu sp\u00fcren. Auf Arbeit\u00a0trudeln nach und nach die Weihnachtskarten\u00a0der Kunden ein und ein Lieferant hat sogar eine Dose mit leckeren Weihnachtskeksen spendiert, welche wir zusammen als Abteilung ganz schnell vernichtet haben. Ob ich dieses Jahr noch selber backen werde\u00a0steht leider immer noch nicht [&hellip;]<\/p>\n","protected":false},"author":3,"featured_media":0,"comment_status":"open","ping_status":"closed","sticky":false,"template":"","format":"standard","meta":{"ngg_post_thumbnail":0,"footnotes":""},"categories":[3,5,822,4,1],"tags":[622,16,513,14,587,716,847,13,899,15,303,114],"class_list":["post-1523","post","type-post","status-publish","format-standard","hentry","category-ausfluege-und-reisen","category-essen-und-trinken","category-fotografie-und-photoshop","category-freud-und-leid","category-olca-und-stan","tag-adventskalender","tag-andrea","tag-backen","tag-carsten","tag-foto","tag-fotografieren","tag-fotojahresplan","tag-olga","tag-seiffen","tag-stephanie","tag-weihnachten","tag-weihnachtsmarkt"],"_links":{"self":[{"href":"https:\/\/www.marvinchen.de\/olgas_welt\/blog\/wp-json\/wp\/v2\/posts\/1523","targetHints":{"allow":["GET"]}}],"collection":[{"href":"https:\/\/www.marvinchen.de\/olgas_welt\/blog\/wp-json\/wp\/v2\/posts"}],"about":[{"href":"https:\/\/www.marvinchen.de\/olgas_welt\/blog\/wp-json\/wp\/v2\/types\/post"}],"author":[{"embeddable":true,"href":"https:\/\/www.marvinchen.de\/olgas_welt\/blog\/wp-json\/wp\/v2\/users\/3"}],"replies":[{"embeddable":true,"href":"https:\/\/www.marvinchen.de\/olgas_welt\/blog\/wp-json\/wp\/v2\/comments?post=1523"}],"version-history":[{"count":0,"href":"https:\/\/www.marvinchen.de\/olgas_welt\/blog\/wp-json\/wp\/v2\/posts\/1523\/revisions"}],"wp:attachment":[{"href":"https:\/\/www.marvinchen.de\/olgas_welt\/blog\/wp-json\/wp\/v2\/media?parent=1523"}],"wp:term":[{"taxonomy":"category","embeddable":true,"href":"https:\/\/www.marvinchen.de\/olgas_welt\/blog\/wp-json\/wp\/v2\/categories?post=1523"},{"taxonomy":"post_tag","embeddable":true,"href":"https:\/\/www.marvinchen.de\/olgas_welt\/blog\/wp-json\/wp\/v2\/tags?post=1523"}],"curies":[{"name":"wp","href":"https:\/\/api.w.org\/{rel}","templated":true}]}}