{"id":154,"date":"2009-07-16T07:41:14","date_gmt":"2009-07-16T05:41:14","guid":{"rendered":"http:\/\/www.marvinchen.de\/olgas_welt\/blog\/?p=154"},"modified":"2009-07-16T15:12:19","modified_gmt":"2009-07-16T13:12:19","slug":"umstellungen-und-veranderungen","status":"publish","type":"post","link":"https:\/\/www.marvinchen.de\/olgas_welt\/blog\/2009\/07\/umstellungen-und-veranderungen\/","title":{"rendered":"Umstellungen und Ver\u00e4nderungen"},"content":{"rendered":"<p>Als allererstes: Ich freue mich schon wahnsinng auf meinen neuen Blog und bin meinem Schatz unendlich dankbar f\u00fcr seine Bereitschaft, sich in die absolut neue Materie reinzuarbeiten, alles zu retten, was noch bei Yahoo stand und die vielen Stunden Arbeit, welche er schon jetzt in mein Hobby investiert hat!<\/p>\n<p>Aber viel Zeit zum Schreiben werde ich jetzt nicht haben. Heute nach der Arbeit hole ich Elli, Andreas Freundin, welche mit uns nach Italien f\u00e4hrt, zu Hause ab. Danach holen wir unsere M\u00e4dels beim Papa ab und dann gibt es erstmal gro\u00dfes Um- und Einpacken in den eigenen vier W\u00e4nden.<\/p>\n<p>Carsten geht nur noch heute arbeiten, ich werde mich noch morgen an meinen Schreibtisch im B\u00fcro setzen. Aber gegen 14:00 werde ich von meiner Familie abgeholt und danach werden wir uns Richtung S\u00fcden bewegen. Diesmal werde ich im Urlaub nicht nur neue Leute kennen lernen k\u00f6nnen, sondern treffe mich mit der ehemaligen Studienkollegin. Wir haben uns seit 1992 nicht gesehen. Dank Internet findet man\u00a0sich auch nach so vielen Jahren wieder.<\/p>\n<p>Es wird f\u00fcr Carsten und mich ab heute\u00a0eine kleine Umstellung sein, da die M\u00e4dels jetzt wieder mit uns sind. Wir haben uns in den vergangenen kinderfreien Wochen gut gehen lassen. Man hat\u00a0ja automatisch nur die H\u00e4lfte der Termine und Verpflichtungen, wenn 50% der Familie fehlt. Aber ich freue mich schon soooo sehr, beide Schnatterliesen wieder bei uns zu haben. Mit Stephanie habe ich zwischendurch einige Emails ausgetauscht und weiss daher, dass ihre Zeit in Portugal richtig sch\u00f6n war. Aber heute abend und morgen w\u00e4hrend der Fahrt werden wir auch die\u00a0Einzelheiten\u00a0erfahren.<\/p>\n<p>Ich w\u00fcnsche allen meinen Lesern sch\u00f6ne Zeit, im August wird weiter geschrieben!<\/p>\n","protected":false},"excerpt":{"rendered":"<p>Als allererstes: Ich freue mich schon wahnsinng auf meinen neuen Blog und bin meinem Schatz unendlich dankbar f\u00fcr seine Bereitschaft, sich in die absolut neue Materie reinzuarbeiten, alles zu retten, was noch bei Yahoo stand und die vielen Stunden Arbeit, welche er schon jetzt in mein Hobby investiert hat! Aber viel Zeit zum Schreiben werde [&hellip;]<\/p>\n","protected":false},"author":3,"featured_media":0,"comment_status":"open","ping_status":"closed","sticky":false,"template":"","format":"standard","meta":{"ngg_post_thumbnail":0,"footnotes":""},"categories":[3,7,1],"tags":[16,18,14,376,13,15,21],"class_list":["post-154","post","type-post","status-publish","format-standard","hentry","category-ausfluege-und-reisen","category-freunde-und-co","category-olca-und-stan","tag-andrea","tag-blog","tag-carsten","tag-elli","tag-olga","tag-stephanie","tag-urlaub"],"_links":{"self":[{"href":"https:\/\/www.marvinchen.de\/olgas_welt\/blog\/wp-json\/wp\/v2\/posts\/154","targetHints":{"allow":["GET"]}}],"collection":[{"href":"https:\/\/www.marvinchen.de\/olgas_welt\/blog\/wp-json\/wp\/v2\/posts"}],"about":[{"href":"https:\/\/www.marvinchen.de\/olgas_welt\/blog\/wp-json\/wp\/v2\/types\/post"}],"author":[{"embeddable":true,"href":"https:\/\/www.marvinchen.de\/olgas_welt\/blog\/wp-json\/wp\/v2\/users\/3"}],"replies":[{"embeddable":true,"href":"https:\/\/www.marvinchen.de\/olgas_welt\/blog\/wp-json\/wp\/v2\/comments?post=154"}],"version-history":[{"count":0,"href":"https:\/\/www.marvinchen.de\/olgas_welt\/blog\/wp-json\/wp\/v2\/posts\/154\/revisions"}],"wp:attachment":[{"href":"https:\/\/www.marvinchen.de\/olgas_welt\/blog\/wp-json\/wp\/v2\/media?parent=154"}],"wp:term":[{"taxonomy":"category","embeddable":true,"href":"https:\/\/www.marvinchen.de\/olgas_welt\/blog\/wp-json\/wp\/v2\/categories?post=154"},{"taxonomy":"post_tag","embeddable":true,"href":"https:\/\/www.marvinchen.de\/olgas_welt\/blog\/wp-json\/wp\/v2\/tags?post=154"}],"curies":[{"name":"wp","href":"https:\/\/api.w.org\/{rel}","templated":true}]}}