{"id":1668,"date":"2014-03-10T19:35:43","date_gmt":"2014-03-10T18:35:43","guid":{"rendered":"http:\/\/www.marvinchen.de\/olgas_welt\/blog\/?p=1668"},"modified":"2014-03-10T19:41:56","modified_gmt":"2014-03-10T18:41:56","slug":"im-strudel-der-gefuehle","status":"publish","type":"post","link":"https:\/\/www.marvinchen.de\/olgas_welt\/blog\/2014\/03\/im-strudel-der-gefuehle\/","title":{"rendered":"Im Strudel der Gef\u00fchle"},"content":{"rendered":"<p>Derzeit komme ich sehr schnell von einer Gem\u00fctslage in die andere und diesmal liegt es nicht an meinen Hormonen, sondern eher an den begleitenden Umst\u00e4nden.<\/p>\n<p>Die Situation in meiner Heimat Ukraine macht mich ratlos und w\u00fctend gleichzeitig. F\u00fcr mich ist es einfach unfassbar, was dort passiert und wie rasant sich der ganze Schlamassel entwickelt hat. Als eine normale Mutter, welche sich Sorgen um ihre Kinder macht, bin ich gleichzeitig unglaublich erleichtert und froh, dass Andrea exakt eine Woche vor den ersten Protesten auf dem Maidan nach Hause gekommen ist. Inzwischen freue ich mich auch dar\u00fcber, dass sie meine Heimat als ein sch\u00f6nes, spannendes und interessantes Land erleben\u00a0konnte und auch unbeschwert auf die Krim reisen durfte. Sie hat sich bei ihrem Aufenthalt in Charkow\u00a0zudem mit meiner Familie getroffen und ihre Oma besucht.<\/p>\n<p style=\"text-align: center\"><a href=\"https:\/\/www.marvinchen.de\/olgas_welt\/blog\/wp-content\/uploads\/2014\/03\/Tag-59-Pokotilovka-07.jpg\"><img loading=\"lazy\" decoding=\"async\" class=\"aligncenter  wp-image-1669\" alt=\"Tag-59---Pokotilovka-07\" src=\"https:\/\/www.marvinchen.de\/olgas_welt\/blog\/wp-content\/uploads\/2014\/03\/Tag-59-Pokotilovka-07.jpg\" width=\"560\" height=\"420\" srcset=\"https:\/\/www.marvinchen.de\/olgas_welt\/blog\/wp-content\/uploads\/2014\/03\/Tag-59-Pokotilovka-07.jpg 800w, https:\/\/www.marvinchen.de\/olgas_welt\/blog\/wp-content\/uploads\/2014\/03\/Tag-59-Pokotilovka-07-300x225.jpg 300w\" sizes=\"auto, (max-width: 560px) 100vw, 560px\" \/><\/a><\/p>\n<p style=\"text-align: left\">Damit ist Andrea aber auch die Letzte aus unserer in Deutschland\u00a0wohnenden Sippe, welche sie noch lebendig erlebt hat, denn meine Mutter ist am vorletzten Sonntag, dem 2. M\u00e4rz verstorben und wurde schon am Montagmittag beerdigt. Jetzt liegt sie wieder Seite an Seite mit meinem Vater und das f\u00fcr immer und ewig.<\/p>\n<p style=\"text-align: left\">Zu den fr\u00f6hlicheren Momenten der letzten Woche geh\u00f6rt auf jeden Fall eine unglaublich s\u00fc\u00dfe und liebevolle Karte zum Frauentag\u00a0von meiner Gro\u00dfen, welche noch bis Ende des Monats in Elsa\u00df weilt. Danke, mein liebes Kind\u00a0\u00a0\u00a0\u00a0 :verliebt:\u00a0\u00a0\u00a0\u00a0 Stephanie war einfach nur unglaublich niedlich den ganzen Samstag und wir haben jede Menge Zeit zusammen verbracht, was mir auf jeden Fall\u00a0noch wichtiger ist, als gekaufte Blumen\u00a0\u00a0\u00a0\u00a0 \ud83d\ude42<\/p>\n<p style=\"text-align: left\">Am Sonntag hatte ich mal wieder die Ehre, einen Auftritt\u00a0der <a href=\"http:\/\/www.irishdancecompany-dresden.de\/\" target=\"_blank\">Irish Dance Company<\/a> photographisch\u00a0begleiten zu d\u00fcrfen. Der M\u00e4rz ist bei ihnen traditionell der auftrittsst\u00e4rkste Monat und es geht los mit der Messe &#8222;<a href=\"http:\/\/www.messe-dresden.de\/veranstaltungskalender\/messe\/aktiv-vital\/beschreibung.html\" target=\"_blank\">Aktiv &amp; Vital <\/a>&#8222;. Mit <a href=\"https:\/\/www.marvinchen.de\/olgas_welt\/blog\/2013\/12\/die-feierwoche-ist-vorbei\/\" target=\"_blank\">meiner neuen Kamera<\/a> hatte ich noch mehr Spa\u00df als sonst und durch die erweiterten technischen M\u00f6glichkeiten war die Ausbeute aus meiner Sicht auch wesentlich besser als vor einem Jahr\u00a0 \u00a0\u00a0 \ud83d\ude09<\/p>\n<p style=\"text-align: center\"><a href=\"https:\/\/www.marvinchen.de\/olgas_welt\/blog\/wp-content\/uploads\/2014\/03\/IMG_0393.jpg\"><img loading=\"lazy\" decoding=\"async\" class=\"aligncenter  wp-image-1670\" alt=\"IMG_0393\" src=\"https:\/\/www.marvinchen.de\/olgas_welt\/blog\/wp-content\/uploads\/2014\/03\/IMG_0393.jpg\" width=\"560\" height=\"373\" srcset=\"https:\/\/www.marvinchen.de\/olgas_welt\/blog\/wp-content\/uploads\/2014\/03\/IMG_0393.jpg 800w, https:\/\/www.marvinchen.de\/olgas_welt\/blog\/wp-content\/uploads\/2014\/03\/IMG_0393-300x199.jpg 300w\" sizes=\"auto, (max-width: 560px) 100vw, 560px\" \/><\/a><\/p>\n<p style=\"text-align: left\">An den kommenden 2 Wochenenden darf ich noch mehr Bilder von den M\u00e4dels und Jungs machen &#8211; ich freue mich sehr darauf!<\/p>\n<p style=\"text-align: left\">Ich freue mich auch, dass ich es endlich vollbracht habe, die Rohfassung unseres Jahresberichtes zu Ende zu schreiben. Carsten korrigiert und erg\u00e4nzt ihn gerade &#8211; es sieht so aus, dass wir ihn am Wochenende ver\u00f6ffentlichen\u00a0k\u00f6nnen\u00a0\u00a0\u00a0\u00a0 \ud83d\ude42<\/p>\n<p style=\"text-align: left\">Am Donnerstagabend werde ich meine alte\/neue Russisch-Gruppe in der <a href=\"http:\/\/www.vhs-dresden.de\/index.php?id=44&amp;kathaupt=12&amp;knr=14F3RS4301&amp;kursname=Russisch+-+Reaktivierungskurs+3+Sem&amp;knr=14F3RS4301\" target=\"_blank\">VHS<\/a>\u00a0wiedersehen. Es sind sogar noch ein paar unbekannte Namen mit auf die Teilnehmerliste dazugekommen und ich bin wirklich gespannt auf die\u00a015 gemeinsamen Abende!<\/p>\n<p style=\"text-align: left\">Wenn ich meinen Beitrag nun \u00fcberfliege, merke ich, dass ich im meinen Leben zum Gl\u00fcck mehr Gr\u00fcnde zur Freude habe als f\u00fcr\u00a0Trauer. Ich versuche daher auch weiterhin, mich auf die positiven Momente im Leben zu konzentrieren und\u00a0\u00fcber das, was mich traurig macht,\u00a0ausgiebig mit meiner Familie und Freunden zu sprechen, denn das ist nach wie vor die beste Therapie.<\/p>\n","protected":false},"excerpt":{"rendered":"<p>Derzeit komme ich sehr schnell von einer Gem\u00fctslage in die andere und diesmal liegt es nicht an meinen Hormonen, sondern eher an den begleitenden Umst\u00e4nden. Die Situation in meiner Heimat Ukraine macht mich ratlos und w\u00fctend gleichzeitig. F\u00fcr mich ist es einfach unfassbar, was dort passiert und wie rasant sich der ganze Schlamassel entwickelt hat. [&hellip;]<\/p>\n","protected":false},"author":3,"featured_media":0,"comment_status":"open","ping_status":"closed","sticky":false,"template":"","format":"standard","meta":{"ngg_post_thumbnail":0,"footnotes":""},"categories":[822,4,7,17,1],"tags":[16,908,827,797,716,172,626,429,510,33,15,921,428,564],"class_list":["post-1668","post","type-post","status-publish","format-standard","hentry","category-fotografie-und-photoshop","category-freud-und-leid","category-freunde-und-co","category-kauderwelsch-und-muttersprache","category-olca-und-stan","tag-andrea","tag-carsten-fotografieren","tag-dienstreise","tag-famile","tag-fotografieren","tag-frauentag","tag-freude","tag-mutter","tag-reise","tag-russisch","tag-stephanie","tag-trauer","tag-ukraine","tag-vhs"],"_links":{"self":[{"href":"https:\/\/www.marvinchen.de\/olgas_welt\/blog\/wp-json\/wp\/v2\/posts\/1668","targetHints":{"allow":["GET"]}}],"collection":[{"href":"https:\/\/www.marvinchen.de\/olgas_welt\/blog\/wp-json\/wp\/v2\/posts"}],"about":[{"href":"https:\/\/www.marvinchen.de\/olgas_welt\/blog\/wp-json\/wp\/v2\/types\/post"}],"author":[{"embeddable":true,"href":"https:\/\/www.marvinchen.de\/olgas_welt\/blog\/wp-json\/wp\/v2\/users\/3"}],"replies":[{"embeddable":true,"href":"https:\/\/www.marvinchen.de\/olgas_welt\/blog\/wp-json\/wp\/v2\/comments?post=1668"}],"version-history":[{"count":0,"href":"https:\/\/www.marvinchen.de\/olgas_welt\/blog\/wp-json\/wp\/v2\/posts\/1668\/revisions"}],"wp:attachment":[{"href":"https:\/\/www.marvinchen.de\/olgas_welt\/blog\/wp-json\/wp\/v2\/media?parent=1668"}],"wp:term":[{"taxonomy":"category","embeddable":true,"href":"https:\/\/www.marvinchen.de\/olgas_welt\/blog\/wp-json\/wp\/v2\/categories?post=1668"},{"taxonomy":"post_tag","embeddable":true,"href":"https:\/\/www.marvinchen.de\/olgas_welt\/blog\/wp-json\/wp\/v2\/tags?post=1668"}],"curies":[{"name":"wp","href":"https:\/\/api.w.org\/{rel}","templated":true}]}}