{"id":168,"date":"2009-08-30T21:13:56","date_gmt":"2009-08-30T19:13:56","guid":{"rendered":"http:\/\/www.marvinchen.de\/olgas_welt\/blog\/?p=168"},"modified":"2009-08-30T21:28:23","modified_gmt":"2009-08-30T19:28:23","slug":"bereit","status":"publish","type":"post","link":"https:\/\/www.marvinchen.de\/olgas_welt\/blog\/2009\/08\/bereit\/","title":{"rendered":"Bereit"},"content":{"rendered":"<p>Nach einer Woche des Betth\u00fctens f\u00fchle ich mich inzwischen so gut, dass ich mich wieder unter die Leute traue. Ich bin auch k\u00f6rperlich und geistig soweit, dass ich ab morgen auch das Telefon bedienen kann und meinen Kopf f\u00fcr die Kalkulationen und Joborganisation bei verschiedenen kleinen Projekten bereit ist.<\/p>\n<p>Es war aus verschiedenen Gr\u00fcnden nicht der perfekte Zeitpunkt um krank zu werden, aber wann ist die Zeit daf\u00fcr \u00fcberhaupt richtig &#8230;<\/p>\n<p>Heute hat mein Mann und mein gro\u00dfes Kind trotz des sch\u00f6nen Sp\u00e4tsommerwetters sich die Zeit lieber f\u00fcr mich und f\u00fcr John McClain genommen. Wir haben uns im Sommer die beiden Weihnachtsfilme (Teil 1 + 2)\u00a0aus der &#8222;Stirb Langsam&#8220;-Reihe angesehen. Andrea ist inzwischen sowohl von den Filmen als auch von Bruce Willis schwer begeistert und ich gestehe, ich teile diese Begeisterung schon seit Jahren. Sehr interessant war, dass sie Alan Rickman nicht auf Anhieb erkannt hat, dabei kennt sie ihn doch so gut aus den &#8222;Harry Potter&#8220;-Filmen. Da merkt man, wie man sich\u00a0bestimmte Schauspieler nur mit M\u00fche in einer anderen Rolle vorstellen kann.<\/p>\n<p>Einen Ausflug habe ich\u00a0auch noch\u00a0mit Andrea am Wochenende gemacht, \u00a0als Carsten zum Sommerfest seines Arbeitgebers ging &#8211;&gt; ins Kino. Wir schauten uns den Film &#8222;LOL&#8220; mit Sophie Marceau an. Ein sch\u00f6ner Streifen, besonders toll, wenn man ihn sich als Mutter mit der Teenager-Tochter\u00a0ansehen kann. Man sieht dann die Alltagssituationen aus einem etwas ver\u00e4nderten, offeneren Blickwinkel. Sehr zu empfehlen!<\/p>\n","protected":false},"excerpt":{"rendered":"<p>Nach einer Woche des Betth\u00fctens f\u00fchle ich mich inzwischen so gut, dass ich mich wieder unter die Leute traue. Ich bin auch k\u00f6rperlich und geistig soweit, dass ich ab morgen auch das Telefon bedienen kann und meinen Kopf f\u00fcr die Kalkulationen und Joborganisation bei verschiedenen kleinen Projekten bereit ist. Es war aus verschiedenen Gr\u00fcnden nicht [&hellip;]<\/p>\n","protected":false},"author":3,"featured_media":0,"comment_status":"open","ping_status":"closed","sticky":false,"template":"","format":"standard","meta":{"ngg_post_thumbnail":0,"footnotes":""},"categories":[12,4,1],"tags":[16,397,14,52,407,408,13],"class_list":["post-168","post","type-post","status-publish","format-standard","hentry","category-film-und-fernsehen","category-freud-und-leid","category-olca-und-stan","tag-andrea","tag-bruce-willis","tag-carsten","tag-film","tag-krank","tag-lol","tag-olga"],"_links":{"self":[{"href":"https:\/\/www.marvinchen.de\/olgas_welt\/blog\/wp-json\/wp\/v2\/posts\/168","targetHints":{"allow":["GET"]}}],"collection":[{"href":"https:\/\/www.marvinchen.de\/olgas_welt\/blog\/wp-json\/wp\/v2\/posts"}],"about":[{"href":"https:\/\/www.marvinchen.de\/olgas_welt\/blog\/wp-json\/wp\/v2\/types\/post"}],"author":[{"embeddable":true,"href":"https:\/\/www.marvinchen.de\/olgas_welt\/blog\/wp-json\/wp\/v2\/users\/3"}],"replies":[{"embeddable":true,"href":"https:\/\/www.marvinchen.de\/olgas_welt\/blog\/wp-json\/wp\/v2\/comments?post=168"}],"version-history":[{"count":0,"href":"https:\/\/www.marvinchen.de\/olgas_welt\/blog\/wp-json\/wp\/v2\/posts\/168\/revisions"}],"wp:attachment":[{"href":"https:\/\/www.marvinchen.de\/olgas_welt\/blog\/wp-json\/wp\/v2\/media?parent=168"}],"wp:term":[{"taxonomy":"category","embeddable":true,"href":"https:\/\/www.marvinchen.de\/olgas_welt\/blog\/wp-json\/wp\/v2\/categories?post=168"},{"taxonomy":"post_tag","embeddable":true,"href":"https:\/\/www.marvinchen.de\/olgas_welt\/blog\/wp-json\/wp\/v2\/tags?post=168"}],"curies":[{"name":"wp","href":"https:\/\/api.w.org\/{rel}","templated":true}]}}