{"id":170,"date":"2009-09-01T20:20:11","date_gmt":"2009-09-01T18:20:11","guid":{"rendered":"http:\/\/www.marvinchen.de\/olgas_welt\/blog\/?p=170"},"modified":"2009-09-02T18:54:44","modified_gmt":"2009-09-02T16:54:44","slug":"1-september","status":"publish","type":"post","link":"https:\/\/www.marvinchen.de\/olgas_welt\/blog\/2009\/09\/1-september\/","title":{"rendered":"1. September&#8230;"},"content":{"rendered":"<p>Es war 15 Jahre lang ein ganz besonderer Tag f\u00fcr mich. Ein Tag, auf welchen man sich gefreut hat und vor welchem es\u00a0einen auch etwas\u00a0gegruselt hat. In UdSSR war der 1. September n\u00e4mlich &#8222;Tag des Wissens&#8220;, was f\u00fcr alle Sch\u00fcler und Studenten hie\u00df, dass das n\u00e4chste Schul- bzw. Studienjahr losgeht. Also in meinem Fall waren es 10 Jahre in der Schule und 5 Jahre an der Uni.\u00a0<\/p>\n<p>Und nat\u00fcrlich habe ich heute wieder an die braune Schuluniform mit der festlichen wei\u00dfen Sch\u00fcrze gedacht und auch an die riesigen, wei\u00dfen Schleifen auf den K\u00f6pfen der M\u00e4dchen, sowie an das Gl\u00f6ckchen, welches ein M\u00e4dchen aus\u00a0einer der\u00a0ersten Klassen l\u00e4uten durfte und w\u00e4hrend dessen auf der Schulter eines Zehntkl\u00e4sslers sa\u00df.<\/p>\n<p>Meine Kinder verbinden das Datum eigentlich nur mit dem Beginn des Zweiten Weltkrieges.<\/p>\n<p>Irgendwie schade, dass ihnen diese lebenslange Vorfreude auf einen bestimmten Schultag fehlen wird, denn sie konnten mein melancholisches Grinsen heute gar nicht so richtig deuten. Als ich Andrea erz\u00e4hlte, was am heutigen\u00a0Tag so besonders ist fragte sich mich nur erstaunt: &#8222;Es fing\u00a0jedes Jahr am gleichen Tag an? Auch wenn es wie\u00a0jetzt ein Dienstag war?&#8220; Ja, genau so war das.\u00a0<\/p>\n<p>Ich hoffe, dass meine ehemalige Mitsch\u00fclerin, welche jetzt in der N\u00e4he von K\u00f6ln wohnt, ihr Versprechen einh\u00e4lt und uns Ende September besucht. Dann kann ich alle alten Fotos aus dem Schrank herausholen\u00a0und es wird ganz gewiss viele Leute auf dieser Welt geben, welche an dem speziellen\u00a0Wochenende Schluckauf bekommen werden \ud83d\ude09<\/p>\n","protected":false},"excerpt":{"rendered":"<p>Es war 15 Jahre lang ein ganz besonderer Tag f\u00fcr mich. Ein Tag, auf welchen man sich gefreut hat und vor welchem es\u00a0einen auch etwas\u00a0gegruselt hat. In UdSSR war der 1. September n\u00e4mlich &#8222;Tag des Wissens&#8220;, was f\u00fcr alle Sch\u00fcler und Studenten hie\u00df, dass das n\u00e4chste Schul- bzw. Studienjahr losgeht. Also in meinem Fall waren [&hellip;]<\/p>\n","protected":false},"author":3,"featured_media":0,"comment_status":"open","ping_status":"closed","sticky":false,"template":"","format":"standard","meta":{"ngg_post_thumbnail":0,"footnotes":""},"categories":[4,7,1],"tags":[16,13,87,409],"class_list":["post-170","post","type-post","status-publish","format-standard","hentry","category-freud-und-leid","category-freunde-und-co","category-olca-und-stan","tag-andrea","tag-olga","tag-schule","tag-udssr"],"_links":{"self":[{"href":"https:\/\/www.marvinchen.de\/olgas_welt\/blog\/wp-json\/wp\/v2\/posts\/170","targetHints":{"allow":["GET"]}}],"collection":[{"href":"https:\/\/www.marvinchen.de\/olgas_welt\/blog\/wp-json\/wp\/v2\/posts"}],"about":[{"href":"https:\/\/www.marvinchen.de\/olgas_welt\/blog\/wp-json\/wp\/v2\/types\/post"}],"author":[{"embeddable":true,"href":"https:\/\/www.marvinchen.de\/olgas_welt\/blog\/wp-json\/wp\/v2\/users\/3"}],"replies":[{"embeddable":true,"href":"https:\/\/www.marvinchen.de\/olgas_welt\/blog\/wp-json\/wp\/v2\/comments?post=170"}],"version-history":[{"count":0,"href":"https:\/\/www.marvinchen.de\/olgas_welt\/blog\/wp-json\/wp\/v2\/posts\/170\/revisions"}],"wp:attachment":[{"href":"https:\/\/www.marvinchen.de\/olgas_welt\/blog\/wp-json\/wp\/v2\/media?parent=170"}],"wp:term":[{"taxonomy":"category","embeddable":true,"href":"https:\/\/www.marvinchen.de\/olgas_welt\/blog\/wp-json\/wp\/v2\/categories?post=170"},{"taxonomy":"post_tag","embeddable":true,"href":"https:\/\/www.marvinchen.de\/olgas_welt\/blog\/wp-json\/wp\/v2\/tags?post=170"}],"curies":[{"name":"wp","href":"https:\/\/api.w.org\/{rel}","templated":true}]}}