{"id":172,"date":"2009-09-05T17:21:39","date_gmt":"2009-09-05T15:21:39","guid":{"rendered":"http:\/\/www.marvinchen.de\/olgas_welt\/blog\/?p=172"},"modified":"2009-09-07T12:07:19","modified_gmt":"2009-09-07T10:07:19","slug":"wochenausklang","status":"publish","type":"post","link":"https:\/\/www.marvinchen.de\/olgas_welt\/blog\/2009\/09\/wochenausklang\/","title":{"rendered":"Wochenausklang"},"content":{"rendered":"<p>Die erste Arbeitswoche nach meiner Erkrankung ist recht gut gelaufen. Am sch\u00f6nsten ist es aber nach wie vor nach getaner Arbeit das Wochenende zu geniessen.<\/p>\n<p>Diesmal ist es (bis jetzt zumindest)\u00a0voll und ganz nach meinem Geschmack. Gestern nachmittags schlenderten Carsten und ich ganz gelassen durch den Schulhof des Gymnasiums unserer Kinder, lie\u00dfen uns Bratwurst, Pommes und einige Kuchenst\u00fccke munden, unterhielten uns mit einigen Lehrern und anderen Eltern, horchten den recht lauten Kl\u00e4ngen einer der zahlreichen Schulbands und besuchten unsere Kinder bei der &#8222;Arbeit&#8220;. Stephanie hatte Dienst beim Sch\u00fclerradio und Andrea war am Tombola-Stand und hat Lose verkauft.\u00a0 Gestern gab es n\u00e4mlich\u00a0an ihrem Gymnasium den ganzen Tag keinen Unterricht, sondern man feierte Schulfest. Die M\u00e4dels blieben in der Schule nat\u00fcrlich viel l\u00e4nger als wir, immerhin hatten sie alle ihre Freunde um sich und konnten die Zeit ohne Gedanken an Hausaufgaben und Co. richtig geniessen. Leider hat Petrus die Pl\u00e4ne der Schulleitung nicht 100%-ig unterst\u00fctzt, denn abends, als ein Fackelzug geplant war, regnete es in Str\u00f6men und so wurde das Fest schon um 21:00 Uhr beendet, statt wie urspr\u00fcnglich vorgesehen um etwa 23:00 Uhr.<\/p>\n<p>Heute konnten wir ausschlafen, gem\u00fctlich 2 Stunden lang fr\u00fchst\u00fccken und quatschen, um danach auf Schuhesuche f\u00fcr die M\u00e4dels zu gehen. Die Hausschuhe der beiden waren schon seit geraumer Zeit in einem bemitleidenswerten Zustand und man sollte ihnen schon lange einen Gnadenschu\u00df geben. Sie wurden in die ewigen Lederriemchengr\u00fcnde verabschiedet als wir heute mit den Nachfolgern zu Hause ankamen. Unterwegs hielten wir au\u00dferdem an der Videothek an, um die DVD &#8222;La Boom&#8220; auszuleihen. Seit Andrea und ich &#8222;LOL&#8220; gesehen haben w\u00fcnschten wir uns auch diesen Film mit Sophie Marceau in jungen Jahren zu sehen. Heute ist der perfekte Abend daf\u00fcr!<\/p>\n","protected":false},"excerpt":{"rendered":"<p>Die erste Arbeitswoche nach meiner Erkrankung ist recht gut gelaufen. Am sch\u00f6nsten ist es aber nach wie vor nach getaner Arbeit das Wochenende zu geniessen. Diesmal ist es (bis jetzt zumindest)\u00a0voll und ganz nach meinem Geschmack. Gestern nachmittags schlenderten Carsten und ich ganz gelassen durch den Schulhof des Gymnasiums unserer Kinder, lie\u00dfen uns Bratwurst, Pommes [&hellip;]<\/p>\n","protected":false},"author":3,"featured_media":0,"comment_status":"open","ping_status":"closed","sticky":false,"template":"","format":"standard","meta":{"ngg_post_thumbnail":0,"footnotes":""},"categories":[12,4,1],"tags":[16,14,412,52,411,13,87,410,15],"class_list":["post-172","post","type-post","status-publish","format-standard","hentry","category-film-und-fernsehen","category-freud-und-leid","category-olca-und-stan","tag-andrea","tag-carsten","tag-dvd","tag-film","tag-marceau","tag-olga","tag-schule","tag-schulerradio","tag-stephanie"],"_links":{"self":[{"href":"https:\/\/www.marvinchen.de\/olgas_welt\/blog\/wp-json\/wp\/v2\/posts\/172","targetHints":{"allow":["GET"]}}],"collection":[{"href":"https:\/\/www.marvinchen.de\/olgas_welt\/blog\/wp-json\/wp\/v2\/posts"}],"about":[{"href":"https:\/\/www.marvinchen.de\/olgas_welt\/blog\/wp-json\/wp\/v2\/types\/post"}],"author":[{"embeddable":true,"href":"https:\/\/www.marvinchen.de\/olgas_welt\/blog\/wp-json\/wp\/v2\/users\/3"}],"replies":[{"embeddable":true,"href":"https:\/\/www.marvinchen.de\/olgas_welt\/blog\/wp-json\/wp\/v2\/comments?post=172"}],"version-history":[{"count":0,"href":"https:\/\/www.marvinchen.de\/olgas_welt\/blog\/wp-json\/wp\/v2\/posts\/172\/revisions"}],"wp:attachment":[{"href":"https:\/\/www.marvinchen.de\/olgas_welt\/blog\/wp-json\/wp\/v2\/media?parent=172"}],"wp:term":[{"taxonomy":"category","embeddable":true,"href":"https:\/\/www.marvinchen.de\/olgas_welt\/blog\/wp-json\/wp\/v2\/categories?post=172"},{"taxonomy":"post_tag","embeddable":true,"href":"https:\/\/www.marvinchen.de\/olgas_welt\/blog\/wp-json\/wp\/v2\/tags?post=172"}],"curies":[{"name":"wp","href":"https:\/\/api.w.org\/{rel}","templated":true}]}}