{"id":173,"date":"2009-09-07T07:33:38","date_gmt":"2009-09-07T05:33:38","guid":{"rendered":"http:\/\/www.marvinchen.de\/olgas_welt\/blog\/?p=173"},"modified":"2009-09-07T12:22:35","modified_gmt":"2009-09-07T10:22:35","slug":"franzosische-filme","status":"publish","type":"post","link":"https:\/\/www.marvinchen.de\/olgas_welt\/blog\/2009\/09\/franzosische-filme\/","title":{"rendered":"Franz\u00f6sische Filme"},"content":{"rendered":"<p>Irgendwie\u00a0hat sich das ergeben, dass\u00a0das vergangene Wochenende voll und ganz der franz\u00f6sischen Filmkunst gewidmet wurde.<\/p>\n<p>Am Samstag nachmittags schauten wir uns &#8222;La Boom &#8211; Die Fete&#8220; an, fanden aber das Ende etwas verwirrend. Daher machten Carsten und ich uns noch kurzentschlossen auf den Weg in die Videothek, um den zweiten Teil zu besorgen. Dazu haben wir fast im Vorbeigehen noch eine andere DVD mitgenommen, \u00fcber welche wir uns vor Kurzem unterhielten -&#8222;Willkommen bei den Sch&#8217;ties&#8220;.<\/p>\n<p>Ehrlich gesagt, auch der zweite\u00a0Teil\u00a0mit der jungen Sophie Marceau als Vic\u00a0hat unsere Herzen nicht erobern k\u00f6nnen. Nur die Urgro\u00dfmutter von ihr war absolute Klasse!<\/p>\n<p>Um so mehr am\u00fcsierten wir uns beim\u00a0zweiten mitdenommenen Film, der sich mit den Klischees der Franzosen aus dem S\u00fcden \u00fcber ihre Mitmenschen im Norden auseinandersetzt. F\u00fcr die &#8222;S\u00fcdfranzosen&#8220; ist\u00a0eine Versetzung in den Norden n\u00e4mlich vergleichbar mit\u00a0Verbannung nach Sibirien. Dort\u00a0 ist es in ihrer Vorstellung unglaublich kalt, unfreundlich und die Leute dort sind &#8211; sagen wir es so &#8211; einfach gestrickt. Als Philippe, die Hauptfigur,\u00a0doch in Bergues ankommen stellt er vorerst fest, dass er die Leute gar nicht verstehen kann, aber das \u00e4ndert sich in K\u00fcrze und die Herzlichkeit der Einwohner\u00a0des kleinen St\u00e4dchens in der N\u00e4he von Lille erobert ihn m\u00fchelos. Nur schade, dass niemand im S\u00fcden ihm glauben m\u00f6chte, dass man auch im Norden gut leben kann. Also h\u00e4lt der die ganzen Klischees aufrecht und bekommt viel Mitleid von seiner Familie und Freunden an den Heim-Wochenenden. Aber als seine Frau sich entschliesst, ihn in den Norden zu begleiten, kommt der quirlige Postfilialendirektor in Schwierigkeiten, denn nun w\u00fcrde sein L\u00fcgengeb\u00e4ude einst\u00fcrzen &#8230;<\/p>\n<p>Viel mehr m\u00f6chte ich an dieser Stelle lieber nicht verraten, sondern den Film einfach zum Anschauen empfehlen, denn er ist absolut sehenswert!<\/p>\n","protected":false},"excerpt":{"rendered":"<p>Irgendwie\u00a0hat sich das ergeben, dass\u00a0das vergangene Wochenende voll und ganz der franz\u00f6sischen Filmkunst gewidmet wurde. Am Samstag nachmittags schauten wir uns &#8222;La Boom &#8211; Die Fete&#8220; an, fanden aber das Ende etwas verwirrend. Daher machten Carsten und ich uns noch kurzentschlossen auf den Weg in die Videothek, um den zweiten Teil zu besorgen. Dazu haben [&hellip;]<\/p>\n","protected":false},"author":3,"featured_media":0,"comment_status":"open","ping_status":"closed","sticky":false,"template":"","format":"standard","meta":{"ngg_post_thumbnail":0,"footnotes":""},"categories":[12,1],"tags":[16,14,412,52,411,13,413,15],"class_list":["post-173","post","type-post","status-publish","format-standard","hentry","category-film-und-fernsehen","category-olca-und-stan","tag-andrea","tag-carsten","tag-dvd","tag-film","tag-marceau","tag-olga","tag-schties","tag-stephanie"],"_links":{"self":[{"href":"https:\/\/www.marvinchen.de\/olgas_welt\/blog\/wp-json\/wp\/v2\/posts\/173","targetHints":{"allow":["GET"]}}],"collection":[{"href":"https:\/\/www.marvinchen.de\/olgas_welt\/blog\/wp-json\/wp\/v2\/posts"}],"about":[{"href":"https:\/\/www.marvinchen.de\/olgas_welt\/blog\/wp-json\/wp\/v2\/types\/post"}],"author":[{"embeddable":true,"href":"https:\/\/www.marvinchen.de\/olgas_welt\/blog\/wp-json\/wp\/v2\/users\/3"}],"replies":[{"embeddable":true,"href":"https:\/\/www.marvinchen.de\/olgas_welt\/blog\/wp-json\/wp\/v2\/comments?post=173"}],"version-history":[{"count":0,"href":"https:\/\/www.marvinchen.de\/olgas_welt\/blog\/wp-json\/wp\/v2\/posts\/173\/revisions"}],"wp:attachment":[{"href":"https:\/\/www.marvinchen.de\/olgas_welt\/blog\/wp-json\/wp\/v2\/media?parent=173"}],"wp:term":[{"taxonomy":"category","embeddable":true,"href":"https:\/\/www.marvinchen.de\/olgas_welt\/blog\/wp-json\/wp\/v2\/categories?post=173"},{"taxonomy":"post_tag","embeddable":true,"href":"https:\/\/www.marvinchen.de\/olgas_welt\/blog\/wp-json\/wp\/v2\/tags?post=173"}],"curies":[{"name":"wp","href":"https:\/\/api.w.org\/{rel}","templated":true}]}}