{"id":1735,"date":"2014-04-07T20:05:40","date_gmt":"2014-04-07T18:05:40","guid":{"rendered":"http:\/\/www.marvinchen.de\/olgas_welt\/blog\/?p=1735"},"modified":"2014-04-07T20:05:40","modified_gmt":"2014-04-07T18:05:40","slug":"garten-im-fruehling","status":"publish","type":"post","link":"https:\/\/www.marvinchen.de\/olgas_welt\/blog\/2014\/04\/garten-im-fruehling\/","title":{"rendered":"Garten im Fr\u00fchling"},"content":{"rendered":"<p>Irgendwie kam der Fr\u00fchling in diesem Jahr so schnell und unerwartet. Letztes Jahr hat man wesentlich l\u00e4nger auf ihn gewartet. Ja, ich weiss, ich weiss, man soll dar\u00fcber lieber nicht klagen, da nun alles bl\u00fcht und so erfrischend gr\u00fcn ist &#8230;\u00a0es sei denn man hat mit dem Heuschnupfen zu k\u00e4mpfen \u00a0\u00a0 \ud83d\ude09<\/p>\n<p>Auch ich geniesse die\u00a0\u00fcberall bl\u00fchenden B\u00e4ume vom Herzen, aber einen Wermutstropfen bringt der Fr\u00fchling f\u00fcr einen H\u00e4uslebesitzer mit angrenzendem Grundst\u00fcck doch mit: der Garten will gepflegt werden. Ich habe das Gef\u00fchl, in meiner unmittelbaren Nachbarschaft die einzige Familie zu sein, bei welcher beide noch 40 Std. die Woche arbeiten gehen. Oder meine Nachbarschaft hat heimlich G\u00e4rtner angestellt. Oder die Gartenzwerge sind zum Leben erweckt worden und pflegen nun fleissig. Auf jeden Fall sind\u00a0die B\u00e4ume der Nachbarn sch\u00f6n geschnitten, zu den ordentlich in Reih und Glied\u00a0gewachsenen Fr\u00fchjahrsbl\u00fchern sind noch etliche bunte Flecke aus der G\u00e4rtnerei dazu gekommen und auch der Rasen ist vorbildlich gem\u00e4ht. Wir hinken da traditionell eigentlich schon immer hinterher.<\/p>\n<p>Aber ab heutigen Nachmittag geh\u00f6ren auch wir dazu, denn unser Rasen hat seinen ersten Schnitt des Jahres erhalten! Au\u00dferdem\u00a0erhielten etliche L\u00f6wenz\u00e4hne eine kr\u00e4ftige Wurzelbehandlung und auch der Bestand an erfrorenen und ausgetrockneten \u00c4sten in unserem Garten ist nun stark dezimiert. Alles treibt nun schon von ganz allein wie verr\u00fcckt &#8211; der Fr\u00fchling kommt eben in jeden Garten, unabh\u00e4ngig davon wie stark man dessen Pflege betreibt\u00a0\u00a0\u00a0 \ud83d\ude09<\/p>\n<p>Aber pssst, ich erfreue mich wie immer am st\u00e4rksten an meiner Magnolie &#8211; sie ist einfach nur bezaubernd und dabei so pflegeleicht!<\/p>\n<p style=\"text-align: center;\"><a href=\"https:\/\/www.marvinchen.de\/olgas_welt\/blog\/wp-content\/uploads\/2014\/04\/Fr\u00fchling-im-Garten.jpg\"><img loading=\"lazy\" decoding=\"async\" class=\"aligncenter  wp-image-1736\" alt=\"Fr\u00fchling-im-Garten\" src=\"https:\/\/www.marvinchen.de\/olgas_welt\/blog\/wp-content\/uploads\/2014\/04\/Fr\u00fchling-im-Garten.jpg\" width=\"560\" height=\"373\" srcset=\"https:\/\/www.marvinchen.de\/olgas_welt\/blog\/wp-content\/uploads\/2014\/04\/Fr\u00fchling-im-Garten.jpg 800w, https:\/\/www.marvinchen.de\/olgas_welt\/blog\/wp-content\/uploads\/2014\/04\/Fr\u00fchling-im-Garten-300x199.jpg 300w\" sizes=\"auto, (max-width: 560px) 100vw, 560px\" \/><\/a><\/p>\n","protected":false},"excerpt":{"rendered":"<p>Irgendwie kam der Fr\u00fchling in diesem Jahr so schnell und unerwartet. Letztes Jahr hat man wesentlich l\u00e4nger auf ihn gewartet. Ja, ich weiss, ich weiss, man soll dar\u00fcber lieber nicht klagen, da nun alles bl\u00fcht und so erfrischend gr\u00fcn ist &#8230;\u00a0es sei denn man hat mit dem Heuschnupfen zu k\u00e4mpfen \u00a0\u00a0 \ud83d\ude09 Auch ich geniesse [&hellip;]<\/p>\n","protected":false},"author":3,"featured_media":0,"comment_status":"open","ping_status":"closed","sticky":false,"template":"","format":"standard","meta":{"ngg_post_thumbnail":0,"footnotes":""},"categories":[6,4,1],"tags":[930,929,14,345,241,783,479,13],"class_list":["post-1735","post","type-post","status-publish","format-standard","hentry","category-ackern-und-werkeln","category-freud-und-leid","category-olca-und-stan","tag-bluehen","tag-blume","tag-carsten","tag-fruhling","tag-garten","tag-gartenarbeit","tag-nachbarn","tag-olga"],"_links":{"self":[{"href":"https:\/\/www.marvinchen.de\/olgas_welt\/blog\/wp-json\/wp\/v2\/posts\/1735","targetHints":{"allow":["GET"]}}],"collection":[{"href":"https:\/\/www.marvinchen.de\/olgas_welt\/blog\/wp-json\/wp\/v2\/posts"}],"about":[{"href":"https:\/\/www.marvinchen.de\/olgas_welt\/blog\/wp-json\/wp\/v2\/types\/post"}],"author":[{"embeddable":true,"href":"https:\/\/www.marvinchen.de\/olgas_welt\/blog\/wp-json\/wp\/v2\/users\/3"}],"replies":[{"embeddable":true,"href":"https:\/\/www.marvinchen.de\/olgas_welt\/blog\/wp-json\/wp\/v2\/comments?post=1735"}],"version-history":[{"count":0,"href":"https:\/\/www.marvinchen.de\/olgas_welt\/blog\/wp-json\/wp\/v2\/posts\/1735\/revisions"}],"wp:attachment":[{"href":"https:\/\/www.marvinchen.de\/olgas_welt\/blog\/wp-json\/wp\/v2\/media?parent=1735"}],"wp:term":[{"taxonomy":"category","embeddable":true,"href":"https:\/\/www.marvinchen.de\/olgas_welt\/blog\/wp-json\/wp\/v2\/categories?post=1735"},{"taxonomy":"post_tag","embeddable":true,"href":"https:\/\/www.marvinchen.de\/olgas_welt\/blog\/wp-json\/wp\/v2\/tags?post=1735"}],"curies":[{"name":"wp","href":"https:\/\/api.w.org\/{rel}","templated":true}]}}