{"id":179,"date":"2009-09-13T18:59:41","date_gmt":"2009-09-13T16:59:41","guid":{"rendered":"http:\/\/www.marvinchen.de\/olgas_welt\/blog\/?p=179"},"modified":"2009-09-13T20:33:50","modified_gmt":"2009-09-13T18:33:50","slug":"aliens-und-pantomime","status":"publish","type":"post","link":"https:\/\/www.marvinchen.de\/olgas_welt\/blog\/2009\/09\/aliens-und-pantomime\/","title":{"rendered":"Aliens und Pantomime"},"content":{"rendered":"<p>Dieses Wochenende hat mir selber erneut bewiesen, dass meine Interessen wirklich weit gef\u00e4chert sind. Zumindest sehe ich das so.<\/p>\n<p>Freitagabend, nach der recht friedlichen und \u00fcberraschenderweise kurzen Eigent\u00fcmerversammlung, schafften es Carsten und ich noch zu der 20:15-Vorstellung\u00a0ins Kino. Da wir im Vorfeld nicht wussten, wie lange die Versammlung dauern wird, hatten wir uns schon\u00a0Plan B zurechtgelegt: 23:00 Uhr, wobei das f\u00fcr mich schon eine recht\u00a0kritische Zeit w\u00e4re. Auf jeden Fall sa\u00dfen\u00a0wir\u00a0p\u00fcnklicht zum Anfang des Films &#8222;District 9&#8220;. Schon die Kinotrailer fand ich sehr interessant und der Streifen hat mich nicht entt\u00e4uscht. Allein die Vorstellung, dass in S\u00fcdafrika 1 Mio. Aliens in einem Auffanglager bleiben m\u00fcssen fand ich \u00fcberw\u00e4ltigend. Es ging in der Geschicht um Ausgrenzung, um Ideale und\u00a0um Verst\u00e4ndnis f\u00fcr diejenigen,\u00a0die absolut anders sind als man selbst. Aber auch um die Brutalit\u00e4t der Konzerne, wenn es darum geht, neue Waffen in den Umlauf zu bringen. Das Ende ist offen &#8211;\u00a0ich sch\u00e4tze, Teil II ist nicht ausgeschlossen. Die Art der Erz\u00e4hlung fand ich faszinierend, denn die Geschichte ist aufgebaut wie eine Dokumentation, mit Interviews, Meinungsumfragen auf der Stra\u00dfe und \u00dcberwachungskameraausschnitten. Man bekommt das Gef\u00fchl vermittelt, dass es alles wirklich passiert ist! Allerdings fanden Carsten und ich, dass man die FSK 16 zurecht verliehen hat. An manchen Stellen kam uns sogar der Gedanke, dass vielleicht auch FSK 18 noch passender w\u00e4re. Nicht desto trotz ist das ein Film, welcher zum Nachdenken anregt und das fand ich richtig gut.<\/p>\n<p>So brutal der Freitagabend war, so witzig und lustig wurde\u00a0der Abend danach. Ich traf mich mit Anna, meiner Lieblingsfreundin, und mit ihrer Schwester, um den Tag der offenen T\u00fcr im Schauspielhaus mitzuerleben. Wir suchten uns aus dem Programm ein paar interessante Veranstaltungen aus\u00a0und zogen los durch das gro\u00dfe, zum Teil recht un\u00fcbersichtliche Theater, um die passenden Orte zu finden. Wir warteten etliche Minuten, bis wir zu einer Show konnten, welche uns wirklich interessiert hat. Es ging dort vorrangig um Pantomime. Aber das Warten hat sich gelohnt! Wir hatten wirklich enorm viel Spa\u00df an den Auftritten der Dresdner Schauspieler, u.a. Rainer K\u00f6nig, welcher den Prolog aus dem St\u00fcck &#8222;Faust ohne Worte&#8220; auf die B\u00fchne brachte (hier mehr dar\u00fcber: <a href=\"http:\/\/www.faust-ohne-worte.de\" target=\"_blank\">http:\/\/www.faust-ohne-worte.de<\/a>) aber auch die Auftritte der G\u00e4ste aus den USA und aus Frankreich waren umwerfend! Zum Schlu\u00df g\u00f6nnten wir uns noch einen, zum Gl\u00fcck nicht zu ernst nehmenden, Monolog \u00fcber den Strategieaufbau mehr Besucher ins Theater zu bekommen und verzogen uns anschlie\u00dfend in &#8222;Bussmanns Brasil&#8220;, um einen K\u00e4ffchen zu trinken und uns \u00fcber\u00a0all das zu unterhalten, was seit unserem letzten Treffen alles passiert ist.\u00a0<\/p>\n<p>Nach Hause kam ich mit schmerzenden Kiefer, denn wir haben wirklich wahnsinnig viel gelacht, da jede von uns ein paar gute Geschichten auf\u00a0Lager hatte.\u00a0\u00a0Ganz nebenbei haben wir uns noch verabredet zusammen im Kino &#8222;Die Frau eines Zeitreisenden&#8220; anzusehen. Ich sch\u00e4tze, das k\u00f6nnte in 2-3 Wochen soweit sein und freue mich schon enorm auf diesen Ausflug!<\/p>\n","protected":false},"excerpt":{"rendered":"<p>Dieses Wochenende hat mir selber erneut bewiesen, dass meine Interessen wirklich weit gef\u00e4chert sind. Zumindest sehe ich das so. Freitagabend, nach der recht friedlichen und \u00fcberraschenderweise kurzen Eigent\u00fcmerversammlung, schafften es Carsten und ich noch zu der 20:15-Vorstellung\u00a0ins Kino. Da wir im Vorfeld nicht wussten, wie lange die Versammlung dauern wird, hatten wir uns schon\u00a0Plan B [&hellip;]<\/p>\n","protected":false},"author":3,"featured_media":0,"comment_status":"open","ping_status":"closed","sticky":false,"template":"","format":"standard","meta":{"ngg_post_thumbnail":0,"footnotes":""},"categories":[12,7,1],"tags":[56,14,52,420,13,419],"class_list":["post-179","post","type-post","status-publish","format-standard","hentry","category-film-und-fernsehen","category-freunde-und-co","category-olca-und-stan","tag-anna","tag-carsten","tag-film","tag-lachen","tag-olga","tag-schauspielhaus"],"_links":{"self":[{"href":"https:\/\/www.marvinchen.de\/olgas_welt\/blog\/wp-json\/wp\/v2\/posts\/179","targetHints":{"allow":["GET"]}}],"collection":[{"href":"https:\/\/www.marvinchen.de\/olgas_welt\/blog\/wp-json\/wp\/v2\/posts"}],"about":[{"href":"https:\/\/www.marvinchen.de\/olgas_welt\/blog\/wp-json\/wp\/v2\/types\/post"}],"author":[{"embeddable":true,"href":"https:\/\/www.marvinchen.de\/olgas_welt\/blog\/wp-json\/wp\/v2\/users\/3"}],"replies":[{"embeddable":true,"href":"https:\/\/www.marvinchen.de\/olgas_welt\/blog\/wp-json\/wp\/v2\/comments?post=179"}],"version-history":[{"count":0,"href":"https:\/\/www.marvinchen.de\/olgas_welt\/blog\/wp-json\/wp\/v2\/posts\/179\/revisions"}],"wp:attachment":[{"href":"https:\/\/www.marvinchen.de\/olgas_welt\/blog\/wp-json\/wp\/v2\/media?parent=179"}],"wp:term":[{"taxonomy":"category","embeddable":true,"href":"https:\/\/www.marvinchen.de\/olgas_welt\/blog\/wp-json\/wp\/v2\/categories?post=179"},{"taxonomy":"post_tag","embeddable":true,"href":"https:\/\/www.marvinchen.de\/olgas_welt\/blog\/wp-json\/wp\/v2\/tags?post=179"}],"curies":[{"name":"wp","href":"https:\/\/api.w.org\/{rel}","templated":true}]}}