{"id":181,"date":"2009-09-14T21:21:05","date_gmt":"2009-09-14T19:21:05","guid":{"rendered":"http:\/\/www.marvinchen.de\/olgas_welt\/blog\/?p=181"},"modified":"2009-09-14T21:24:35","modified_gmt":"2009-09-14T19:24:35","slug":"schalom","status":"publish","type":"post","link":"https:\/\/www.marvinchen.de\/olgas_welt\/blog\/2009\/09\/schalom\/","title":{"rendered":"\u05e9\u05dc\u05d5\u05dd"},"content":{"rendered":"<p>Schalom, Schalom!<\/p>\n<p>Nach den\u00a0recht intensiven anderthalb Stunden zum Einstieg ins neue Unterrichtsjahr ist mein Kopf vorerst randvoll mit hebr\u00e4ischen Vokabeln gef\u00fcllt. \ud83d\ude42<\/p>\n<p>Ich freue mich schon auf die n\u00e4chsten Wochen und Monate, denn ich hoffe, jetzt nicht nur Lesen zu lernen, sondern auch meinen Wortschatz ausbauen zu k\u00f6nnen und nat\u00fcrlich einen tieferen Einblick in die geheimnisvolle Grammatik zu bekommen.<\/p>\n<p>Ich habe mich au\u00dferdem sehr gefreut, dass ich dieses Jahr genau so viel bezahle wie im letzten,\u00a0die Gegenleistung daf\u00fcr aber gestiegen ist. F\u00fcr den gleichen Betrag geniesse ich zwei Monate mehr Unterricht in einer kleineren Gruppe!<\/p>\n","protected":false},"excerpt":{"rendered":"<p>Schalom, Schalom! Nach den\u00a0recht intensiven anderthalb Stunden zum Einstieg ins neue Unterrichtsjahr ist mein Kopf vorerst randvoll mit hebr\u00e4ischen Vokabeln gef\u00fcllt. \ud83d\ude42 Ich freue mich schon auf die n\u00e4chsten Wochen und Monate, denn ich hoffe, jetzt nicht nur Lesen zu lernen, sondern auch meinen Wortschatz ausbauen zu k\u00f6nnen und nat\u00fcrlich einen tieferen Einblick in die [&hellip;]<\/p>\n","protected":false},"author":3,"featured_media":0,"comment_status":"open","ping_status":"closed","sticky":false,"template":"","format":"standard","meta":{"ngg_post_thumbnail":0,"footnotes":""},"categories":[4,17],"tags":[274,13,421,422],"class_list":["post-181","post","type-post","status-publish","format-standard","hentry","category-freud-und-leid","category-kauderwelsch-und-muttersprache","tag-hebraisch","tag-olga","tag-sprache","tag-unterricht"],"_links":{"self":[{"href":"https:\/\/www.marvinchen.de\/olgas_welt\/blog\/wp-json\/wp\/v2\/posts\/181","targetHints":{"allow":["GET"]}}],"collection":[{"href":"https:\/\/www.marvinchen.de\/olgas_welt\/blog\/wp-json\/wp\/v2\/posts"}],"about":[{"href":"https:\/\/www.marvinchen.de\/olgas_welt\/blog\/wp-json\/wp\/v2\/types\/post"}],"author":[{"embeddable":true,"href":"https:\/\/www.marvinchen.de\/olgas_welt\/blog\/wp-json\/wp\/v2\/users\/3"}],"replies":[{"embeddable":true,"href":"https:\/\/www.marvinchen.de\/olgas_welt\/blog\/wp-json\/wp\/v2\/comments?post=181"}],"version-history":[{"count":0,"href":"https:\/\/www.marvinchen.de\/olgas_welt\/blog\/wp-json\/wp\/v2\/posts\/181\/revisions"}],"wp:attachment":[{"href":"https:\/\/www.marvinchen.de\/olgas_welt\/blog\/wp-json\/wp\/v2\/media?parent=181"}],"wp:term":[{"taxonomy":"category","embeddable":true,"href":"https:\/\/www.marvinchen.de\/olgas_welt\/blog\/wp-json\/wp\/v2\/categories?post=181"},{"taxonomy":"post_tag","embeddable":true,"href":"https:\/\/www.marvinchen.de\/olgas_welt\/blog\/wp-json\/wp\/v2\/tags?post=181"}],"curies":[{"name":"wp","href":"https:\/\/api.w.org\/{rel}","templated":true}]}}