{"id":183,"date":"2009-09-16T07:20:27","date_gmt":"2009-09-16T05:20:27","guid":{"rendered":"http:\/\/www.marvinchen.de\/olgas_welt\/blog\/?p=183"},"modified":"2009-09-17T17:24:36","modified_gmt":"2009-09-17T15:24:36","slug":"schock-des-morgens","status":"publish","type":"post","link":"https:\/\/www.marvinchen.de\/olgas_welt\/blog\/2009\/09\/schock-des-morgens\/","title":{"rendered":"Schock des Morgens"},"content":{"rendered":"<p>Heute Morgen schaute ich kurz aus meinem K\u00fcchenfenster auf die Stra\u00dfe und war entsetzt. Ich konnte nicht mehr klar sehen, was auf der gegen\u00fcberliegenden Seite ist! Erster Gedanke im Kopf : &#8222;Oh Gott, es ist wohl h\u00f6chste Zeit wieder mal die Fenster zu putzen!&#8220;<\/p>\n<p>Zum Gl\u00fcck liegt diese unklare Sicht nicht an meinem Fenster, sondern am Fr\u00fchnebel. Ich sollte mich wohl jetzt daran gew\u00f6hnen, dass der Sommer endg\u00fcltig vorbei ist und der Herbst mit\u00a0gro\u00dfen Schritten auf uns zukommt. Hoffentlich wird es auch in diesem Jahr ein sch\u00f6ner goldener wie im letzten\u00a0und nicht wie sonst ein grau-verregneter. Ich sch\u00e4tze, an einem sonnigen Tag werde ich mal wieder meine Digicam in die Arbeitstasche legen, um in der Mittagspause durch die Umgebung der Firma zu laufen und die strahlende gelb-rote Laubf\u00e4rbung fotografieren.<\/p>\n","protected":false},"excerpt":{"rendered":"<p>Heute Morgen schaute ich kurz aus meinem K\u00fcchenfenster auf die Stra\u00dfe und war entsetzt. Ich konnte nicht mehr klar sehen, was auf der gegen\u00fcberliegenden Seite ist! Erster Gedanke im Kopf : &#8222;Oh Gott, es ist wohl h\u00f6chste Zeit wieder mal die Fenster zu putzen!&#8220; Zum Gl\u00fcck liegt diese unklare Sicht nicht an meinem Fenster, sondern [&hellip;]<\/p>\n","protected":false},"author":3,"featured_media":0,"comment_status":"open","ping_status":"closed","sticky":false,"template":"","format":"standard","meta":{"ngg_post_thumbnail":0,"footnotes":""},"categories":[4,1],"tags":[423,270,13],"class_list":["post-183","post","type-post","status-publish","format-standard","hentry","category-freud-und-leid","category-olca-und-stan","tag-fenster","tag-herbst","tag-olga"],"_links":{"self":[{"href":"https:\/\/www.marvinchen.de\/olgas_welt\/blog\/wp-json\/wp\/v2\/posts\/183","targetHints":{"allow":["GET"]}}],"collection":[{"href":"https:\/\/www.marvinchen.de\/olgas_welt\/blog\/wp-json\/wp\/v2\/posts"}],"about":[{"href":"https:\/\/www.marvinchen.de\/olgas_welt\/blog\/wp-json\/wp\/v2\/types\/post"}],"author":[{"embeddable":true,"href":"https:\/\/www.marvinchen.de\/olgas_welt\/blog\/wp-json\/wp\/v2\/users\/3"}],"replies":[{"embeddable":true,"href":"https:\/\/www.marvinchen.de\/olgas_welt\/blog\/wp-json\/wp\/v2\/comments?post=183"}],"version-history":[{"count":0,"href":"https:\/\/www.marvinchen.de\/olgas_welt\/blog\/wp-json\/wp\/v2\/posts\/183\/revisions"}],"wp:attachment":[{"href":"https:\/\/www.marvinchen.de\/olgas_welt\/blog\/wp-json\/wp\/v2\/media?parent=183"}],"wp:term":[{"taxonomy":"category","embeddable":true,"href":"https:\/\/www.marvinchen.de\/olgas_welt\/blog\/wp-json\/wp\/v2\/categories?post=183"},{"taxonomy":"post_tag","embeddable":true,"href":"https:\/\/www.marvinchen.de\/olgas_welt\/blog\/wp-json\/wp\/v2\/tags?post=183"}],"curies":[{"name":"wp","href":"https:\/\/api.w.org\/{rel}","templated":true}]}}