{"id":186,"date":"2009-09-29T07:15:43","date_gmt":"2009-09-29T05:15:43","guid":{"rendered":"http:\/\/www.marvinchen.de\/olgas_welt\/blog\/?p=186"},"modified":"2009-09-29T10:07:38","modified_gmt":"2009-09-29T08:07:38","slug":"arbeiten-und-entspannen","status":"publish","type":"post","link":"https:\/\/www.marvinchen.de\/olgas_welt\/blog\/2009\/09\/arbeiten-und-entspannen\/","title":{"rendered":"Arbeiten und entspannen"},"content":{"rendered":"<p>Naja, eigentlich passiert es in der letzten Zeit\u00a0\u00f6fter, dass wir arbeiten und seltener, dass wir uns entspannen. Wir haben uns alle reichlich mit Nachmittagsterminen eingedeckt, um uns weiter zu bilden oder in Form zu halten, da kommt man nicht immer zur Ruhe.<\/p>\n<p>Das Ergebnis daraus: Am Samstag, beim strahlenden Sonnenschein und an einem kinderfreien Wochenende haben Carsten und ich Rasen gem\u00e4ht, 2 Ladungen W\u00e4sche sauber gemacht und drau\u00dfen aufgehangen, neue DECT-Telefone bei MediaMarkt besorgt, Mittagessen gekocht und vernichtet &#8211; danach wollten wir uns nur ein kleines Mittagsschl\u00e4fchen g\u00f6nnen &#8230; am Ende\u00a0sind es 3 Stunden geworden!\u00a0Um 6 Uhr abends bin ich aufgesprungen, um die W\u00e4sche abzunehmen, bevor die Sonne untergeht und alle trockenen Sachen wieder klamm werden.<\/p>\n<p>Ich hoffe, es wird im Oktober schon ein wenig besser, da wir eine Woche Urlaub haben und ab November kann ich zwei Nachmittagstermine auf einen Tag legen und so einen freien Abend gewinnen.<\/p>\n<p>Sollte noch jemand sagen, dass Familien ihre Zeiten nicht managen und ihre Termine nicht optimieren\u00a0k\u00f6nnen!<\/p>\n","protected":false},"excerpt":{"rendered":"<p>Naja, eigentlich passiert es in der letzten Zeit\u00a0\u00f6fter, dass wir arbeiten und seltener, dass wir uns entspannen. Wir haben uns alle reichlich mit Nachmittagsterminen eingedeckt, um uns weiter zu bilden oder in Form zu halten, da kommt man nicht immer zur Ruhe. Das Ergebnis daraus: Am Samstag, beim strahlenden Sonnenschein und an einem kinderfreien Wochenende [&hellip;]<\/p>\n","protected":false},"author":3,"featured_media":0,"comment_status":"open","ping_status":"closed","sticky":false,"template":"","format":"standard","meta":{"ngg_post_thumbnail":0,"footnotes":""},"categories":[6,4,1],"tags":[252,14,13,425,426,400],"class_list":["post-186","post","type-post","status-publish","format-standard","hentry","category-ackern-und-werkeln","category-freud-und-leid","category-olca-und-stan","tag-arbeit","tag-carsten","tag-olga","tag-termine","tag-wasche","tag-zeit"],"_links":{"self":[{"href":"https:\/\/www.marvinchen.de\/olgas_welt\/blog\/wp-json\/wp\/v2\/posts\/186","targetHints":{"allow":["GET"]}}],"collection":[{"href":"https:\/\/www.marvinchen.de\/olgas_welt\/blog\/wp-json\/wp\/v2\/posts"}],"about":[{"href":"https:\/\/www.marvinchen.de\/olgas_welt\/blog\/wp-json\/wp\/v2\/types\/post"}],"author":[{"embeddable":true,"href":"https:\/\/www.marvinchen.de\/olgas_welt\/blog\/wp-json\/wp\/v2\/users\/3"}],"replies":[{"embeddable":true,"href":"https:\/\/www.marvinchen.de\/olgas_welt\/blog\/wp-json\/wp\/v2\/comments?post=186"}],"version-history":[{"count":0,"href":"https:\/\/www.marvinchen.de\/olgas_welt\/blog\/wp-json\/wp\/v2\/posts\/186\/revisions"}],"wp:attachment":[{"href":"https:\/\/www.marvinchen.de\/olgas_welt\/blog\/wp-json\/wp\/v2\/media?parent=186"}],"wp:term":[{"taxonomy":"category","embeddable":true,"href":"https:\/\/www.marvinchen.de\/olgas_welt\/blog\/wp-json\/wp\/v2\/categories?post=186"},{"taxonomy":"post_tag","embeddable":true,"href":"https:\/\/www.marvinchen.de\/olgas_welt\/blog\/wp-json\/wp\/v2\/tags?post=186"}],"curies":[{"name":"wp","href":"https:\/\/api.w.org\/{rel}","templated":true}]}}