{"id":188,"date":"2009-09-30T08:58:45","date_gmt":"2009-09-30T06:58:45","guid":{"rendered":"http:\/\/www.marvinchen.de\/olgas_welt\/blog\/?p=188"},"modified":"2009-09-30T10:21:04","modified_gmt":"2009-09-30T08:21:04","slug":"unser-geburtstagsprogramm","status":"publish","type":"post","link":"https:\/\/www.marvinchen.de\/olgas_welt\/blog\/2009\/09\/unser-geburtstagsprogramm\/","title":{"rendered":"Unser Geburtstagsprogramm&#8230;"},"content":{"rendered":"<p>&#8230;tr\u00e4gt diesen Namen inzwischen etwas zu Unrecht. Denn heute erinnerte es mich an den Todestag meines Vaters.<\/p>\n<p>Er ist vor zwei Jahren eingeschlafen, nachdem der Hautkrebs ihn besiegt hat. Ich sch\u00e4tze, dass ich heute nicht sonderlich konzentriert bei allem sein werde, was ich tun muss, denn nat\u00fcrlich geht mir Einiges durch den Kopf, was ihn betrifft.<\/p>\n<p>Es mag seltsam klingen, aber er hat in meinem Leben eine wichtigere Rolle gespielt als meine Mutter. Mit ihm habe ich die Zeit bis zur Einschulung verbracht, denn meine Eltern wollten nicht, dass ich in einen Kindergarten gehe. Ich erinnere mich an viele kleine Momente, welche wie einzelne Puzzelteile in meinem Kopf abgelegt sind. F\u00fcr manch eine Tat sch\u00e4me ich ich mich noch heute vor ihm, aber die \u00fcberwiegende Mehrheit zeigt mir immer wieder, dass ich mit ihm eine wirklich gl\u00fcckliche\u00a0Kindheit voller Liebe, aber auch Konsequenz\u00a0verbracht habe.<\/p>\n<p>Jetzt, nach zwei Jahren weiss ich auch, dass er der Kern der Familie war, welcher alles im Stillen organisiert hat, alles, was f\u00fcr ein friedliches Miteinander n\u00f6tig war. Diese Rolle konnte meine Mutter leider nicht \u00fcbernehmen, daher entwickelte sich jetzt das Leben meiner Verwandschaft in der Ukraine in eine Richtung, welche man nicht mehr als normales Familienleben bezeichnen kann. Es ist schwer zu beschreiben, da mich das sehr betrifft, aber ich w\u00fcnschte, es w\u00e4re so geblieben wie es zu den Zeiten war als mein Vater noch lebte.<\/p>\n<p>Ich werde heute Abend meine Schw\u00e4gerin Walja anrufen und mit ihr ein paar Erinnerungen an ihn austauschen. Trotz, dass sie keine Blutsverwandte von ihm und von mir ist, scheint sie derzeit die einzige Person zu sein, welche ihn genau so im Ged\u00e4chtnis beh\u00e4lt, wie ich es auch tu &#8230;<\/p>\n","protected":false},"excerpt":{"rendered":"<p>&#8230;tr\u00e4gt diesen Namen inzwischen etwas zu Unrecht. Denn heute erinnerte es mich an den Todestag meines Vaters. Er ist vor zwei Jahren eingeschlafen, nachdem der Hautkrebs ihn besiegt hat. Ich sch\u00e4tze, dass ich heute nicht sonderlich konzentriert bei allem sein werde, was ich tun muss, denn nat\u00fcrlich geht mir Einiges durch den Kopf, was ihn [&hellip;]<\/p>\n","protected":false},"author":3,"featured_media":0,"comment_status":"open","ping_status":"closed","sticky":false,"template":"","format":"standard","meta":{"ngg_post_thumbnail":0,"footnotes":""},"categories":[4,1],"tags":[430,429,13,427,428,88,49],"class_list":["post-188","post","type-post","status-publish","format-standard","hentry","category-freud-und-leid","category-olca-und-stan","tag-familie","tag-mutter","tag-olga","tag-todestag","tag-ukraine","tag-vater","tag-walja"],"_links":{"self":[{"href":"https:\/\/www.marvinchen.de\/olgas_welt\/blog\/wp-json\/wp\/v2\/posts\/188","targetHints":{"allow":["GET"]}}],"collection":[{"href":"https:\/\/www.marvinchen.de\/olgas_welt\/blog\/wp-json\/wp\/v2\/posts"}],"about":[{"href":"https:\/\/www.marvinchen.de\/olgas_welt\/blog\/wp-json\/wp\/v2\/types\/post"}],"author":[{"embeddable":true,"href":"https:\/\/www.marvinchen.de\/olgas_welt\/blog\/wp-json\/wp\/v2\/users\/3"}],"replies":[{"embeddable":true,"href":"https:\/\/www.marvinchen.de\/olgas_welt\/blog\/wp-json\/wp\/v2\/comments?post=188"}],"version-history":[{"count":0,"href":"https:\/\/www.marvinchen.de\/olgas_welt\/blog\/wp-json\/wp\/v2\/posts\/188\/revisions"}],"wp:attachment":[{"href":"https:\/\/www.marvinchen.de\/olgas_welt\/blog\/wp-json\/wp\/v2\/media?parent=188"}],"wp:term":[{"taxonomy":"category","embeddable":true,"href":"https:\/\/www.marvinchen.de\/olgas_welt\/blog\/wp-json\/wp\/v2\/categories?post=188"},{"taxonomy":"post_tag","embeddable":true,"href":"https:\/\/www.marvinchen.de\/olgas_welt\/blog\/wp-json\/wp\/v2\/tags?post=188"}],"curies":[{"name":"wp","href":"https:\/\/api.w.org\/{rel}","templated":true}]}}