{"id":190,"date":"2009-10-07T07:17:19","date_gmt":"2009-10-07T05:17:19","guid":{"rendered":"http:\/\/www.marvinchen.de\/olgas_welt\/blog\/?p=190"},"modified":"2009-10-07T21:11:07","modified_gmt":"2009-10-07T19:11:07","slug":"sie-reicht-nicht-fur-alles","status":"publish","type":"post","link":"https:\/\/www.marvinchen.de\/olgas_welt\/blog\/2009\/10\/sie-reicht-nicht-fur-alles\/","title":{"rendered":"Sie reicht nicht f\u00fcr alles"},"content":{"rendered":"<p>Ja, es geht mal wieder um die Zeit \ud83d\ude42<\/p>\n<p>Gerade die letzte Woche war \u00fcbervoll mit den diversen Terminen. Am Wochenende waren die M\u00e4dels bei uns, da hat man die Minuten und Sekunden lieber in sie investiert statt\u00a0am Computer. Mein Italienbericht steckt noch in den Babyschuhen, ich bin irgendwo bei Tag 5 angekommen. Abends habe ich inzwischen mal wieder mehr Lust lieber mit meinem Mann eine DVD anzugucken statt am Rechner zu sitzen. Es wird ja schon viel eher dunkel. In den letzten Wochen habe ich allerdings auf der Fahrt vom Hebr\u00e4isch oder vom Sport ( beides in der Neustadt, auf der anderen Elbseite, so dass ich \u00fcber die Br\u00fccke fahren muss) beim \u00dcberqueren der Elbe die m\u00e4rchenhafte Skyline von Dresden\u00a0w\u00e4hrend der sogenannten &#8222;blauen Stunde&#8220; genossen. Aber schon gestern war es eher eine Mischung aus Blau und Schwarz, mehr dunkel als blau. Vermutlich werde ich in der n\u00e4chsten Woche die Umrisse von Schlo\u00df, Hofkirche und anderen Geb\u00e4uden schon\u00a0mit dem tiefschwarzen Hintergrund zur Gesicht bekommen.<\/p>\n<p>Ab Montag beginnen schon die Herbstferien. Die Kinder werden einige Tage beim Papa verbringen. Aber f\u00fcr die zweite Woche haben Carsten und ich uns Urlaub genommen und unsere Liste an W\u00fcnschen f\u00fcr die Unternehmungen reicht schon f\u00fcr 6 Wochen Sommerferien. Wir werden kombinieren m\u00fcssen und ein paar Ideen f\u00fcr die n\u00e4chsten freien Tage aufheben \ud83d\ude09<\/p>\n","protected":false},"excerpt":{"rendered":"<p>Ja, es geht mal wieder um die Zeit \ud83d\ude42 Gerade die letzte Woche war \u00fcbervoll mit den diversen Terminen. Am Wochenende waren die M\u00e4dels bei uns, da hat man die Minuten und Sekunden lieber in sie investiert statt\u00a0am Computer. Mein Italienbericht steckt noch in den Babyschuhen, ich bin irgendwo bei Tag 5 angekommen. Abends habe [&hellip;]<\/p>\n","protected":false},"author":3,"featured_media":0,"comment_status":"open","ping_status":"closed","sticky":false,"template":"","format":"standard","meta":{"ngg_post_thumbnail":0,"footnotes":""},"categories":[4,1],"tags":[14,27,412,431,274,387,317,13,400],"class_list":["post-190","post","type-post","status-publish","format-standard","hentry","category-freud-und-leid","category-olca-und-stan","tag-carsten","tag-dresden","tag-dvd","tag-fereien","tag-hebraisch","tag-italien","tag-kinder","tag-olga","tag-zeit"],"_links":{"self":[{"href":"https:\/\/www.marvinchen.de\/olgas_welt\/blog\/wp-json\/wp\/v2\/posts\/190","targetHints":{"allow":["GET"]}}],"collection":[{"href":"https:\/\/www.marvinchen.de\/olgas_welt\/blog\/wp-json\/wp\/v2\/posts"}],"about":[{"href":"https:\/\/www.marvinchen.de\/olgas_welt\/blog\/wp-json\/wp\/v2\/types\/post"}],"author":[{"embeddable":true,"href":"https:\/\/www.marvinchen.de\/olgas_welt\/blog\/wp-json\/wp\/v2\/users\/3"}],"replies":[{"embeddable":true,"href":"https:\/\/www.marvinchen.de\/olgas_welt\/blog\/wp-json\/wp\/v2\/comments?post=190"}],"version-history":[{"count":0,"href":"https:\/\/www.marvinchen.de\/olgas_welt\/blog\/wp-json\/wp\/v2\/posts\/190\/revisions"}],"wp:attachment":[{"href":"https:\/\/www.marvinchen.de\/olgas_welt\/blog\/wp-json\/wp\/v2\/media?parent=190"}],"wp:term":[{"taxonomy":"category","embeddable":true,"href":"https:\/\/www.marvinchen.de\/olgas_welt\/blog\/wp-json\/wp\/v2\/categories?post=190"},{"taxonomy":"post_tag","embeddable":true,"href":"https:\/\/www.marvinchen.de\/olgas_welt\/blog\/wp-json\/wp\/v2\/tags?post=190"}],"curies":[{"name":"wp","href":"https:\/\/api.w.org\/{rel}","templated":true}]}}