{"id":192,"date":"2009-10-13T07:31:00","date_gmt":"2009-10-13T05:31:00","guid":{"rendered":"http:\/\/www.marvinchen.de\/olgas_welt\/blog\/?p=192"},"modified":"2009-10-13T08:49:09","modified_gmt":"2009-10-13T06:49:09","slug":"ferienleben-und-arbeitsalltag","status":"publish","type":"post","link":"https:\/\/www.marvinchen.de\/olgas_welt\/blog\/2009\/10\/ferienleben-und-arbeitsalltag\/","title":{"rendered":"Ferienleben und Arbeitsalltag"},"content":{"rendered":"<p>Eigentlich habe ich Anfang des Jahres, nachdem wir alle Ferien mit dem Vater meiner Kinder abgesprochen haben, gedacht, dass diese Woche sturmfrei sein wird. Aber leider ist er beruflich verhindert, so bleiben die Kinder auch diese Woche bei uns zu Hause. So wird\u00a0in Casa OLCA auf jeden Fall mehr Leben in der Bude sein, da\u00a0die Girls\u00a0abends, nachdem sie\u00a0morgens bis in die Puppen\u00a0pennen k\u00f6nnen, noch lange Zeit \u00a0munter, mittleiungsfreudig und schmusebed\u00fcrftig\u00a0sind.<\/p>\n<p>Gestern haben wir z.B. nach einem langen Abendessen, wo wir uns \u00fcber die Erlebnisse am Wochenende ausgetauscht und schon die Pl\u00e4ne f\u00fcr die n\u00e4chste Woche (alle OLCAs haben dann frei), konkretisiert haben, uns zusammen auf die Couch gepflanzt und &#8222;Die Maske des Zorro&#8220; angesehen. Carsten meinte zum Schlu\u00df, dass dieser Film der schlechteste aller Zorro-Streifen sei, aber M\u00e4dels und ich k\u00f6nnten nur sagen, dass es der einzige ist, welchen wir je gesehen haben. Es war eine nette Unterhaltung, aber ich werde mir eine DVD davon doch nicht kaufen.<\/p>\n<p>Bin gespannt, was die M\u00e4dels sich heute zum Mittagessen organisieren. Zur Auswahl stehen: T\u00fctensuppen, TK-Pizza, Nudeln oder Reis mit Ketchup. Also all die Gerichte, die sie gern m\u00f6gen,\u00a0welche aber bei\u00a0Carsten und\u00a0mir keine Begeisterung hervorrufen. Bis auf die Pizza vielleicht.<\/p>\n<p>Aber noch schlafen sie und ich flitze unter die Dusche, denn heute muss ich p\u00fcnktlich nach der Arbeit zu Hause sein, um meine Sporttasche zu schnappen und meiner Wirbels\u00e4ule eine Stunde Bewegung zu g\u00f6nnen.<\/p>\n","protected":false},"excerpt":{"rendered":"<p>Eigentlich habe ich Anfang des Jahres, nachdem wir alle Ferien mit dem Vater meiner Kinder abgesprochen haben, gedacht, dass diese Woche sturmfrei sein wird. Aber leider ist er beruflich verhindert, so bleiben die Kinder auch diese Woche bei uns zu Hause. So wird\u00a0in Casa OLCA auf jeden Fall mehr Leben in der Bude sein, da\u00a0die [&hellip;]<\/p>\n","protected":false},"author":3,"featured_media":0,"comment_status":"open","ping_status":"closed","sticky":false,"template":"","format":"standard","meta":{"ngg_post_thumbnail":0,"footnotes":""},"categories":[5,12,4,1],"tags":[434,14,431,52,432,433,390,13],"class_list":["post-192","post","type-post","status-publish","format-standard","hentry","category-essen-und-trinken","category-film-und-fernsehen","category-freud-und-leid","category-olca-und-stan","tag-bewegung","tag-carsten","tag-fereien","tag-film","tag-madels","tag-mittagessen","tag-olca","tag-olga"],"_links":{"self":[{"href":"https:\/\/www.marvinchen.de\/olgas_welt\/blog\/wp-json\/wp\/v2\/posts\/192","targetHints":{"allow":["GET"]}}],"collection":[{"href":"https:\/\/www.marvinchen.de\/olgas_welt\/blog\/wp-json\/wp\/v2\/posts"}],"about":[{"href":"https:\/\/www.marvinchen.de\/olgas_welt\/blog\/wp-json\/wp\/v2\/types\/post"}],"author":[{"embeddable":true,"href":"https:\/\/www.marvinchen.de\/olgas_welt\/blog\/wp-json\/wp\/v2\/users\/3"}],"replies":[{"embeddable":true,"href":"https:\/\/www.marvinchen.de\/olgas_welt\/blog\/wp-json\/wp\/v2\/comments?post=192"}],"version-history":[{"count":0,"href":"https:\/\/www.marvinchen.de\/olgas_welt\/blog\/wp-json\/wp\/v2\/posts\/192\/revisions"}],"wp:attachment":[{"href":"https:\/\/www.marvinchen.de\/olgas_welt\/blog\/wp-json\/wp\/v2\/media?parent=192"}],"wp:term":[{"taxonomy":"category","embeddable":true,"href":"https:\/\/www.marvinchen.de\/olgas_welt\/blog\/wp-json\/wp\/v2\/categories?post=192"},{"taxonomy":"post_tag","embeddable":true,"href":"https:\/\/www.marvinchen.de\/olgas_welt\/blog\/wp-json\/wp\/v2\/tags?post=192"}],"curies":[{"name":"wp","href":"https:\/\/api.w.org\/{rel}","templated":true}]}}