{"id":1937,"date":"2014-05-12T20:00:31","date_gmt":"2014-05-12T18:00:31","guid":{"rendered":"http:\/\/www.marvinchen.de\/olgas_welt\/blog\/?p=1937"},"modified":"2014-05-12T20:00:49","modified_gmt":"2014-05-12T18:00:49","slug":"an-jedem-2-maisonntag","status":"publish","type":"post","link":"https:\/\/www.marvinchen.de\/olgas_welt\/blog\/2014\/05\/an-jedem-2-maisonntag\/","title":{"rendered":"An jedem 2. Maisonntag"},"content":{"rendered":"<p>Es gibt ihn jedes Jahr, diesen Tag, an welchem die Erwartungen der M\u00fctter an ihre Kinder ins Unerm\u00e4ssliche steigen\u00a0\u00a0\u00a0 \ud83d\ude09<br \/>\nVor jedem\u00a0zweiten Sonntag im Mai\u00a0machen die Blumenh\u00e4ndler und S\u00fc\u00dfigkeitenverk\u00e4ufer bestimmt immer wieder ein gutes Gesch\u00e4ft, die eine oder\u00a0andere K\u00fcche wird beim liebevollen Backen bis zur Unkenntlichkeit &#8222;verunstaltet&#8220; und das Kalorienz\u00e4hlen sollten\u00a0M\u00fctter sich an diesem besonderen Sonntag am liebsten komplett aus dem Kopf schlagen\u00a0\u00a0\u00a0 \ud83d\ude09<\/p>\n<p>Da auch ich\u00a0zwei Kinder dieser Welt als\u00a0Eigenproduktion\u00a0bezeichnen darf, habe ich versucht, die grenzenlose Dankbarkeit meiner M\u00e4dels auf ein vern\u00fcnftiges Ma\u00df zu reduzieren. Schnittblumen finde ich zwar sch\u00f6n, aber leider halten Sie nicht sehr lange und kosten besonders zu solchen speziellen Tagen eine\u00a0Stange\u00a0Geld. Und S\u00fc\u00dfigkeiten sowie Kuchen &#8230; *seufz* &#8230; da Carsten und ich seit einigen Wochen versuchen, ein paar Kilos (\u00fcbrigens mit Erfolg!) loszuwerden, w\u00e4ren solche Geschenke nat\u00fcrlich eher kontraproduktiv.<\/p>\n<p>Mein Mann und ich hatten\u00a0f\u00fcr diesen Sonntag schon vor einigen Wochen\u00a0eine F\u00fchrung mit <a href=\"http:\/\/www.igeltour-dresden.de\/ig_index.asp\" target=\"_blank\">Igeltour<\/a>\u00a0ins Auge gefa\u00dft:\u00a0&#8222;<a href=\"http:\/\/www.igeltour-dresden.de\/ig_rundgaenge_stoebern_detail.asp?thema=2014_44\" target=\"_blank\">Durch die Parks der &#8222;drei Albrechtsschl\u00f6sser<\/a>&#8222;.<br \/>\nWir waren bereits vor einigen Jahren mal auf eigene Faust in der Gegend, aber nun wollten wir auch noch die Hintergr\u00fcnde und Geschichten zu diesen drei bezaubernden Bauwerken (v.l.n.r.: Schloss Albrechtsberg, Lignerschloss und Schloss Eckberg) h\u00f6ren.<\/p>\n<p style=\"text-align: center;\"><a href=\"https:\/\/www.marvinchen.de\/olgas_welt\/blog\/wp-content\/uploads\/2014\/05\/IMG_0045.jpg\"><img loading=\"lazy\" decoding=\"async\" class=\"aligncenter  wp-image-1938\" alt=\"IMG_0045\" src=\"https:\/\/www.marvinchen.de\/olgas_welt\/blog\/wp-content\/uploads\/2014\/05\/IMG_0045.jpg\" width=\"560\" height=\"405\" srcset=\"https:\/\/www.marvinchen.de\/olgas_welt\/blog\/wp-content\/uploads\/2014\/05\/IMG_0045.jpg 800w, https:\/\/www.marvinchen.de\/olgas_welt\/blog\/wp-content\/uploads\/2014\/05\/IMG_0045-300x216.jpg 300w\" sizes=\"auto, (max-width: 560px) 100vw, 560px\" \/><\/a><\/p>\n<p>Die F\u00fchrung war einfach genial und ist sehr zu empfehlen! Aus den geplanten 2 Stunden\u00a0sind mal\u00a0ganz nebenbei 3 geworden und man konnte einfach nicht genug h\u00f6ren &#8211; so interessant wurde erz\u00e4hlt! Das Wetter spielte ebenfalls perfekt mit: Sonne, blauer Himmel mit Wolken &#8211; ein fantastischer und rundum gelungener Vormittagsausflug!<\/p>\n<p>Zu Ehren aller M\u00fctter bl\u00fchten sogar rote Rosen\u00a0\u00a0\u00a0 \ud83d\ude09<\/p>\n<p style=\"text-align: center;\"><a href=\"https:\/\/www.marvinchen.de\/olgas_welt\/blog\/wp-content\/uploads\/2014\/05\/IMG_0091.jpg\"><img loading=\"lazy\" decoding=\"async\" class=\"aligncenter  wp-image-1939\" alt=\"IMG_0091\" src=\"https:\/\/www.marvinchen.de\/olgas_welt\/blog\/wp-content\/uploads\/2014\/05\/IMG_0091.jpg\" width=\"560\" height=\"405\" srcset=\"https:\/\/www.marvinchen.de\/olgas_welt\/blog\/wp-content\/uploads\/2014\/05\/IMG_0091.jpg 800w, https:\/\/www.marvinchen.de\/olgas_welt\/blog\/wp-content\/uploads\/2014\/05\/IMG_0091-300x216.jpg 300w\" sizes=\"auto, (max-width: 560px) 100vw, 560px\" \/><\/a><\/p>\n<p>Und w\u00e4hrend wir uns drau\u00dfen im Gr\u00fcnen weitergebildet haben, werkelten meine fleissigen M\u00e4dels in der K\u00fcche, denn ich habe mir zur Feier des Tages\u00a0schlicht und uneigenn\u00fctzig ein Mittagessen gew\u00fcnscht. Unter Ber\u00fccksichtigung der begleitenden (Abnehm)Umst\u00e4nde haben sie ganz toll mitgedacht und lieber nicht zu viel gekocht bzw. gebacken:<\/p>\n<p style=\"text-align: center;\"><a href=\"https:\/\/www.marvinchen.de\/olgas_welt\/blog\/wp-content\/uploads\/2014\/05\/IMG_0004.jpg\"><img loading=\"lazy\" decoding=\"async\" class=\"aligncenter  wp-image-1940\" alt=\"IMG_0004\" src=\"https:\/\/www.marvinchen.de\/olgas_welt\/blog\/wp-content\/uploads\/2014\/05\/IMG_0004.jpg\" width=\"420\" height=\"560\" srcset=\"https:\/\/www.marvinchen.de\/olgas_welt\/blog\/wp-content\/uploads\/2014\/05\/IMG_0004.jpg 600w, https:\/\/www.marvinchen.de\/olgas_welt\/blog\/wp-content\/uploads\/2014\/05\/IMG_0004-300x400.jpg 300w\" sizes=\"auto, (max-width: 420px) 100vw, 420px\" \/><\/a><\/p>\n<p>Viele Tomaten und leckere Kartoffeln &#8230;\u00a0ok in Begleitung von Ciabatta, Bl\u00e4tterteig\u00a0und Speckummantelung, aber es muss ja nicht nur gesund sein, sondern an einem Feiertag auch gut schmecken, nicht wahr\u00a0\u00a0\u00a0 \ud83d\ude09\u00a0\u00a0\u00a0 ?<br \/>\nDas Schmecken ist ihnen wirklich sehr gelungen\u00a0\u00a0\u00a0 :herz:\u00a0\u00a0\u00a0 habt Dank ihr Lieben !!!<\/p>\n","protected":false},"excerpt":{"rendered":"<p>Es gibt ihn jedes Jahr, diesen Tag, an welchem die Erwartungen der M\u00fctter an ihre Kinder ins Unerm\u00e4ssliche steigen\u00a0\u00a0\u00a0 \ud83d\ude09 Vor jedem\u00a0zweiten Sonntag im Mai\u00a0machen die Blumenh\u00e4ndler und S\u00fc\u00dfigkeitenverk\u00e4ufer bestimmt immer wieder ein gutes Gesch\u00e4ft, die eine oder\u00a0andere K\u00fcche wird beim liebevollen Backen bis zur Unkenntlichkeit &#8222;verunstaltet&#8220; und das Kalorienz\u00e4hlen sollten\u00a0M\u00fctter sich an diesem besonderen [&hellip;]<\/p>\n","protected":false},"author":3,"featured_media":0,"comment_status":"open","ping_status":"closed","sticky":false,"template":"","format":"standard","meta":{"ngg_post_thumbnail":0,"footnotes":""},"categories":[3,5,4,17],"tags":[574,16,523,14,260,546,950,317,628,543,13,15],"class_list":["post-1937","post","type-post","status-publish","format-standard","hentry","category-ausfluege-und-reisen","category-essen-und-trinken","category-freud-und-leid","category-kauderwelsch-und-muttersprache","tag-abnehmen","tag-andrea","tag-ausflug","tag-carsten","tag-essen","tag-feiertag","tag-igel-tour","tag-kinder","tag-kochen","tag-muttertag","tag-olga","tag-stephanie"],"_links":{"self":[{"href":"https:\/\/www.marvinchen.de\/olgas_welt\/blog\/wp-json\/wp\/v2\/posts\/1937","targetHints":{"allow":["GET"]}}],"collection":[{"href":"https:\/\/www.marvinchen.de\/olgas_welt\/blog\/wp-json\/wp\/v2\/posts"}],"about":[{"href":"https:\/\/www.marvinchen.de\/olgas_welt\/blog\/wp-json\/wp\/v2\/types\/post"}],"author":[{"embeddable":true,"href":"https:\/\/www.marvinchen.de\/olgas_welt\/blog\/wp-json\/wp\/v2\/users\/3"}],"replies":[{"embeddable":true,"href":"https:\/\/www.marvinchen.de\/olgas_welt\/blog\/wp-json\/wp\/v2\/comments?post=1937"}],"version-history":[{"count":0,"href":"https:\/\/www.marvinchen.de\/olgas_welt\/blog\/wp-json\/wp\/v2\/posts\/1937\/revisions"}],"wp:attachment":[{"href":"https:\/\/www.marvinchen.de\/olgas_welt\/blog\/wp-json\/wp\/v2\/media?parent=1937"}],"wp:term":[{"taxonomy":"category","embeddable":true,"href":"https:\/\/www.marvinchen.de\/olgas_welt\/blog\/wp-json\/wp\/v2\/categories?post=1937"},{"taxonomy":"post_tag","embeddable":true,"href":"https:\/\/www.marvinchen.de\/olgas_welt\/blog\/wp-json\/wp\/v2\/tags?post=1937"}],"curies":[{"name":"wp","href":"https:\/\/api.w.org\/{rel}","templated":true}]}}