{"id":2273,"date":"2014-07-27T19:38:13","date_gmt":"2014-07-27T17:38:13","guid":{"rendered":"http:\/\/www.marvinchen.de\/olgas_welt\/blog\/?p=2273"},"modified":"2014-07-27T19:39:49","modified_gmt":"2014-07-27T17:39:49","slug":"leichte-sommertraegheit","status":"publish","type":"post","link":"https:\/\/www.marvinchen.de\/olgas_welt\/blog\/2014\/07\/leichte-sommertraegheit\/","title":{"rendered":"Leichte Sommertr\u00e4gheit"},"content":{"rendered":"<p>In Sachsen sind seit einer Woche Sommerferien. Zwar interessiert mich das pers\u00f6nlich nicht mehr, da wir mit der Schulbildung nix mehr am Hut haben, aber es ist sch\u00f6n, die halbleere Stadt f\u00fcr sich zu haben\u00a0\u00a0\u00a0 \ud83d\ude00<br \/>\nJa,\u00a0in der Tat sind die Stra\u00dfen freier, die Superm\u00e4rkte leerer und auch mein Kalender zeigt mir ab und zu terminfreie Tage. Ich bin gern viel unterwegs, aber nun merke ich, wie sch\u00f6n auch eine leichte Sommertr\u00e4gheit sein kann. Man plant weniger, daf\u00fcr sind die Zeitr\u00e4ume f\u00fcr Freunde um so gro\u00dfz\u00fcgiger. Ein recht spontanes Treffen hatten wir am Freitag mit G\u00fcnter und Barbara, denn wir verbrachten mit ihnen etliche vergn\u00fcgliche Stunden im t\u00fcrkischen Restaurant <a href=\"http:\/\/tuerkisches-restaurant.com\/pages\/de\/startseite.php\" target=\"_blank\">Ocakbasi<\/a>\u00a0&#8211; wir redeten\u00a0\u00fcber Gott und die Welt und genossen dabei <a href=\"https:\/\/www.marvinchen.de\/olgas_welt\/blog\/2014\/05\/ein-vormittag-in-grosssedlitz-und-tuerkisches-essen\/\" target=\"_blank\">erneut<\/a> frische Leckereien t\u00fcrkischer K\u00fcche abseits vom D\u00f6ner-auf-die-Hand.\u00a0Nur f\u00fcr den Nachtisch blieb auch diesmal kein Platz mehr im Bauch\u00a0\u00a0\u00a0 \ud83d\ude09<\/p>\n<p>Wir nutzten die vergangenen Tage auch f\u00fcr einen Besuch\u00a0des Kabarett-Theaters\u00a0<a href=\"http:\/\/www.herkuleskeule.net\/index.php\" target=\"_blank\">Herkuleskeule<\/a>. Carsten wird ja dieses Jahr auch schon 40, deshalb war das St\u00fcck &#8222;<a href=\"http:\/\/www.herkuleskeule.net\/index.php?id=180\" target=\"_blank\">Leise flehen meine Glieder<\/a>&#8220; schon eine gute Vorbereitung f\u00fcr unsere kommenden Jahre \u00a0\u00a0 \ud83d\ude09<\/p>\n<p>Auf einen weiteren Kulturh\u00f6hepunkt sind wir dank Stephanie gekommen, denn sie hat einen Sommerjob bei der internationalen Ausstellung <a href=\"http:\/\/www.ostrale.de\/\" target=\"_blank\">Ostrale<\/a> ergattert. Die Er\u00f6ffnung war am 18. Juli und sollte sich bis\u00a0Mitternacht hinziehen. Als wir vorbeikamen, um unser arbeitendes Kind abzuholen, hatten wir \u00fcberraschenderweise sogar etwa eine halbe Stunde Zeit,\u00a0durch die Ausstellung zu laufen und sich diese anzusehen. Moderne Kunst ist ein recht spezielles Thema, nicht alles traf unseren Geschmack, aber manche Ideen waren gut durchdacht und\u00a0ansprechend pr\u00e4sentiert.\u00a0Ein Besuch\u00a0lohnt sich, um die eigenen Gedanken einmal von Einkaufzettel und To-Do-Listen auf etwas anderes zu bringen\u00a0\u00a0\u00a0 \ud83d\ude09\u00a0\u00a0\u00a0 Dort habe ich \u00fcbrigens auch eine alte Bekannte wieder getroffen, welche ich schon seit einigen Jahren nicht mehr gesehen habe. <a href=\"http:\/\/www.elenapagel.de\/\" target=\"_blank\">Elena<\/a> ist selbst K\u00fcnstlerin und\u00a0stellt bei der Ostrale\u00a0etwas aus. Ihre Arbeiten &#8211; ich kenne auch noch mehr als nur das von der Ausstellung &#8211; finde ich wirklich klasse, sie sind so herrlich\u00a0bunt und voller geheimnisvoller\u00a0slawischer Symbolik.<\/p>\n<p>Heute stand wieder mal eine Igeltour auf dem Plan, denn das Wetter war einfach perfekt sommerlich. Bei strahlendem Sonnenschein erkundeten wir 2 1\/2 Stunden lang die Ecken der Gartenstadt Hellerau und haben wie immer bei solchen Gruppenf\u00fchrungen jede Menge Neues erfahren und entdeckt.<\/p>\n<p style=\"text-align: center;\"><a href=\"https:\/\/www.marvinchen.de\/olgas_welt\/blog\/wp-content\/uploads\/2014\/07\/hellerau.jpg\"><img loading=\"lazy\" decoding=\"async\" class=\"aligncenter wp-image-2274\" src=\"https:\/\/www.marvinchen.de\/olgas_welt\/blog\/wp-content\/uploads\/2014\/07\/hellerau.jpg\" alt=\"hellerau\" width=\"420\" height=\"560\" srcset=\"https:\/\/www.marvinchen.de\/olgas_welt\/blog\/wp-content\/uploads\/2014\/07\/hellerau.jpg 600w, https:\/\/www.marvinchen.de\/olgas_welt\/blog\/wp-content\/uploads\/2014\/07\/hellerau-300x400.jpg 300w\" sizes=\"auto, (max-width: 420px) 100vw, 420px\" \/><\/a><\/p>\n<p>Danach g\u00f6nnten wir uns einen Ausflug in den\u00a0<a href=\"http:\/\/feiermanufaktur.de\/location_weixdorferwaldbad.htm\" target=\"_blank\">Biergarten<\/a>\u00a0des Waldbads Weixdorf. Dort konnte ich ganz gem\u00fctlich die Beine hochlegen und ein Radler mit herrlichem Seeblick geniessen. Da war sie ja wieder, meine leichte Sommertr\u00e4gheit &#8230;\u00a0doch nun werde ich mich von ihr verabschieden m\u00fcssen, denn die Sonne hat einem Gewitter Platz gemacht und das Wochenende ist ja ohnehin beinah vorbei\u00a0\u00a0\u00a0 \ud83d\ude09<\/p>\n","protected":false},"excerpt":{"rendered":"<p>In Sachsen sind seit einer Woche Sommerferien. Zwar interessiert mich das pers\u00f6nlich nicht mehr, da wir mit der Schulbildung nix mehr am Hut haben, aber es ist sch\u00f6n, die halbleere Stadt f\u00fcr sich zu haben\u00a0\u00a0\u00a0 \ud83d\ude00 Ja,\u00a0in der Tat sind die Stra\u00dfen freier, die Superm\u00e4rkte leerer und auch mein Kalender zeigt mir ab und zu [&hellip;]<\/p>\n","protected":false},"author":3,"featured_media":0,"comment_status":"open","ping_status":"closed","sticky":false,"template":"","format":"standard","meta":{"ngg_post_thumbnail":0,"footnotes":""},"categories":[3,5,4,7,1],"tags":[523,14,237,914,950,653,984,784,983,13,982,567,245,15],"class_list":["post-2273","post","type-post","status-publish","format-standard","hentry","category-ausfluege-und-reisen","category-essen-und-trinken","category-freud-und-leid","category-freunde-und-co","category-olca-und-stan","tag-ausflug","tag-carsten","tag-freunde","tag-guenter-und-barbara","tag-igel-tour","tag-kabarett","tag-kneipe","tag-kultur","tag-kunst","tag-olga","tag-ostrale","tag-sommer","tag-sonne","tag-stephanie"],"_links":{"self":[{"href":"https:\/\/www.marvinchen.de\/olgas_welt\/blog\/wp-json\/wp\/v2\/posts\/2273","targetHints":{"allow":["GET"]}}],"collection":[{"href":"https:\/\/www.marvinchen.de\/olgas_welt\/blog\/wp-json\/wp\/v2\/posts"}],"about":[{"href":"https:\/\/www.marvinchen.de\/olgas_welt\/blog\/wp-json\/wp\/v2\/types\/post"}],"author":[{"embeddable":true,"href":"https:\/\/www.marvinchen.de\/olgas_welt\/blog\/wp-json\/wp\/v2\/users\/3"}],"replies":[{"embeddable":true,"href":"https:\/\/www.marvinchen.de\/olgas_welt\/blog\/wp-json\/wp\/v2\/comments?post=2273"}],"version-history":[{"count":0,"href":"https:\/\/www.marvinchen.de\/olgas_welt\/blog\/wp-json\/wp\/v2\/posts\/2273\/revisions"}],"wp:attachment":[{"href":"https:\/\/www.marvinchen.de\/olgas_welt\/blog\/wp-json\/wp\/v2\/media?parent=2273"}],"wp:term":[{"taxonomy":"category","embeddable":true,"href":"https:\/\/www.marvinchen.de\/olgas_welt\/blog\/wp-json\/wp\/v2\/categories?post=2273"},{"taxonomy":"post_tag","embeddable":true,"href":"https:\/\/www.marvinchen.de\/olgas_welt\/blog\/wp-json\/wp\/v2\/tags?post=2273"}],"curies":[{"name":"wp","href":"https:\/\/api.w.org\/{rel}","templated":true}]}}