{"id":2308,"date":"2014-08-09T17:38:43","date_gmt":"2014-08-09T15:38:43","guid":{"rendered":"http:\/\/www.marvinchen.de\/olgas_welt\/blog\/?p=2308"},"modified":"2014-08-09T17:38:43","modified_gmt":"2014-08-09T15:38:43","slug":"aus-der-buecherwelt","status":"publish","type":"post","link":"https:\/\/www.marvinchen.de\/olgas_welt\/blog\/2014\/08\/aus-der-buecherwelt\/","title":{"rendered":"Aus der B\u00fccherwelt"},"content":{"rendered":"<p>Auch wenn ein Eindruck entsteht, dass ich au\u00dfer Fotografieren nichts anderes mehr im Kopf habe, sei es an dieser Stelle erw\u00e4hnt, dass ich nach wie vor reichlich Zeit mit dem Lesen verbringe\u00a0\u00a0\u00a0 \ud83d\ude00\u00a0\u00a0\u00a0 eigentlich versuche ich sogar in letzter Zeit noch mehr zu lesen als sonst und\u00a0m\u00f6chte mich dabei wirklich nur auf die B\u00fccher\u00a0konzentrieren, welche schon seit Jahren ungelesen meine B\u00fccherregale bev\u00f6lkern. Das ist echt schwer! Ich mache immerzu einen gro\u00dfen Bogen um alle Buchl\u00e4den, denn wo sich\u00a0die meisten Frauen nicht bei Schuhen beherrschen k\u00f6nnen, werde ich immer bei B\u00fcchern\u00a0schwach\u00a0\u00a0\u00a0 \ud83d\ude09<\/p>\n<p>Da\u00a0unsere Kinder nun nicht mehr zeitlich intensive\u00a0Betreuung ben\u00f6tigen wie noch vor einigen Jahren, habe ich tats\u00e4chlich am Wochenende immer etwas Zeit zum Schm\u00f6ckern.\u00a0Und wenn\u00a0wir\u00a0an den beiden Tagen\u00a0nicht so fr\u00fch aufstehen m\u00fcssen, dennoch aber um die gleiche Zeit wach werden, wie in der Arbeitswoche, kann ich ganz gem\u00fctlich im Bett lesen und erst danach fr\u00fchst\u00fccken. So beginnt ein entspannter Tag, oder ? Nachmittags findet sich zudem h\u00e4ufig\u00a0noch ein zus\u00e4tzliches Zeitfenster, wo\u00a0ich in der Haush\u00e4ngematte liegend weitere Kapitel lesen kann.<\/p>\n<p>Die letzten schnell, weil sehr interessant, durchgelesenen B\u00fccher waren bei mir &#8222;\u0411\u0435\u043b\u0430\u044f \u0433\u043e\u043b\u0443\u0431\u043a\u0430 \u041a\u043e\u0440\u0434\u043e\u0432\u044b&#8220; (Die Wei\u00dfe Taube von Cordoba) von Dina Rubina und &#8222;Unknown Identity&#8220; von Didier van Cauwelaert.<\/p>\n<p>Die B\u00fccher von <a href=\"http:\/\/de.wikipedia.org\/wiki\/Dina_Rubina\" target=\"_blank\">Dina Rubina<\/a> finde ich schon seit Langem faszinierend: Geschichte, Menschen und besonders die Sprache &#8211; es ist ein Genuss, ihre Werke zu lesen! Leider sind nur wenige ihrer B\u00fccher ins Deutsche \u00fcbersetzt worden, vielleicht liegt es ja gerade an ihrer Sprache, denn sie ist so pr\u00e4zise und bl\u00fcmerant zugleich, dass ich mir vorstellen kann, dass eine \u00dcbersetzung von diesen besonders gew\u00e4hlten Worten extrem schwierig sein k\u00f6nnte.<\/p>\n<p>Bei dem zweiten Buch gibt es diesen Umstand nicht &#8211; vielleicht kommt einigen von euch der\u00a0Titel &#8222;Unknown Identity&#8220; sogar irgendwie bekannt vor. Wie so oft\u00a0(z.B. &#8222;Timeline&#8220;, &#8222;Sarahs Schl\u00fcssel&#8220;) bin ich auf das Buch durch einen <a href=\"https:\/\/www.youtube.com\/watch?v=LU6PwhiOTYI\" target=\"_blank\">gleichnamigen Film<\/a> mit Liam Neeson in der Hauptrolle\u00a0gekommen. Es ist kein Buch zum Film, das geschriebene Wort diente wie so oft\u00a0nur als Vorlage (&#8222;based on&#8220;) f\u00fcr den Streifen. W\u00e4hrend der Film\u00a0zum Beispiel ganz sch\u00f6n actionlastig ist,\u00a0bewegt sich\u00a0die Geschichte im Buch mehr auf der menschlichen Ebene. Die beiden Werke unterscheiden sich so sehr, dass man sie wie den Roman\/Film\u00a0&#8222;Bourne Identity&#8220; eigentlich als zwei v\u00f6llig unterschiedliche Geschichten betrachten k\u00f6nnte, denn bis auf den gemeinsamen Nenner der Hauptperson und der eigentlichen Intrige sind das in der Tat recht unterschiedliche Entwicklungen, wenn auch mit den gleichen finalen Tendenzen\u00a0\u00a0\u00a0 \ud83d\ude09<\/p>\n<p>Ein weiteres Buch werde ich wohl weniger anpreisen, auch wenn ich\u00a0vorhabe, es bis\u00a0zum Ende durchzulesen. Es ist\u00a0das Taschenbuch\u00a0&#8222;Der helle Tag bricht an. Ein Kind wird Nazi&#8220; von Margarete Hannsmann.\u00a0Meine Erwartung, mehr \u00fcber die Kinder- und Jugendzeit in den 30ern zu erfahren, wird leider kaum erf\u00fcllt. Da kommen eher belanglose Ausf\u00fchrungen \u00fcber Liebesgeschichten vor. Es ist eine Autobiografie mit Anspruch, welchem sie allerdings gar nicht gerecht wird. Aber wie gesagt, die letzten 50 Seiten werde ich auch noch zu Ende lesen &#8230;<\/p>\n","protected":false},"excerpt":{"rendered":"<p>Auch wenn ein Eindruck entsteht, dass ich au\u00dfer Fotografieren nichts anderes mehr im Kopf habe, sei es an dieser Stelle erw\u00e4hnt, dass ich nach wie vor reichlich Zeit mit dem Lesen verbringe\u00a0\u00a0\u00a0 \ud83d\ude00\u00a0\u00a0\u00a0 eigentlich versuche ich sogar in letzter Zeit noch mehr zu lesen als sonst und\u00a0m\u00f6chte mich dabei wirklich nur auf die B\u00fccher\u00a0konzentrieren, welche [&hellip;]<\/p>\n","protected":false},"author":3,"featured_media":0,"comment_status":"open","ping_status":"closed","sticky":false,"template":"","format":"standard","meta":{"ngg_post_thumbnail":0,"footnotes":""},"categories":[12,4,8],"tags":[60,989,988,44,52,537],"class_list":["post-2308","post","type-post","status-publish","format-standard","hentry","category-film-und-fernsehen","category-freud-und-leid","category-hoeren-und-lesen","tag-buch","tag-buch-zum-film","tag-buecher","tag-dina-rubina","tag-film","tag-lesen"],"_links":{"self":[{"href":"https:\/\/www.marvinchen.de\/olgas_welt\/blog\/wp-json\/wp\/v2\/posts\/2308","targetHints":{"allow":["GET"]}}],"collection":[{"href":"https:\/\/www.marvinchen.de\/olgas_welt\/blog\/wp-json\/wp\/v2\/posts"}],"about":[{"href":"https:\/\/www.marvinchen.de\/olgas_welt\/blog\/wp-json\/wp\/v2\/types\/post"}],"author":[{"embeddable":true,"href":"https:\/\/www.marvinchen.de\/olgas_welt\/blog\/wp-json\/wp\/v2\/users\/3"}],"replies":[{"embeddable":true,"href":"https:\/\/www.marvinchen.de\/olgas_welt\/blog\/wp-json\/wp\/v2\/comments?post=2308"}],"version-history":[{"count":0,"href":"https:\/\/www.marvinchen.de\/olgas_welt\/blog\/wp-json\/wp\/v2\/posts\/2308\/revisions"}],"wp:attachment":[{"href":"https:\/\/www.marvinchen.de\/olgas_welt\/blog\/wp-json\/wp\/v2\/media?parent=2308"}],"wp:term":[{"taxonomy":"category","embeddable":true,"href":"https:\/\/www.marvinchen.de\/olgas_welt\/blog\/wp-json\/wp\/v2\/categories?post=2308"},{"taxonomy":"post_tag","embeddable":true,"href":"https:\/\/www.marvinchen.de\/olgas_welt\/blog\/wp-json\/wp\/v2\/tags?post=2308"}],"curies":[{"name":"wp","href":"https:\/\/api.w.org\/{rel}","templated":true}]}}