{"id":2364,"date":"2014-10-04T20:01:45","date_gmt":"2014-10-04T18:01:45","guid":{"rendered":"http:\/\/www.marvinchen.de\/olgas_welt\/blog\/?p=2364"},"modified":"2014-10-04T20:03:39","modified_gmt":"2014-10-04T18:03:39","slug":"casa-olca-kinderfreie-zone","status":"publish","type":"post","link":"https:\/\/www.marvinchen.de\/olgas_welt\/blog\/2014\/10\/casa-olca-kinderfreie-zone\/","title":{"rendered":"Casa OLCA = kinderfreie Zone"},"content":{"rendered":"<p>Ja, das klingt in der Tat wirklich sehr seltsam. Aber nun sind beide Kinder definitiv aus\u00a0unserem Haus ausgezogen. Montagabend war unser letztes gemeinsames Abendessen und am Dienstagmorgen unser letztes gemeinsames Fr\u00fchst\u00fcck mit Stephanie in den vier Casa OLCA-W\u00e4nden.<\/p>\n<p>Am\u00a0Dienstag ist sie nach Potsdam gezogen. Allerdings erst einmal nur mit einem Rucksack, um ihren Mietvertrag zu unterschreiben, den Schl\u00fcssel abzuholen und am 1. Oktober zur Erstie-Veranstaltung zu erscheinen. Gestern hat sie alle Kartons und ein paar gew\u00fcnschte M\u00f6belst\u00fccke von uns frei <del>Haus<\/del> Studentenwohnheim geliefert bekommen. Wir\u00a0mieteten\u00a0\u00fcber ADAC einen Transporter\u00a0und Carsten hat alles perfekt darin untergebracht und so festgezurrt, dass alles heil und ohne Probleme bei unserem Kind ankam.<\/p>\n<p style=\"text-align: center;\"><a href=\"https:\/\/www.marvinchen.de\/olgas_welt\/blog\/wp-content\/uploads\/2014\/10\/IMG_0073.jpg\"><img loading=\"lazy\" decoding=\"async\" class=\"aligncenter wp-image-2366\" src=\"https:\/\/www.marvinchen.de\/olgas_welt\/blog\/wp-content\/uploads\/2014\/10\/IMG_0073.jpg\" alt=\"IMG_0073\" width=\"420\" height=\"560\" srcset=\"https:\/\/www.marvinchen.de\/olgas_welt\/blog\/wp-content\/uploads\/2014\/10\/IMG_0073.jpg 600w, https:\/\/www.marvinchen.de\/olgas_welt\/blog\/wp-content\/uploads\/2014\/10\/IMG_0073-300x400.jpg 300w\" sizes=\"auto, (max-width: 420px) 100vw, 420px\" \/><\/a><\/p>\n<p>Andrea ist mit uns mitgefahren, so war die ganze Familie mal wieder f\u00fcr einen Nachmittag lang\u00a0vereint\u00a0\u00a0\u00a0 \ud83d\ude42<\/p>\n<p>Das Wohnheim von Stephanie hat mir ganz gut gefallen. Sie hat eine 2er WG mit einem M\u00e4del, welches dort schon eine Weile beheimatet ist (sie war allerdings nicht da)\u00a0und wohnt nun in einer relativ ruhigen und gr\u00fcnen Gegend der Brandenburgischen Hauptstadt. Die Gegend ist allerdings auch so ruhig, dass Stephanie bislang noch keine Gastronomie in der N\u00e4he\u00a0entdeckt hat, wo wir h\u00e4tten zu Mittag essen k\u00f6nnen\u00a0\u00a0\u00a0 \ud83d\ude09<br \/>\nZum Gl\u00fcck\u00a0wusste sie aber\u00a0bereits, wo in den Schreberg\u00e4rteng\u00e4ngen ein Biergarten liegt. Da das Wetter perfekt f\u00fcr einen Besuch dessen war, konnten wir dort ganz gem\u00fctlich sitzen, gutes, nach Norwegen auch echt preiswertes\u00a0\u00a0\u00a0 \ud83d\ude09\u00a0\u00a0\u00a0 Essen\u00a0sowie ein Bierchen geniessen und den\u00a0Geschichten unserer gro\u00dfen Kleinen lauschen. Sie muss ja jetzt als S\u00e4chsin unter lauter\u00a0Preussen bestehen\u00a0\u00a0\u00a0 \ud83d\ude09\u00a0\u00a0\u00a0 ein Gl\u00fcck, dass sie wenigstens\u00a0nicht nur\u00a0S\u00e4chsisch, sondern auch astreines Hochdeutsch spricht\u00a0\u00a0\u00a0 \ud83d\ude00<\/p>\n<p>Ihr Zimmer im Wohnheim\u00a0sieht jetzt definitiv wohnlicher aus, da sie durch unsere Lieferung (samt Zuckert\u00fcte zum Lehrbeginn) dem Ganzen nun eine pers\u00f6nliche Note verleihen kann\u00a0\u00a0\u00a0 \ud83d\ude42<br \/>\nDaf\u00fcr ist allerdings nun ihr Zimmer in unserem Haus\u00a0komplett leer.\u00a0Fast alle M\u00f6bel aus ihrer Kinder- und Jugendzeit (etliches davon war sch0n im Jahre 1995 bzw sp\u00e4testens 1996 gekauft worden) sind jetzt schon auseinandergebaut und sogar zum Wertstoffhof gebracht worden.\u00a0Denn auch unser Umzugstermin r\u00fcckt immer n\u00e4her &#8230;<\/p>\n<p style=\"text-align: center;\"><a href=\"https:\/\/www.marvinchen.de\/olgas_welt\/blog\/wp-content\/uploads\/2014\/10\/IMG_0121.jpg\"><img loading=\"lazy\" decoding=\"async\" class=\"aligncenter wp-image-2367\" src=\"https:\/\/www.marvinchen.de\/olgas_welt\/blog\/wp-content\/uploads\/2014\/10\/IMG_0121.jpg\" alt=\"IMG_0121\" width=\"420\" height=\"560\" srcset=\"https:\/\/www.marvinchen.de\/olgas_welt\/blog\/wp-content\/uploads\/2014\/10\/IMG_0121.jpg 600w, https:\/\/www.marvinchen.de\/olgas_welt\/blog\/wp-content\/uploads\/2014\/10\/IMG_0121-300x400.jpg 300w\" sizes=\"auto, (max-width: 420px) 100vw, 420px\" \/><\/a><\/p>\n","protected":false},"excerpt":{"rendered":"<p>Ja, das klingt in der Tat wirklich sehr seltsam. Aber nun sind beide Kinder definitiv aus\u00a0unserem Haus ausgezogen. Montagabend war unser letztes gemeinsames Abendessen und am Dienstagmorgen unser letztes gemeinsames Fr\u00fchst\u00fcck mit Stephanie in den vier Casa OLCA-W\u00e4nden. Am\u00a0Dienstag ist sie nach Potsdam gezogen. Allerdings erst einmal nur mit einem Rucksack, um ihren Mietvertrag zu [&hellip;]<\/p>\n","protected":false},"author":3,"featured_media":0,"comment_status":"open","ping_status":"closed","sticky":false,"template":"","format":"standard","meta":{"ngg_post_thumbnail":0,"footnotes":""},"categories":[6,3,5,4,1],"tags":[16,1004,1006,14,260,430,317,1007,13,1005,15,490,971],"class_list":["post-2364","post","type-post","status-publish","format-standard","hentry","category-ackern-und-werkeln","category-ausfluege-und-reisen","category-essen-und-trinken","category-freud-und-leid","category-olca-und-stan","tag-andrea","tag-auszug","tag-biergarten","tag-carsten","tag-essen","tag-familie","tag-kinder","tag-kinderfrei","tag-olga","tag-potsdam","tag-stephanie","tag-studium","tag-umzug"],"_links":{"self":[{"href":"https:\/\/www.marvinchen.de\/olgas_welt\/blog\/wp-json\/wp\/v2\/posts\/2364","targetHints":{"allow":["GET"]}}],"collection":[{"href":"https:\/\/www.marvinchen.de\/olgas_welt\/blog\/wp-json\/wp\/v2\/posts"}],"about":[{"href":"https:\/\/www.marvinchen.de\/olgas_welt\/blog\/wp-json\/wp\/v2\/types\/post"}],"author":[{"embeddable":true,"href":"https:\/\/www.marvinchen.de\/olgas_welt\/blog\/wp-json\/wp\/v2\/users\/3"}],"replies":[{"embeddable":true,"href":"https:\/\/www.marvinchen.de\/olgas_welt\/blog\/wp-json\/wp\/v2\/comments?post=2364"}],"version-history":[{"count":0,"href":"https:\/\/www.marvinchen.de\/olgas_welt\/blog\/wp-json\/wp\/v2\/posts\/2364\/revisions"}],"wp:attachment":[{"href":"https:\/\/www.marvinchen.de\/olgas_welt\/blog\/wp-json\/wp\/v2\/media?parent=2364"}],"wp:term":[{"taxonomy":"category","embeddable":true,"href":"https:\/\/www.marvinchen.de\/olgas_welt\/blog\/wp-json\/wp\/v2\/categories?post=2364"},{"taxonomy":"post_tag","embeddable":true,"href":"https:\/\/www.marvinchen.de\/olgas_welt\/blog\/wp-json\/wp\/v2\/tags?post=2364"}],"curies":[{"name":"wp","href":"https:\/\/api.w.org\/{rel}","templated":true}]}}