{"id":2646,"date":"2014-10-29T18:39:32","date_gmt":"2014-10-29T17:39:32","guid":{"rendered":"http:\/\/www.marvinchen.de\/olgas_welt\/blog\/?p=2646"},"modified":"2014-10-29T18:40:10","modified_gmt":"2014-10-29T17:40:10","slug":"die-letzten-tage-in-der-casa-olca","status":"publish","type":"post","link":"https:\/\/www.marvinchen.de\/olgas_welt\/blog\/2014\/10\/die-letzten-tage-in-der-casa-olca\/","title":{"rendered":"Die letzten Tage in der Casa OLCA"},"content":{"rendered":"<p>Alles hat ein Ende und nun\u00a0r\u00fcckt auch f\u00fcr die Casa OLCA das\u00a0Unvermeidliche immer n\u00e4her. Dem Kaufvertrag nach geh\u00f6rt das Haus ab November\u00a0nicht mehr uns, sondern unseren Nachfolgern. Das Geb\u00e4ude bleibt bestehen, aber die Casa OLCA in der Form,\u00a0wie viele Freunde und Bekannte sie kennenlernten, wird es nicht mehr geben.<\/p>\n<p>Naja, um ehrlich zu sein, hat sie bereits jetzt einiges beim Gem\u00fctlichkeitsfaktor eingeb\u00fc\u00dft. Viele M\u00f6bel sind schon abgebaut, einige R\u00e4ume sind sogar schon ganz leer, andere wiederum sind eher pragmatisch und spartanisch als gem\u00fctlich eingerichtet. Der Versuch, heute zum Abendessen, wie oft in den letzten Herbsttagen, eine Kerze anzuz\u00fcnden, scheiterte alleine schon daran, dass seit gestern Abend die Feuerzeuge und Streichh\u00f6lzer der Grabbelkommode zusammen mit vielen anderen kleinen Sachen in einem der\u00a0gepackten Umzugskartons untergekommen sind. Ein Gl\u00fcck, dass in meiner Handtasche ebenso viele praktischen Dinge Platz haben, unter anderem auch eine volle Streichholzschachtel\u00a0\u00a0\u00a0\u00a0\ud83d\ude42<\/p>\n<p>Der Haushalt ist maximal reduziert, die Sachen liegen nicht mehr dort, wo sie in den letzten Jahren ihren festen Platz hatten und ich merke, dass es an der Zeit ist, den Sprung in einen neuen Abschnitt unseres\u00a0Lebens zu wagen.<\/p>\n<p>Ab Montag wird es richtig ernst, denn dann bekommen wir die Schl\u00fcssel zu der Wohnung und k\u00f6nnen mit dem Streichen und Reinigen loslegen. Mitte des Monats ist dann der eigentliche Umzug geplant. Wenn ich unsere Pl\u00e4ne f\u00fcr die Wohnungsausstattung anschaue, dann denke ich, dass es wohl weniger den Namen\u00a0&#8222;Apartamiento OLCA&#8220;, sondern eher &#8222;2-Raum-Villa Kunterbunt&#8220; verdient. Die M\u00f6bel aus verschiedenen Hausr\u00e4umen, wo sie jeweils passend nach Farbe zusammengestellt waren, werden nun eher nach passender Gr\u00f6\u00dfe und Funktionalit\u00e4t zusammengew\u00fcrfelt\u00a0\u00a0\u00a0 \ud83d\ude09\u00a0\u00a0\u00a0 Hauptsache, alles passt so rein, wie wir uns das im Kopf vorgestellt und auf Papier hin- &amp; hergeschoben haben.<\/p>\n<p>Bitte seid in den n\u00e4chsten 3-4 Wochen nachsichtig mit mir, denn ich werde wohl oder \u00fcbel sehr viel weniger Zeit f\u00fcr den Rechner sowie diesen Blog haben. Ich hoffe aber sp\u00e4testens Ende November wieder in einen geregelten Alltag zur\u00fcck zu finden. Aber vorher werde ich auf jeden Fall noch meinen Monatsprojekt pr\u00e4sentieren. Ich denke, wenn nichts dazwischen kommt, werde ich\u00a0das sp\u00e4testens am kommenden Wochenende schaffen,\u00a0aber\u00a0schnell noch\u00a0bevor mein Rechner abgebaut wird\u00a0\u00a0\u00a0 \ud83d\ude42<\/p>\n<p style=\"text-align: center;\"><a href=\"https:\/\/www.marvinchen.de\/olgas_welt\/blog\/wp-content\/uploads\/2014\/10\/20141029.jpg\"><img loading=\"lazy\" decoding=\"async\" class=\"aligncenter wp-image-2649\" src=\"https:\/\/www.marvinchen.de\/olgas_welt\/blog\/wp-content\/uploads\/2014\/10\/20141029.jpg\" alt=\"20141029\" width=\"560\" height=\"420\" srcset=\"https:\/\/www.marvinchen.de\/olgas_welt\/blog\/wp-content\/uploads\/2014\/10\/20141029.jpg 800w, https:\/\/www.marvinchen.de\/olgas_welt\/blog\/wp-content\/uploads\/2014\/10\/20141029-300x225.jpg 300w\" sizes=\"auto, (max-width: 560px) 100vw, 560px\" \/><\/a><\/p>\n","protected":false},"excerpt":{"rendered":"<p>Alles hat ein Ende und nun\u00a0r\u00fcckt auch f\u00fcr die Casa OLCA das\u00a0Unvermeidliche immer n\u00e4her. Dem Kaufvertrag nach geh\u00f6rt das Haus ab November\u00a0nicht mehr uns, sondern unseren Nachfolgern. Das Geb\u00e4ude bleibt bestehen, aber die Casa OLCA in der Form,\u00a0wie viele Freunde und Bekannte sie kennenlernten, wird es nicht mehr geben. Naja, um ehrlich zu sein, hat [&hellip;]<\/p>\n","protected":false},"author":3,"featured_media":0,"comment_status":"open","ping_status":"closed","sticky":false,"template":"","format":"standard","meta":{"ngg_post_thumbnail":0,"footnotes":""},"categories":[6,4,1],"tags":[14,774,587,855,799,13,1010,971],"class_list":["post-2646","post","type-post","status-publish","format-standard","hentry","category-ackern-und-werkeln","category-freud-und-leid","category-olca-und-stan","tag-carsten","tag-casa-olca","tag-foto","tag-fotoprojekt","tag-haus","tag-olga","tag-renovieren","tag-umzug"],"_links":{"self":[{"href":"https:\/\/www.marvinchen.de\/olgas_welt\/blog\/wp-json\/wp\/v2\/posts\/2646","targetHints":{"allow":["GET"]}}],"collection":[{"href":"https:\/\/www.marvinchen.de\/olgas_welt\/blog\/wp-json\/wp\/v2\/posts"}],"about":[{"href":"https:\/\/www.marvinchen.de\/olgas_welt\/blog\/wp-json\/wp\/v2\/types\/post"}],"author":[{"embeddable":true,"href":"https:\/\/www.marvinchen.de\/olgas_welt\/blog\/wp-json\/wp\/v2\/users\/3"}],"replies":[{"embeddable":true,"href":"https:\/\/www.marvinchen.de\/olgas_welt\/blog\/wp-json\/wp\/v2\/comments?post=2646"}],"version-history":[{"count":0,"href":"https:\/\/www.marvinchen.de\/olgas_welt\/blog\/wp-json\/wp\/v2\/posts\/2646\/revisions"}],"wp:attachment":[{"href":"https:\/\/www.marvinchen.de\/olgas_welt\/blog\/wp-json\/wp\/v2\/media?parent=2646"}],"wp:term":[{"taxonomy":"category","embeddable":true,"href":"https:\/\/www.marvinchen.de\/olgas_welt\/blog\/wp-json\/wp\/v2\/categories?post=2646"},{"taxonomy":"post_tag","embeddable":true,"href":"https:\/\/www.marvinchen.de\/olgas_welt\/blog\/wp-json\/wp\/v2\/tags?post=2646"}],"curies":[{"name":"wp","href":"https:\/\/api.w.org\/{rel}","templated":true}]}}