{"id":2685,"date":"2014-11-23T19:33:35","date_gmt":"2014-11-23T18:33:35","guid":{"rendered":"http:\/\/www.marvinchen.de\/olgas_welt\/blog\/?p=2685"},"modified":"2014-11-23T19:33:35","modified_gmt":"2014-11-23T18:33:35","slug":"weisse-rosen-und-roter-wein","status":"publish","type":"post","link":"https:\/\/www.marvinchen.de\/olgas_welt\/blog\/2014\/11\/weisse-rosen-und-roter-wein\/","title":{"rendered":"Wei\u00dfe Rosen und roter Wein"},"content":{"rendered":"<p>In den letzten Tagen und Wochen hatten Carsten und ich kaum etwas anderes im Kopf, als das Haus zur \u00dcbergabe und die Wohnung zum Einziehen vorzubereiten. Kartons, Kisten, Schrauben, Bohren, Einpacken, Auspacken und suchen, suchen, suchen &#8230;<\/p>\n<p>Am Dienstagabend\u00a0g\u00f6nnten wir uns allerdings eine kleine Pause davon. Es war\u00a0mal wieder\u00a0ein\u00a0dritter Dienstag im Monat und inzwischen habe ich diesen Termin fest im Kopf, sogar im Umzugsstress, denn eine <a href=\"http:\/\/phrase4.de\/\" target=\"_blank\">Phrase4<\/a>-Lesung zu verpassen, empfinde ich inzwischen als Verlust &#8211; zu gut sind die Geschichten und ihre Autoren. Au\u00dferdem fehlte ich schon im September wegen des Urlaubs und im Oktober, weil da der Termin f\u00fcr mich v\u00f6llig \u00fcberraschend aufgrund von bevorstehenden Herbstferien vorgezogen wurde.<\/p>\n<p>Ich habe f\u00fcr November<\/p>\n<p>1. den Termin ohnehin schon ins Auge gefasst,<\/p>\n<p>2. wurde\u00a0ich durch den Newsletter noch einmal daran erinnert und<\/p>\n<p>3. durch eine pers\u00f6nliche Nachfrage von <a href=\"http:\/\/www.zwiebook.de\/sabine-dressler.html\" target=\"_blank\">Sabine Dre\u00dfler<\/a> wollte ich ihn nun erst recht als sehr verbindlich ansehen.<\/p>\n<p>Wir waren p\u00fcnktlich da und ich war wie immer mit der Kamera gefahren, schlie\u00dflich m\u00f6chte ich\u00a0keine Gelegenheit auslassen, die\u00a0vier zu fotografieren. Au\u00dferdem kam das allgemeine Knipsen durch den Umzug sowieso viel zu kurz. Wie eigentlich immer verewigte ich den Wein auf einem Bild, welchen es als Preis f\u00fcr den richtig entdeckten Phrasenrufer des Abends gibt.<\/p>\n<p style=\"text-align: center;\"><a href=\"https:\/\/www.marvinchen.de\/olgas_welt\/blog\/wp-content\/uploads\/2014\/11\/IMG_0013.jpg\"><img loading=\"lazy\" decoding=\"async\" class=\"aligncenter wp-image-2686\" src=\"https:\/\/www.marvinchen.de\/olgas_welt\/blog\/wp-content\/uploads\/2014\/11\/IMG_0013.jpg\" alt=\"IMG_0013\" width=\"420\" height=\"630\" srcset=\"https:\/\/www.marvinchen.de\/olgas_welt\/blog\/wp-content\/uploads\/2014\/11\/IMG_0013.jpg 533w, https:\/\/www.marvinchen.de\/olgas_welt\/blog\/wp-content\/uploads\/2014\/11\/IMG_0013-300x450.jpg 300w\" sizes=\"auto, (max-width: 420px) 100vw, 420px\" \/><\/a><\/p>\n<p>Diesmal\u00a0standen\u00a0als Deko sogar Bl\u00fcmchen daneben! Wie es sich allerdings kurz vor der Pause herausstellte, waren die Bl\u00fcmchen nicht als Deko gedacht, sondern als\u00a0Dankesch\u00f6n von Lars, Francis, Sabine und Henning H. an mich. Sie wollten sich damit daf\u00fcr bedanken,\u00a0dass ich sie mit meinen Bildern immer wieder aufs Neue unterst\u00fctze. Ich mache das aber wirklich gern und es\u00a0bereitet mir auch einen riesigen Spa\u00df\u00a0\u00a0\u00a0 \ud83d\ude42<br \/>\nDa ich meine stetige Bilderversorgung\u00a0f\u00fcr diese Initiative als Freundschaftsdienst gesehen habe, war ich von diesem Geschenk wirklich ger\u00fchrt, denn man hat gemerkt, es kam vom Herzen.\u00a0 Danke sch\u00f6n, ihr Lieben!<\/p>\n<p style=\"text-align: center;\"><a href=\"https:\/\/www.marvinchen.de\/olgas_welt\/blog\/wp-content\/uploads\/2014\/11\/IMG_0117.jpg\"><img loading=\"lazy\" decoding=\"async\" class=\"aligncenter wp-image-2687\" src=\"https:\/\/www.marvinchen.de\/olgas_welt\/blog\/wp-content\/uploads\/2014\/11\/IMG_0117.jpg\" alt=\"IMG_0117\" width=\"520\" height=\"346\" srcset=\"https:\/\/www.marvinchen.de\/olgas_welt\/blog\/wp-content\/uploads\/2014\/11\/IMG_0117.jpg 800w, https:\/\/www.marvinchen.de\/olgas_welt\/blog\/wp-content\/uploads\/2014\/11\/IMG_0117-300x199.jpg 300w\" sizes=\"auto, (max-width: 520px) 100vw, 520px\" \/><\/a><\/p>\n<p>Naja und den Wein, welcher auf dem ersten Bild links steht, gab es\u00a0f\u00fcr mich dazu, zumal ich auch die Phrase &#8222;Betreuungsschl\u00fcssel&#8220; zusammen mit\u00a0zwei weiteren Personen aus dem rappelvollen Raum rechtzeitig erkannt habe\u00a0\u00a0\u00a0 \ud83d\ude42<\/p>\n<p>Am n\u00e4chsten Termin, dem 16. Dezember m\u00f6chte ich auf jeden Fall wieder mit dabei sein, denn das\u00a0ist eine Jubil\u00e4umslesung:\u00a0Phrase4 wird im letzten Monat des Jahres 2014\u00a0n\u00e4mlich schon 1 Jahr alt!<\/p>\n","protected":false},"excerpt":{"rendered":"<p>In den letzten Tagen und Wochen hatten Carsten und ich kaum etwas anderes im Kopf, als das Haus zur \u00dcbergabe und die Wohnung zum Einziehen vorzubereiten. Kartons, Kisten, Schrauben, Bohren, Einpacken, Auspacken und suchen, suchen, suchen &#8230; Am Dienstagabend\u00a0g\u00f6nnten wir uns allerdings eine kleine Pause davon. Es war\u00a0mal wieder\u00a0ein\u00a0dritter Dienstag im Monat und inzwischen habe [&hellip;]<\/p>\n","protected":false},"author":3,"featured_media":0,"comment_status":"open","ping_status":"closed","sticky":false,"template":"","format":"standard","meta":{"ngg_post_thumbnail":0,"footnotes":""},"categories":[4,7,8,1],"tags":[14,1014,1013,587,784,518,935,13,941,971],"class_list":["post-2685","post","type-post","status-publish","format-standard","hentry","category-freud-und-leid","category-freunde-und-co","category-hoeren-und-lesen","category-olca-und-stan","tag-carsten","tag-dank","tag-folografieren","tag-foto","tag-kultur","tag-lesung","tag-literatur","tag-olga","tag-phrase4","tag-umzug"],"_links":{"self":[{"href":"https:\/\/www.marvinchen.de\/olgas_welt\/blog\/wp-json\/wp\/v2\/posts\/2685","targetHints":{"allow":["GET"]}}],"collection":[{"href":"https:\/\/www.marvinchen.de\/olgas_welt\/blog\/wp-json\/wp\/v2\/posts"}],"about":[{"href":"https:\/\/www.marvinchen.de\/olgas_welt\/blog\/wp-json\/wp\/v2\/types\/post"}],"author":[{"embeddable":true,"href":"https:\/\/www.marvinchen.de\/olgas_welt\/blog\/wp-json\/wp\/v2\/users\/3"}],"replies":[{"embeddable":true,"href":"https:\/\/www.marvinchen.de\/olgas_welt\/blog\/wp-json\/wp\/v2\/comments?post=2685"}],"version-history":[{"count":0,"href":"https:\/\/www.marvinchen.de\/olgas_welt\/blog\/wp-json\/wp\/v2\/posts\/2685\/revisions"}],"wp:attachment":[{"href":"https:\/\/www.marvinchen.de\/olgas_welt\/blog\/wp-json\/wp\/v2\/media?parent=2685"}],"wp:term":[{"taxonomy":"category","embeddable":true,"href":"https:\/\/www.marvinchen.de\/olgas_welt\/blog\/wp-json\/wp\/v2\/categories?post=2685"},{"taxonomy":"post_tag","embeddable":true,"href":"https:\/\/www.marvinchen.de\/olgas_welt\/blog\/wp-json\/wp\/v2\/tags?post=2685"}],"curies":[{"name":"wp","href":"https:\/\/api.w.org\/{rel}","templated":true}]}}