{"id":2748,"date":"2014-12-27T20:44:31","date_gmt":"2014-12-27T19:44:31","guid":{"rendered":"http:\/\/www.marvinchen.de\/olgas_welt\/blog\/?p=2748"},"modified":"2014-12-27T20:48:33","modified_gmt":"2014-12-27T19:48:33","slug":"die-feiertage","status":"publish","type":"post","link":"https:\/\/www.marvinchen.de\/olgas_welt\/blog\/2014\/12\/die-feiertage\/","title":{"rendered":"Die Feiertage"},"content":{"rendered":"<p>Dem sehr erlebnis- und arbeitsreichen November folgte ein nicht minder ausgef\u00fcllter Dezember. Aber nun hatten wir den l\u00e4ngst erwarteten Endspurt erreicht und die Weihnachtstage waren endlich da. Zum Gl\u00fcck lief an denen wenigstens alles so, wie ich es mir gew\u00fcnscht habe: sie waren entspannt, lustig und wundervoll menschlich.<\/p>\n<p>Die Kinder\u00a0verbrachten bereits die Nacht vom 23. auf den 24.12. bei uns\u00a0und somit hatten wir einen ganzen Tag, um uns ruhig und ohne Hetze\u00a0auf das &#8222;abendliche Ritual&#8220; und die Bescherung einzustellen. Unser Tannenbaum war dieses Jahr mit Abstand der kleinste seit ich Weihnachten in Deutschland feiere, zum Gl\u00fcck war aber wenigstens die Gr\u00f6\u00dfe des Geschenkebergs so geblieben wie in den letzten Jahren &#8230; ich habe einfach alles einzeln eingepackt\u00a0\u00a0\u00a0 \ud83d\ude09<\/p>\n<p style=\"text-align: center\"><a href=\"https:\/\/www.marvinchen.de\/olgas_welt\/blog\/wp-content\/uploads\/2014\/12\/IMG_00301.jpg\"><img loading=\"lazy\" decoding=\"async\" class=\"aligncenter wp-image-2749\" src=\"https:\/\/www.marvinchen.de\/olgas_welt\/blog\/wp-content\/uploads\/2014\/12\/IMG_00301.jpg\" alt=\"IMG_0030\" width=\"560\" height=\"373\" srcset=\"https:\/\/www.marvinchen.de\/olgas_welt\/blog\/wp-content\/uploads\/2014\/12\/IMG_00301.jpg 800w, https:\/\/www.marvinchen.de\/olgas_welt\/blog\/wp-content\/uploads\/2014\/12\/IMG_00301-300x200.jpg 300w\" sizes=\"auto, (max-width: 560px) 100vw, 560px\" \/><\/a><\/p>\n<p>Zum Auspacken aller Sch\u00e4tze haben wir\u00a0erneut \u00fcber 2 Stunden gebraucht. Wie \u00fcblich, waren die meisten (sehr n\u00fctzlichen) Geschenke f\u00fcr unsere armen Studentinnen\u00a0\u00a0\u00a0 \ud83d\ude42<\/p>\n<p>Aber auch sie wussten, uns zu \u00fcberraschen, denn sie haben uns einen Gutschein f\u00fcr gemeinsame Zeit mit Brunchen, Spazierengehen und Quatschen geschenkt &#8211; ich freue mich schon jetzt auf diesen Tag! Und f\u00fcr mich hatten sie ein Gegenstand organisiert, mit welchem ich schon lange lieb\u00e4ugelte, aber doch noch nie gekauft habe: einen Dekanter. Nun kann sich auch in meinem Haushalt\u00a0ein Rotwein frei entfalten\u00a0\u00a0\u00a0 \ud83d\ude09<\/p>\n<p style=\"text-align: center\"><a href=\"https:\/\/www.marvinchen.de\/olgas_welt\/blog\/wp-content\/uploads\/2014\/12\/IMG_00741.jpg\"><img loading=\"lazy\" decoding=\"async\" class=\"aligncenter wp-image-2750\" src=\"https:\/\/www.marvinchen.de\/olgas_welt\/blog\/wp-content\/uploads\/2014\/12\/IMG_00741.jpg\" alt=\"IMG_0074\" width=\"420\" height=\"560\" srcset=\"https:\/\/www.marvinchen.de\/olgas_welt\/blog\/wp-content\/uploads\/2014\/12\/IMG_00741.jpg 600w, https:\/\/www.marvinchen.de\/olgas_welt\/blog\/wp-content\/uploads\/2014\/12\/IMG_00741-300x400.jpg 300w\" sizes=\"auto, (max-width: 420px) 100vw, 420px\" \/><\/a><\/p>\n<p>Carsten hat wieder einen technischen Beitrag f\u00fcr meine Fotoleidenschaft beigesteuert, somit bin ich nun eine uneigeschr\u00e4nkte Herrscherin \u00fcber Blitzakkus\u00a0\u00a0\u00a0 \ud83d\ude00<br \/>\nJetzt k\u00f6nnen sie mich beim Aufladen nicht mehr hinters Licht f\u00fchren und so tun als ob sie voll w\u00e4ren und dann vor Ort pl\u00f6tzlich schon nach ein paar Bildern schw\u00e4cheln.<\/p>\n<p style=\"text-align: center\"><a href=\"https:\/\/www.marvinchen.de\/olgas_welt\/blog\/wp-content\/uploads\/2014\/12\/IMG_0122.jpg\"><img loading=\"lazy\" decoding=\"async\" class=\"aligncenter wp-image-2751\" src=\"https:\/\/www.marvinchen.de\/olgas_welt\/blog\/wp-content\/uploads\/2014\/12\/IMG_0122.jpg\" alt=\"IMG_0122\" width=\"420\" height=\"560\" srcset=\"https:\/\/www.marvinchen.de\/olgas_welt\/blog\/wp-content\/uploads\/2014\/12\/IMG_0122.jpg 600w, https:\/\/www.marvinchen.de\/olgas_welt\/blog\/wp-content\/uploads\/2014\/12\/IMG_0122-300x400.jpg 300w\" sizes=\"auto, (max-width: 420px) 100vw, 420px\" \/><\/a><\/p>\n<p>Nach der Bescherung im Apartamento OLCA brachten wir die beiden M\u00e4dels zur zweiten Bescherungsrunde zu ihrem Papa und bei uns kehrte\u00a0vollst\u00e4ndige Ruhe ein.<\/p>\n<p>Den ersten Feiertag haben wir mit Lesen, Film gucken, Essen und Chillen verbracht &#8211; das war nach den turbulenten Umzugszeiten eine Wohltat vom Feinsten. Nur\u00a0zwei Besuche haben wir noch an diesem Tag gemacht: zwei Katzen bei Carstens Arbeitskollegen gef\u00fcttert (haben wir knapp eine Woche gemacht) und bei Anna vorbeigeschaut.<\/p>\n<p>F\u00fcr den 2. Feiertag waren wir schon seit Langem mit G\u00fcnter und Barbara zum Brunchen verabredet. Da wir uns dieses Jahr etwas zu sp\u00e4t um eine Brunchlokalit\u00e4t gek\u00fcmmert haben, landeten wir letzten Endes beim <a href=\"http:\/\/www.mythos-palace.de\/\" target=\"_blank\">Griechen<\/a>. Wir waren die ersten, welche\u00a0an den Tisch gewiesen\u00a0wurden und die letzten, welche aus dem Restaurant gegangen sind. Das Buffet war zwar gut, aber leider\u00a0beinhaltete\u00a0die Fr\u00fchst\u00fccksabteilung etwas zu wenig und vielleicht aufgrund der Feiertage auch nichts Spezielles, wie z.B. Br\u00f6tchen, Omlette, Crepes, Donuts oder Butter. Im Gro\u00dfen und Ganzen gab es eigentlich die gleichen Gerichte, welche man dort auch am Dresdenweit bekannten Abendbuffet dieser \u00d6rtlichkeit findet. Aber selbst wenn es unsere Erwartungen nicht ganz erf\u00fcllt hat, \u00a0lecker war&#8217;s\u00a0\u00a0\u00a0 \ud83d\ude09<\/p>\n<p>\u00dcberhaupt konnte ich gestern nicht irgendwie unzufrieden sein, denn bereits mein erster Blick aus dem Fenster nach dem Aufstehen\u00a0zauberte mir ein \u00fcbergl\u00fcckliches Kinderl\u00e4cheln ins Gesicht: es hat in der Nacht v\u00f6llig unerwartet geschneit und es schneite sogar immer noch weiter!<\/p>\n<p style=\"text-align: center\"><a href=\"https:\/\/www.marvinchen.de\/olgas_welt\/blog\/wp-content\/uploads\/2014\/12\/borsi.jpg\"><img loading=\"lazy\" decoding=\"async\" class=\"aligncenter wp-image-2752\" src=\"https:\/\/www.marvinchen.de\/olgas_welt\/blog\/wp-content\/uploads\/2014\/12\/borsi.jpg\" alt=\"borsi\" width=\"420\" height=\"560\" srcset=\"https:\/\/www.marvinchen.de\/olgas_welt\/blog\/wp-content\/uploads\/2014\/12\/borsi.jpg 600w, https:\/\/www.marvinchen.de\/olgas_welt\/blog\/wp-content\/uploads\/2014\/12\/borsi-300x400.jpg 300w\" sizes=\"auto, (max-width: 420px) 100vw, 420px\" \/><\/a><\/p>\n<p>Was lag es daher n\u00e4her, als nach dem Essen mit unseren Freunden noch eine Verdauungsrunde spazieren zu gehen. Und mir gingen dabei so viele verschiedene Schneesachen durch den Kopf: <a href=\"https:\/\/www.youtube.com\/watch?v=EU6L8nT_Pw4\" target=\"_blank\">Rolf Zuckowski<\/a> oder Dean Martin alternativ Michael Buble mit <a href=\"https:\/\/www.youtube.com\/watch?v=17731HiOiXg\" target=\"_blank\">Walking in a Winter Wonderland<\/a> &#8230; passte es doch alles perfekt auf diesen m\u00e4rchenhaften Tag:<\/p>\n<p style=\"text-align: center\"><a href=\"https:\/\/www.marvinchen.de\/olgas_welt\/blog\/wp-content\/uploads\/2014\/12\/spaziergang1.jpg\"><img loading=\"lazy\" decoding=\"async\" class=\"aligncenter wp-image-2753\" src=\"https:\/\/www.marvinchen.de\/olgas_welt\/blog\/wp-content\/uploads\/2014\/12\/spaziergang1.jpg\" alt=\"spaziergang1\" width=\"420\" height=\"560\" srcset=\"https:\/\/www.marvinchen.de\/olgas_welt\/blog\/wp-content\/uploads\/2014\/12\/spaziergang1.jpg 600w, https:\/\/www.marvinchen.de\/olgas_welt\/blog\/wp-content\/uploads\/2014\/12\/spaziergang1-300x400.jpg 300w\" sizes=\"auto, (max-width: 420px) 100vw, 420px\" \/><\/a><\/p>\n<p>Und oben auf der Tr\u00fcmmerhalde im Heller wurden wir sogar freudig von einem fr\u00f6hlichen Schneemann begr\u00fc\u00dft:<\/p>\n<p style=\"text-align: center\"><a href=\"https:\/\/www.marvinchen.de\/olgas_welt\/blog\/wp-content\/uploads\/2014\/12\/spaziergang2.jpg\"><img loading=\"lazy\" decoding=\"async\" class=\"aligncenter wp-image-2754\" src=\"https:\/\/www.marvinchen.de\/olgas_welt\/blog\/wp-content\/uploads\/2014\/12\/spaziergang2.jpg\" alt=\"spaziergang2\" width=\"420\" height=\"560\" srcset=\"https:\/\/www.marvinchen.de\/olgas_welt\/blog\/wp-content\/uploads\/2014\/12\/spaziergang2.jpg 600w, https:\/\/www.marvinchen.de\/olgas_welt\/blog\/wp-content\/uploads\/2014\/12\/spaziergang2-300x400.jpg 300w\" sizes=\"auto, (max-width: 420px) 100vw, 420px\" \/><\/a><\/p>\n<p>Das ist endlich mal Winter nach meinem Geschmack!<\/p>\n<p>Abends schauten Carsten und ich uns noch 2 DVDS an, welche uns bereits seit einigen Wochen von Lovefilm zugeschickt worden waren, wir aber nie Zeit und Mu\u00dfe fanden, uns diese auch anzuschauen. Insgesamt haben wir in dem letzten Tagen 4 Filme angesehen:<\/p>\n<p>&#8211; &#8222;<a href=\"https:\/\/www.youtube.com\/watch?v=4xD0junWlFc\" target=\"_blank\">Expendables 3<\/a>&#8220; aus eigenem Bestand. Action wie\u00a0sie im Buche steht\u00a0\u00a0\u00a0 \ud83d\ude09<\/p>\n<p>&#8211; &#8222;<a href=\"http:\/\/www.filmstarts.de\/kritiken\/221384.html\" target=\"_blank\">Eine Scheidung zum Verlieben<\/a>&#8220; von Lovefilm. F\u00e4llt wohl unter die Kategorie &#8222;romantische Kom\u00f6die&#8220;. Kann man sich ansehen, muss man aber nicht. Der Trailer war (leider) weitaus vielversprechender als der Film an\u00a0Ende wurde.<\/p>\n<p>&#8211; &#8222;<a href=\"https:\/\/www.youtube.com\/watch?v=D5OO1dVC7Bo\" target=\"_blank\">Nachtblende<\/a>&#8220;\u00a0 auch von Lovefilm. Dramatischer und spannender Trailer und ein etwas verworrener Film. Vor allen Dingen kann ich den Filmen mit einem zu offenen Ende nach wie vor nichts abgewinnen. Ich schlie\u00dfe die Sachen in meinem Kopf nun mal auch gerne ab.<\/p>\n<p>&#8211; &#8222;<a href=\"https:\/\/www.youtube.com\/watch?v=qFv5AT4XPPo\" target=\"_blank\">Lovesong f\u00fcr Bobby Long<\/a>&#8220; &#8211; unser dritter von Lovefilm. Ich fand ihn gut, Carsten etwas zu depressiv. Ich w\u00fcrde diesen auf jeden Fall an ein paar Leute weiter empfehlen. Wobei mich die Menge der gerauchten Zigaretten\u00a0bei diesem Streifen doch ganz sch\u00f6n st\u00f6rte\u00a0\u00a0\u00a0 \ud83d\ude09<\/p>\n<p>Au\u00dferdem haben wir uns nach sehr langer Abstinenz\u00a0wieder einmal mit dem deutschen Fernsehprogramm befasst &#8211; gruselig! Nur Wiederholungen (nicht mit Monaten dazwischen, sondern gerade mal 24 Stunden !) und f\u00fcr unseren Geschmack v\u00f6llig sinnfreien Unterhaltung. Da bleibe ich doch lieber bei dem kritischen Blick von <a href=\"http:\/\/www.fernsehkritik.tv\/\" target=\"_blank\">fernsehkritik.tv,<\/a> denn ich musste Holger Kreymeier fast bei jeder Sendereinsch\u00e4tzung zustimmen und es dauerte gar nicht lange,\u00a0bis wir seinem Rat &#8222;Schalten Sie mal wieder ab&#8220; folgten\u00a0\u00a0\u00a0 \ud83d\ude09<\/p>\n<p>Nun\u00a0geniessen wir noch das Wochenende, gehen danach 2\u00a0 Tage arbeiten und freuen uns daraufhin\u00a0auf\u00a0weiteren freie Tage\u00a0\u00a0\u00a0 \ud83d\ude42<\/p>\n","protected":false},"excerpt":{"rendered":"<p>Dem sehr erlebnis- und arbeitsreichen November folgte ein nicht minder ausgef\u00fcllter Dezember. Aber nun hatten wir den l\u00e4ngst erwarteten Endspurt erreicht und die Weihnachtstage waren endlich da. Zum Gl\u00fcck lief an denen wenigstens alles so, wie ich es mir gew\u00fcnscht habe: sie waren entspannt, lustig und wundervoll menschlich. Die Kinder\u00a0verbrachten bereits die Nacht vom 23. [&hellip;]<\/p>\n","protected":false},"author":3,"featured_media":0,"comment_status":"open","ping_status":"closed","sticky":false,"template":"","format":"standard","meta":{"ngg_post_thumbnail":0,"footnotes":""},"categories":[5,12,4,7,1],"tags":[16,56,208,14,412,797,65,52,627,237,137,207,138,317,1026,13,15,303],"class_list":["post-2748","post","type-post","status-publish","format-standard","hentry","category-essen-und-trinken","category-film-und-fernsehen","category-freud-und-leid","category-freunde-und-co","category-olca-und-stan","tag-andrea","tag-anna","tag-barbara","tag-carsten","tag-dvd","tag-famile","tag-fernsehen","tag-film","tag-freizeit","tag-freunde","tag-geschenke","tag-gunter","tag-heiligabend","tag-kinder","tag-lovefiilm","tag-olga","tag-stephanie","tag-weihnachten"],"_links":{"self":[{"href":"https:\/\/www.marvinchen.de\/olgas_welt\/blog\/wp-json\/wp\/v2\/posts\/2748","targetHints":{"allow":["GET"]}}],"collection":[{"href":"https:\/\/www.marvinchen.de\/olgas_welt\/blog\/wp-json\/wp\/v2\/posts"}],"about":[{"href":"https:\/\/www.marvinchen.de\/olgas_welt\/blog\/wp-json\/wp\/v2\/types\/post"}],"author":[{"embeddable":true,"href":"https:\/\/www.marvinchen.de\/olgas_welt\/blog\/wp-json\/wp\/v2\/users\/3"}],"replies":[{"embeddable":true,"href":"https:\/\/www.marvinchen.de\/olgas_welt\/blog\/wp-json\/wp\/v2\/comments?post=2748"}],"version-history":[{"count":0,"href":"https:\/\/www.marvinchen.de\/olgas_welt\/blog\/wp-json\/wp\/v2\/posts\/2748\/revisions"}],"wp:attachment":[{"href":"https:\/\/www.marvinchen.de\/olgas_welt\/blog\/wp-json\/wp\/v2\/media?parent=2748"}],"wp:term":[{"taxonomy":"category","embeddable":true,"href":"https:\/\/www.marvinchen.de\/olgas_welt\/blog\/wp-json\/wp\/v2\/categories?post=2748"},{"taxonomy":"post_tag","embeddable":true,"href":"https:\/\/www.marvinchen.de\/olgas_welt\/blog\/wp-json\/wp\/v2\/tags?post=2748"}],"curies":[{"name":"wp","href":"https:\/\/api.w.org\/{rel}","templated":true}]}}