{"id":2756,"date":"2014-12-29T19:05:15","date_gmt":"2014-12-29T18:05:15","guid":{"rendered":"http:\/\/www.marvinchen.de\/olgas_welt\/blog\/?p=2756"},"modified":"2014-12-29T19:05:15","modified_gmt":"2014-12-29T18:05:15","slug":"winterfreuden","status":"publish","type":"post","link":"https:\/\/www.marvinchen.de\/olgas_welt\/blog\/2014\/12\/winterfreuden\/","title":{"rendered":"Winterfreuden"},"content":{"rendered":"<p>In den letzten paar Tagen ist\u00a0mir richtig bewusst geworden, dass ich ein echtes Winterkind bin. Was will\u00a0 man ja auch sonst von einer Person erwarten, welche Ende November in den ukrainischen Weiten\u00a0geboren wurde\u00a0\u00a0\u00a0 \ud83d\ude09<\/p>\n<p>Auf jeden Fall geh\u00f6re ich hierzulande zu einer Minderheit, welche sich nun aufrichtig \u00fcber den reichlichen Schneefall freut\u00a0\u00a0\u00a0 \ud83d\ude42<br \/>\nDenn w\u00e4hrend die Leute sich \u00fcber das Schneechaos aufregen, versuche ich immerzu einen Blick aus dem B\u00fcrofenster zu erhaschten, um das m\u00e4rchenhafte Wei\u00df zu sehen. Sobald alles schneebedeckt ist, f\u00fchle ich mich wie in alten, guten Kindertagen &#8230;\u00a0mittendrin in einem Winterm\u00e4rchen. Die B\u00e4ume sehen so aus, als ob sie einer Strichzeichnung entwichen sind: nur schwarz und wei\u00df, nichts weiter, was das Auge\u00a0von Wichtigem ablenkt und alles um sie herum wirkt so neu und so frisch!<\/p>\n<p>Heute hat es in der Nacht noch mehr geschneit und da ich\u00a0fr\u00fch aufgestanden bin,\u00a0weil ich zur Arbeit nicht zu sp\u00e4t\u00a0aufbrechen\u00a0wollte, konnte ich aus dem Fenster eine beinah komplett unber\u00fchrte, weiche Schneedecke sehen. Mein Auto abzufegen ging ganz\u00a0 leicht, es war zum Gl\u00fcck nichts angefroren. Und dann genoss ich es mit einigen Gleichgesinnten (oder Leidensgenossen &#8211; je nachdem wie man das betrachtet)\u00a0in\u00a0einer Stadt ohne Hektik,\u00a0mit nur 30 km\/h zu fahren. Es gab zum Gl\u00fcck heute Morgen kaum ein Auto auf der Stra\u00dfe. Die Stra\u00dfen waren noch nicht ger\u00e4umt, und so glitzerte der Weg wei\u00df statt dem gew\u00f6hnlichen Schwarz vom Asphalt. Diese Ruhe beim Fahren, der\u00a0Schein des Schnees im Licht der Stra\u00dfenlaternen und den\u00a0Autolichtern\u00a0sowie mit bezaubernden Musik von<a href=\"http:\/\/www.ludovicoeinaudi.com\/\" target=\"_blank\"> Ludovico Einaudi<\/a> im Hintergrund &#8211; das war der perfekte \u00dcbergang von chilligen Feiertagen zum Einstieg in eine kurze Arbeitswoche\u00a0\u00a0\u00a0 \ud83d\ude42<\/p>\n<p>Als ich abends nach\u00a0Hause fuhr, war es \u00e4hnlich, aber nun waren die Stra\u00dfen ber\u00e4umt und von wesentlich mehr Autos befahren &#8211; der Zauber hat etwas an Ausstrahlung eingeb\u00fc\u00dft. Aber\u00a0dann sah ich Familien mit kichernden, gl\u00fccklichen Kindern, welche von ihren Eltern auf\u00a0Schlitten gezogen wurden und eine neue Seite vom\u00a0diesj\u00e4hrigen Winterm\u00e4rchen \u00f6ffnete sich wieder vor meinem Auge.\u00a0 Das Buch der Winterfreuden hat unglaublich viele sch\u00f6ne Seiten und ich hoffe, \u00a0auch ihr k\u00f6nnt diese geniessen!<\/p>\n<p style=\"text-align: center;\"><a href=\"https:\/\/www.marvinchen.de\/olgas_welt\/blog\/wp-content\/uploads\/2014\/12\/winterfreude-web.jpg\"><img loading=\"lazy\" decoding=\"async\" class=\"aligncenter wp-image-2757\" src=\"https:\/\/www.marvinchen.de\/olgas_welt\/blog\/wp-content\/uploads\/2014\/12\/winterfreude-web.jpg\" alt=\"winterfreude-web\" width=\"560\" height=\"420\" srcset=\"https:\/\/www.marvinchen.de\/olgas_welt\/blog\/wp-content\/uploads\/2014\/12\/winterfreude-web.jpg 800w, https:\/\/www.marvinchen.de\/olgas_welt\/blog\/wp-content\/uploads\/2014\/12\/winterfreude-web-300x225.jpg 300w\" sizes=\"auto, (max-width: 560px) 100vw, 560px\" \/><\/a><\/p>\n","protected":false},"excerpt":{"rendered":"<p>In den letzten paar Tagen ist\u00a0mir richtig bewusst geworden, dass ich ein echtes Winterkind bin. Was will\u00a0 man ja auch sonst von einer Person erwarten, welche Ende November in den ukrainischen Weiten\u00a0geboren wurde\u00a0\u00a0\u00a0 \ud83d\ude09 Auf jeden Fall geh\u00f6re ich hierzulande zu einer Minderheit, welche sich nun aufrichtig \u00fcber den reichlichen Schneefall freut\u00a0\u00a0\u00a0 \ud83d\ude42 Denn w\u00e4hrend [&hellip;]<\/p>\n","protected":false},"author":3,"featured_media":0,"comment_status":"open","ping_status":"closed","sticky":false,"template":"","format":"standard","meta":{"ngg_post_thumbnail":0,"footnotes":""},"categories":[6,3,4,8,1],"tags":[252,1027,791,644,13,26,312,1028],"class_list":["post-2756","post","type-post","status-publish","format-standard","hentry","category-ackern-und-werkeln","category-ausfluege-und-reisen","category-freud-und-leid","category-hoeren-und-lesen","category-olca-und-stan","tag-arbeit","tag-auot","tag-fahren","tag-musik","tag-olga","tag-schnee","tag-winter","tag-zauber"],"_links":{"self":[{"href":"https:\/\/www.marvinchen.de\/olgas_welt\/blog\/wp-json\/wp\/v2\/posts\/2756","targetHints":{"allow":["GET"]}}],"collection":[{"href":"https:\/\/www.marvinchen.de\/olgas_welt\/blog\/wp-json\/wp\/v2\/posts"}],"about":[{"href":"https:\/\/www.marvinchen.de\/olgas_welt\/blog\/wp-json\/wp\/v2\/types\/post"}],"author":[{"embeddable":true,"href":"https:\/\/www.marvinchen.de\/olgas_welt\/blog\/wp-json\/wp\/v2\/users\/3"}],"replies":[{"embeddable":true,"href":"https:\/\/www.marvinchen.de\/olgas_welt\/blog\/wp-json\/wp\/v2\/comments?post=2756"}],"version-history":[{"count":0,"href":"https:\/\/www.marvinchen.de\/olgas_welt\/blog\/wp-json\/wp\/v2\/posts\/2756\/revisions"}],"wp:attachment":[{"href":"https:\/\/www.marvinchen.de\/olgas_welt\/blog\/wp-json\/wp\/v2\/media?parent=2756"}],"wp:term":[{"taxonomy":"category","embeddable":true,"href":"https:\/\/www.marvinchen.de\/olgas_welt\/blog\/wp-json\/wp\/v2\/categories?post=2756"},{"taxonomy":"post_tag","embeddable":true,"href":"https:\/\/www.marvinchen.de\/olgas_welt\/blog\/wp-json\/wp\/v2\/tags?post=2756"}],"curies":[{"name":"wp","href":"https:\/\/api.w.org\/{rel}","templated":true}]}}