{"id":2785,"date":"2015-01-10T13:04:56","date_gmt":"2015-01-10T12:04:56","guid":{"rendered":"http:\/\/www.marvinchen.de\/olgas_welt\/blog\/?p=2785"},"modified":"2015-01-10T13:09:27","modified_gmt":"2015-01-10T12:09:27","slug":"fotojahresplan-2015","status":"publish","type":"post","link":"https:\/\/www.marvinchen.de\/olgas_welt\/blog\/2015\/01\/fotojahresplan-2015\/","title":{"rendered":"Fotojahresplan 2015"},"content":{"rendered":"<p>Neues Jahr, neue Ideen, neue Pl\u00e4ne\u00a0&#8211;\u00a0ich kann einfach nicht anders\u00a0\u00a0\u00a0 \ud83d\ude09<br \/>\nWenn ich auf den Kalender schaue, dann ist es jetzt wirklich\u00a0h\u00f6chste Zeit, mit meinem Fotojahresplan um die Ecke zu kommen. Denn\u00a0schlie\u00dflich warten die Januarbilder ja schon f\u00f6rmlich darauf, gemacht zu werden\u00a0\u00a0\u00a0 \ud83d\ude09<\/p>\n<p>Allerdings m\u00f6chte ich mir f\u00fcr dieses Jahr die Freiheit rausnehmen u. U. adhoc die Themen zu wechseln, denn diese Lehre habe ich aus dem Jahr 2014 f\u00fcr mich gezogen. Ein Beispiel: mitten im Umzug <a href=\"https:\/\/www.marvinchen.de\/olgas_welt\/blog\/2014\/11\/fotojahresplan-2014-rauch\/\" target=\"_blank\">Rauchbilder<\/a> zu machen, war logistisch und materiell eine echte Herausforderung\u00a0\u00a0\u00a0 \ud83d\ude00\u00a0\u00a0\u00a0 ohne die tatkr\u00e4ftige Hilfe\u00a0meines Schatzes w\u00e4re das Ergebnis am Ende wohl ziemlich kl\u00e4glich geworden\u00a0\u00a0\u00a0 \ud83d\ude09<\/p>\n<p>Ok, nun kommt meine Wunschbildliste f\u00fcr dieses Jahr<\/p>\n<ul>\n<li>Januar\u00a0&#8211; Stra\u00dfen der Stadt<\/li>\n<li>Februar &#8211; \u00d6ltropfen<\/li>\n<li>M\u00e4rz &#8211; T\u00e4nze und T\u00e4nzer<\/li>\n<li>April &#8211; Kontraste<\/li>\n<li>Mai &#8211; Skulpturen in meiner N\u00e4he<\/li>\n<li>Juni &#8211; B\u00e4ume<\/li>\n<li>Juli &#8211; Friedhofsimpressionen<\/li>\n<li>August &#8211; Hundeleben<\/li>\n<li>September &#8211; Spiegelungen<\/li>\n<li>Oktober &#8211; Naturpfade<\/li>\n<li>November &#8211; Fensterleben &amp; -l\u00e4den<\/li>\n<li>Dezember &#8211; Scheibchenweise<\/li>\n<\/ul>\n<p>F\u00fcr einige Themen erhoffe ich mir, dass mir Freunde und Bekannte ein wenig\u00a0Unterst\u00fctzung geben werden. Gerade f\u00fcr mein Augustthema w\u00e4re es toll, wenn Leon, Rumo, Gomezz und vielleicht auch\u00a0Frieda samt ihren Frauchen ein wenig Zeit f\u00fcr mich h\u00e4tten\u00a0\u00a0\u00a0 \ud83d\ude09<br \/>\nAuch bei den Spiegelungen w\u00e4re es\u00a0fantastisch, \u00a0die eine oder andere Person als Model vor die Linse zu bekommen\u00a0\u00a0\u00a0 \ud83d\ude09<\/p>\n<p>Aber unabh\u00e4ngig davon bin ich wie im letzten Jahr gern bereit, Portr\u00e4ts von Erwachsenen und Kindern, Aktbilder von Frauen im jeden Alter,\u00a0 Veranstaltungsaufnahmen und Hochzeitsfotos zu machen. Ich verspreche sie auch weiterhin nicht ins Netz zu stellen, wenn das auf pers\u00f6nlichem Wunsch privat bleiben soll\u00a0\u00a0\u00a0 \ud83d\ude42<\/p>\n<p style=\"text-align: center;\"><a href=\"https:\/\/www.marvinchen.de\/olgas_welt\/blog\/wp-content\/uploads\/2015\/01\/WPM5187.jpg\"><img loading=\"lazy\" decoding=\"async\" class=\"aligncenter wp-image-2786\" src=\"https:\/\/www.marvinchen.de\/olgas_welt\/blog\/wp-content\/uploads\/2015\/01\/WPM5187.jpg\" alt=\"WPM$5187\" width=\"420\" height=\"560\" srcset=\"https:\/\/www.marvinchen.de\/olgas_welt\/blog\/wp-content\/uploads\/2015\/01\/WPM5187.jpg 768w, https:\/\/www.marvinchen.de\/olgas_welt\/blog\/wp-content\/uploads\/2015\/01\/WPM5187-300x400.jpg 300w, https:\/\/www.marvinchen.de\/olgas_welt\/blog\/wp-content\/uploads\/2015\/01\/WPM5187-600x800.jpg 600w\" sizes=\"auto, (max-width: 420px) 100vw, 420px\" \/><\/a><\/p>\n<p>P.S.: Ein herzliches Dankesch\u00f6n\u00a0an Ines f\u00fcr dieses bezaubernde Fotoschaaf!<\/p>\n","protected":false},"excerpt":{"rendered":"<p>Neues Jahr, neue Ideen, neue Pl\u00e4ne\u00a0&#8211;\u00a0ich kann einfach nicht anders\u00a0\u00a0\u00a0 \ud83d\ude09 Wenn ich auf den Kalender schaue, dann ist es jetzt wirklich\u00a0h\u00f6chste Zeit, mit meinem Fotojahresplan um die Ecke zu kommen. Denn\u00a0schlie\u00dflich warten die Januarbilder ja schon f\u00f6rmlich darauf, gemacht zu werden\u00a0\u00a0\u00a0 \ud83d\ude09 Allerdings m\u00f6chte ich mir f\u00fcr dieses Jahr die Freiheit rausnehmen u. U. [&hellip;]<\/p>\n","protected":false},"author":3,"featured_media":0,"comment_status":"open","ping_status":"closed","sticky":false,"template":"","format":"standard","meta":{"ngg_post_thumbnail":0,"footnotes":""},"categories":[822,4,7,1],"tags":[1033,84,14,587,716,847,853,13],"class_list":["post-2785","post","type-post","status-publish","format-standard","hentry","category-fotografie-und-photoshop","category-freud-und-leid","category-freunde-und-co","category-olca-und-stan","tag-1033","tag-bilder","tag-carsten","tag-foto","tag-fotografieren","tag-fotojahresplan","tag-ines","tag-olga"],"_links":{"self":[{"href":"https:\/\/www.marvinchen.de\/olgas_welt\/blog\/wp-json\/wp\/v2\/posts\/2785","targetHints":{"allow":["GET"]}}],"collection":[{"href":"https:\/\/www.marvinchen.de\/olgas_welt\/blog\/wp-json\/wp\/v2\/posts"}],"about":[{"href":"https:\/\/www.marvinchen.de\/olgas_welt\/blog\/wp-json\/wp\/v2\/types\/post"}],"author":[{"embeddable":true,"href":"https:\/\/www.marvinchen.de\/olgas_welt\/blog\/wp-json\/wp\/v2\/users\/3"}],"replies":[{"embeddable":true,"href":"https:\/\/www.marvinchen.de\/olgas_welt\/blog\/wp-json\/wp\/v2\/comments?post=2785"}],"version-history":[{"count":0,"href":"https:\/\/www.marvinchen.de\/olgas_welt\/blog\/wp-json\/wp\/v2\/posts\/2785\/revisions"}],"wp:attachment":[{"href":"https:\/\/www.marvinchen.de\/olgas_welt\/blog\/wp-json\/wp\/v2\/media?parent=2785"}],"wp:term":[{"taxonomy":"category","embeddable":true,"href":"https:\/\/www.marvinchen.de\/olgas_welt\/blog\/wp-json\/wp\/v2\/categories?post=2785"},{"taxonomy":"post_tag","embeddable":true,"href":"https:\/\/www.marvinchen.de\/olgas_welt\/blog\/wp-json\/wp\/v2\/tags?post=2785"}],"curies":[{"name":"wp","href":"https:\/\/api.w.org\/{rel}","templated":true}]}}