{"id":282,"date":"2010-03-21T21:47:23","date_gmt":"2010-03-21T20:47:23","guid":{"rendered":"http:\/\/www.marvinchen.de\/olgas_welt\/blog\/?p=282"},"modified":"2010-03-21T22:09:47","modified_gmt":"2010-03-21T21:09:47","slug":"bucher-bucher-bucher","status":"publish","type":"post","link":"https:\/\/www.marvinchen.de\/olgas_welt\/blog\/2010\/03\/bucher-bucher-bucher\/","title":{"rendered":"B\u00fccher, B\u00fccher, B\u00fccher&#8230;"},"content":{"rendered":"<p>Wenn man zu einer Buchmesse nach Leipzig f\u00e4hrt, dann will man die neuesten Erscheinungen sehen und vielleicht auch kaufen oder sich einfach von der Vielfalt des gedruckten Wortes beeindrucken lassen. Andrea und ich wollten uns das ganze Geschehen um die Ausstellung pers\u00f6nlich ansehen und fuhren deswegen am Samstag dorthin. Ich empfand die Messe kleiner als vor ein paar Jahren, als wir zum letzten Mal dort waren. Die Anzahl der russischsprachigen Verlage schrumpfte auf einen, staatlich gef\u00f6rderten Aussteller.\u00a0Die St\u00e4nde der Kunsthochschulen fehlten g\u00e4nzlich, was ich pers\u00f6nlich sehr schade fand, denn dort sp\u00fcrte man f\u00f6rmlich die Kreativit\u00e4t. Dennoch haben wir\u00a0fast 5 Stunden in den 4 Messehallen mit viel Neugier und gro\u00dfem Vergn\u00fcgen\u00a0verbracht. Andrea hat sogar ein Buch f\u00fcr sich kaufen k\u00f6nnen, das neuste\u00a0aus der ber\u00fchmten Reihe\u00a0&#8222;Gregs Tageb\u00fccher&#8220;,\u00a0diesmal sogar in der Originalsprache.\u00a0<\/p>\n<p>Die Messe ist au\u00dferdem ein Muss f\u00fcr alle Comic- und Mangafans, welche sich in schillerndsten und zum Teil aus meiner\u00a0Sicht\u00a0recht gewagten Outfits, dort getroffen haben, wie auch in den Jahren davor. Ich habe mir erlaubt, ein paar Aufnahmen zu machen und diese bei <a href=\"http:\/\/picasaweb.google.de\/nimkenjaKH\/ImpressionenVonDerLeipzigerBuchmesse#\" target=\"blank\">Picasa<\/a> reinzustellen. Falls sich jemand dort erkennt und nicht m\u00f6chte, dass das Bild ver\u00f6ffentlicht wird, bitte nicht\u00a0gleich zum Anwalt rennen oder abmahnen, sondern mich anschreiben, ich nehme\u00a0es nat\u00fcrlich sofort weg!<\/p>\n<p>Irgendwann schrieen unsere F\u00fc\u00dfe nach Ruhe und Erholung und wir fuhren zur\u00fcck\u00a0nach Hause. Den Abend verbrachten wir im Fernsehraum und schauten uns die Fahrk\u00fcnste vom &#8222;Transporter&#8220; alias Jason Statham an. Ich wei\u00df nicht, ob das angesichtes der angefangenen Fahrschulstunden von unserer Gro\u00dfen so schlau war, aber das wird sich ja nach der praktischen Pr\u00fcfung im Stra\u00dfenverkehr irgendwann mal zeigen\u00a0\u00a0\u00a0 \ud83d\ude00<\/p>\n<p>Heute war der H\u00f6hepunkt des Tages definitiv unser Besuch: Kerstin und Elli sowie ihr Kuchen\u00a0\u00a0\u00a0 \ud83d\ude09<\/p>\n<p>Die Teenager haben wir aus der K\u00fcche verbannt und bastelten\u00a0in unserer \u00dc30er Runde\u00a0jede Menge Pelmeni, welche wir nach dieser Kochorgie gemeinsam mit gro\u00dfem Appetit, saurer Sahne und Eiersalat vernichteten. Eiersalat geh\u00f6rt zwar nicht zu der traditionellen Beilage f\u00fcr Pelmeni, aber er schmeckte dazu so fantastisch, dass ich nun ernsthaft nachdenke, so eine Tradition in Casa OLCA einzuf\u00fchren\u00a0\u00a0 \ud83d\ude42<\/p>\n","protected":false},"excerpt":{"rendered":"<p>Wenn man zu einer Buchmesse nach Leipzig f\u00e4hrt, dann will man die neuesten Erscheinungen sehen und vielleicht auch kaufen oder sich einfach von der Vielfalt des gedruckten Wortes beeindrucken lassen. Andrea und ich wollten uns das ganze Geschehen um die Ausstellung pers\u00f6nlich ansehen und fuhren deswegen am Samstag dorthin. Ich empfand die Messe kleiner als [&hellip;]<\/p>\n","protected":false},"author":3,"featured_media":0,"comment_status":"open","ping_status":"closed","sticky":false,"template":"","format":"standard","meta":{"ngg_post_thumbnail":0,"footnotes":""},"categories":[3,5,12,7,8,1],"tags":[16,84,516,52,206,13,355,517],"class_list":["post-282","post","type-post","status-publish","format-standard","hentry","category-ausfluege-und-reisen","category-essen-und-trinken","category-film-und-fernsehen","category-freunde-und-co","category-hoeren-und-lesen","category-olca-und-stan","tag-andrea","tag-bilder","tag-buchmesse","tag-film","tag-kerstin","tag-olga","tag-pelmeni","tag-transporter"],"_links":{"self":[{"href":"https:\/\/www.marvinchen.de\/olgas_welt\/blog\/wp-json\/wp\/v2\/posts\/282","targetHints":{"allow":["GET"]}}],"collection":[{"href":"https:\/\/www.marvinchen.de\/olgas_welt\/blog\/wp-json\/wp\/v2\/posts"}],"about":[{"href":"https:\/\/www.marvinchen.de\/olgas_welt\/blog\/wp-json\/wp\/v2\/types\/post"}],"author":[{"embeddable":true,"href":"https:\/\/www.marvinchen.de\/olgas_welt\/blog\/wp-json\/wp\/v2\/users\/3"}],"replies":[{"embeddable":true,"href":"https:\/\/www.marvinchen.de\/olgas_welt\/blog\/wp-json\/wp\/v2\/comments?post=282"}],"version-history":[{"count":0,"href":"https:\/\/www.marvinchen.de\/olgas_welt\/blog\/wp-json\/wp\/v2\/posts\/282\/revisions"}],"wp:attachment":[{"href":"https:\/\/www.marvinchen.de\/olgas_welt\/blog\/wp-json\/wp\/v2\/media?parent=282"}],"wp:term":[{"taxonomy":"category","embeddable":true,"href":"https:\/\/www.marvinchen.de\/olgas_welt\/blog\/wp-json\/wp\/v2\/categories?post=282"},{"taxonomy":"post_tag","embeddable":true,"href":"https:\/\/www.marvinchen.de\/olgas_welt\/blog\/wp-json\/wp\/v2\/tags?post=282"}],"curies":[{"name":"wp","href":"https:\/\/api.w.org\/{rel}","templated":true}]}}